{"id":142050,"date":"2026-01-14T11:52:09","date_gmt":"2026-01-14T11:52:09","guid":{"rendered":"https:\/\/www.europesays.com\/fi\/142050\/"},"modified":"2026-01-14T11:52:09","modified_gmt":"2026-01-14T11:52:09","slug":"venaja-varoittaa-trumpia-tuhoisat-seuraukset","status":"publish","type":"post","link":"https:\/\/www.europesays.com\/fi\/142050\/","title":{"rendered":"Ven\u00e4j\u00e4 varoittaa Trumpia \u2013 \u201dTuhoisat seuraukset\u201d"},"content":{"rendered":"<p>Ven\u00e4j\u00e4 v\u00e4itt\u00e4\u00e4, ett\u00e4 Iranin levottomuudet on masinoitu ulkoap\u00e4in.<\/p>\n<p><img decoding=\"async\" class=\"image image-show image-preview\" src=\"https:\/\/www.europesays.com\/fi\/wp-content\/uploads\/2025\/10\/e0ae83bfcc15216625b598b4ed8340520ba30795b1014080360e3111546d70b0.jpg\" alt=\"\"\/><img decoding=\"async\" class=\"image image-show\" src=\"https:\/\/www.europesays.com\/fi\/wp-content\/uploads\/2025\/10\/1760559967_523_e0ae83bfcc15216625b598b4ed8340520ba30795b1014080360e3111546d70b0.jpg\" alt=\"\"\/><\/p>\n<p>Ven\u00e4j\u00e4n ulkoministeri\u00f6n tiedottaja Marija Zaharova. Maksim Konstantinov\/SOPA Images\/Shutterstock, AOP<\/p>\n<p class=\"paragraph\">Yhdysvaltain presidentti <a href=\"https:\/\/www.iltalehti.fi\/henkilot\/Donald Trump\" class=\"article-link-person-page\" rel=\"nofollow noopener\" target=\"_blank\">Donald Trump<\/a> pohtii mahdollista v\u00e4liintuloa Iranin tilanteeseen.<\/p>\n<p class=\"paragraph\">Trump on uhannut Irania \u201deritt\u00e4in kovilla toimilla\u201d, jos Iran alkaa hirtt\u00e4\u00e4 vangitsemiaan mielenosoittajia.<\/p>\n<p class=\"paragraph\">Ven\u00e4j\u00e4n liittolaismaassa Iranissa joulukuun lopulla alkaneet mielenosoitukset ovat kiihtyneet. Maata ravisteleva pappisvaltaa vastustava protestiaalto on suurin, mit\u00e4 Iranissa on n\u00e4hty sitten vuoden 2022.<\/p>\n<p class=\"paragraph\"><a href=\"https:\/\/www.cbsnews.com\/news\/iran-protest-death-toll-over-12000-feared-higher-video-bodies-at-morgue\/\" target=\"_blank\" rel=\"noopener nofollow\">Uhrilukuarviot<\/a> vaihtelevat muutamista tuhansista aina kymmeniin tuhansiin.<\/p>\n<p class=\"paragraph\">Ven\u00e4j\u00e4n ulkoministeri\u00f6n tiedottaja <a href=\"https:\/\/www.iltalehti.fi\/henkilot\/Marija Zaharova\" class=\"article-link-person-page\" rel=\"nofollow noopener\" target=\"_blank\">Marija Zaharova<\/a> tuomitsee jyrk\u00e4sti \u201dulkoisen puuttumisen Iranin sis\u00e4poliittisiin prosesseihin\u201d ja v\u00e4itt\u00e4\u00e4 levottomuuksien olevan ulkoap\u00e4in masinoituja.<\/p>\n<p class=\"paragraph\">Zaharovan mukaan Yhdysvaltain uhkaukset uusista sotilaallisista iskuista Iranin alueelle ovat mahdottomia hyv\u00e4ksy\u00e4.<\/p>\n<p class=\"paragraph\">\u2013 Ne, jotka aikovat k\u00e4ytt\u00e4\u00e4 ulkoap\u00e4in inspiroituja levottomuuksia tekosyyn\u00e4 toistamaan kes\u00e4kuussa 2025 Irania vastaan tehdyn hy\u00f6kk\u00e4yksen, t\u00e4ytyy olla tietoisia t\u00e4llaisten toimien tuhoisista seurauksista Keski- ja L\u00e4hi-id\u00e4n tilanteelle sek\u00e4 globaalille kansainv\u00e4liselle turvallisuudelle.<\/p>\n<p class=\"paragraph\">Zaharova viittasi Yhdysvaltojen viime kes\u00e4n\u00e4 tekemiin iskuihin Iranin ydinlaitoksia kohtaan ja kommentoi Trumpin ehdotusta 25 prosentin rangaistustulleista maille, jotka k\u00e4yv\u00e4t kauppaa Iranin kanssa.<\/p>\n<p class=\"paragraph\">\u2013 Hylk\u00e4\u00e4mme jyrk\u00e4sti my\u00f6s ep\u00e4kohteliaat yritykset kirist\u00e4\u00e4 Iranin ulkomaisia kumppaneita korottamalla kauppatulleja.<\/p>\n","protected":false},"excerpt":{"rendered":"Ven\u00e4j\u00e4 v\u00e4itt\u00e4\u00e4, ett\u00e4 Iranin levottomuudet on masinoitu ulkoap\u00e4in. Ven\u00e4j\u00e4n ulkoministeri\u00f6n tiedottaja Marija Zaharova. Maksim Konstantinov\/SOPA Images\/Shutterstock, AOP Yhdysvaltain&hellip;\n","protected":false},"author":2,"featured_media":63154,"comment_status":"","ping_status":"","sticky":false,"template":"","format":"standard","meta":{"footnotes":""},"categories":[5],"tags":[35,22,23,26,27,33,31,30,17,24,25,28,29,15,18,21,142,637,144,32,19,20,16,638,143],"class_list":{"0":"post-142050","1":"post","2":"type-post","3":"status-publish","4":"format-standard","5":"has-post-thumbnail","7":"category-otsikot","8":"tag-24h","9":"tag-breaking-news","10":"tag-breakingnews","11":"tag-featured-news","12":"tag-featurednews","13":"tag-fi","14":"tag-finland","15":"tag-finnish","16":"tag-headlines","17":"tag-latest-news","18":"tag-latestnews","19":"tag-main-news","20":"tag-mainnews","21":"tag-news","22":"tag-otsikot","23":"tag-paauutiset","24":"tag-poliitikot","25":"tag-politiikka","26":"tag-presidentti","27":"tag-suomi","28":"tag-top-stories","29":"tag-topstories","30":"tag-uutiset","31":"tag-valtiovalta","32":"tag-yhdysvaltain-politiikka"},"share_on_mastodon":{"url":"https:\/\/pubeurope.com\/@fi\/115893314706869464","error":""},"_links":{"self":[{"href":"https:\/\/www.europesays.com\/fi\/wp-json\/wp\/v2\/posts\/142050","targetHints":{"allow":["GET"]}}],"collection":[{"href":"https:\/\/www.europesays.com\/fi\/wp-json\/wp\/v2\/posts"}],"about":[{"href":"https:\/\/www.europesays.com\/fi\/wp-json\/wp\/v2\/types\/post"}],"author":[{"embeddable":true,"href":"https:\/\/www.europesays.com\/fi\/wp-json\/wp\/v2\/users\/2"}],"replies":[{"embeddable":true,"href":"https:\/\/www.europesays.com\/fi\/wp-json\/wp\/v2\/comments?post=142050"}],"version-history":[{"count":0,"href":"https:\/\/www.europesays.com\/fi\/wp-json\/wp\/v2\/posts\/142050\/revisions"}],"wp:featuredmedia":[{"embeddable":true,"href":"https:\/\/www.europesays.com\/fi\/wp-json\/wp\/v2\/media\/63154"}],"wp:attachment":[{"href":"https:\/\/www.europesays.com\/fi\/wp-json\/wp\/v2\/media?parent=142050"}],"wp:term":[{"taxonomy":"category","embeddable":true,"href":"https:\/\/www.europesays.com\/fi\/wp-json\/wp\/v2\/categories?post=142050"},{"taxonomy":"post_tag","embeddable":true,"href":"https:\/\/www.europesays.com\/fi\/wp-json\/wp\/v2\/tags?post=142050"}],"curies":[{"name":"wp","href":"https:\/\/api.w.org\/{rel}","templated":true}]}}