{"id":142051,"date":"2026-01-14T12:04:09","date_gmt":"2026-01-14T12:04:09","guid":{"rendered":"https:\/\/www.europesays.com\/fi\/142051\/"},"modified":"2026-01-14T12:04:09","modified_gmt":"2026-01-14T12:04:09","slug":"miss-suomi-sarah-dzafce-menetti-kruununsa-nain-hanella-menee-nyt","status":"publish","type":"post","link":"https:\/\/www.europesays.com\/fi\/142051\/","title":{"rendered":"Miss Suomi Sarah Dzafce menetti kruununsa \u2013 N\u00e4in h\u00e4nell\u00e4 menee nyt"},"content":{"rendered":"<p>Sarah Dzafce on p\u00e4\u00e4tt\u00e4nyt keskitty\u00e4 omaan hyvinvointiinsa.<\/p>\n<p class=\"paragraph\">Entinen Miss Suomi <strong>Sarah Dzafce<\/strong> ei ole j\u00e4\u00e4nyt tuleen makaamaan, vaikka h\u00e4n menetti missikruununsa <a href=\"https:\/\/www.iltalehti.fi\/viihdeuutiset\/58b53032-5e11-4719-8668-947a57758967\" rel=\"nofollow noopener\" target=\"_blank\">rasismikohun<\/a> my\u00f6t\u00e4 joulukuun alussa. Kohulla ei ole ollut vaikutusta missin henkiseen hyvinvointiin.<\/p>\n<p class=\"paragraph\">\u2013 Olen nukkunut y\u00f6ni aina hyvin, minulla on hyv\u00e4t unenlahjat, Dzafce tuumaa.<\/p>\n<p class=\"paragraph\">\u2013 Minulla on ollut optimistinen ajattelutapa. Mietin koko ajan, mit\u00e4 kaikkea kivaa keksin ja tulen viel\u00e4 tekem\u00e4\u00e4n.<\/p>\n<p><img decoding=\"async\" class=\"image image-show image-preview\" src=\"https:\/\/www.europesays.com\/fi\/wp-content\/uploads\/2025\/12\/836a3ac82fdc3a804824fac7225165604e5a5f535a0221ad11d3f0004e7c391d.jpg\" alt=\"\"\/><img decoding=\"async\" class=\"image image-show\" src=\"https:\/\/www.europesays.com\/fi\/wp-content\/uploads\/2025\/12\/1766763489_754_836a3ac82fdc3a804824fac7225165604e5a5f535a0221ad11d3f0004e7c391d.jpg\" alt=\"\"\/><\/p>\n<p>Sarah Dzafce ei ole j\u00e4\u00e4nyt harmittelemaan kohua, jonka vuoksi menetti kruununsa. Roosa Br\u00f6ijer<\/p>\n<p class=\"paragraph\">V\u00e4lit Miss Suomi -organisaatioon eiv\u00e4t ole missin puheiden perusteella kovinkaan l\u00e4heiset.<\/p>\n<p class=\"paragraph\">\u2013 En ole ollut sen kummemmin yhteydess\u00e4 joulukuun puoliv\u00e4lin j\u00e4lkeen.<\/p>\n<p class=\"paragraph\"><strong>Miten kuvailisit v\u00e4lej\u00e4nne?<\/strong><\/p>\n<p class=\"paragraph\">\u2013 Meill\u00e4 on joskus ollut v\u00e4lit, mutta ei ole sen kummemmin en\u00e4\u00e4, missi vastaa.<\/p>\n<p class=\"paragraph\">Dzafce kertoi joulukuussa <a href=\"https:\/\/www.iltalehti.fi\/viihdeuutiset\/724d84ab-ac1c-4b07-802b-1c59e6d3db53\" rel=\"nofollow noopener\" target=\"_blank\">Ukkola-ohjelmassa<\/a> pohtivansa oikeustoimia Miss Suomi -organisaatiota vastaan. P\u00e4\u00e4t\u00f6st\u00e4 jatkotoimenpiteist\u00e4 missi ei ole viel\u00e4k\u00e4\u00e4n tehnyt.<\/p>\n<p class=\"paragraph\">\u2013 En osaa viel\u00e4 sanoa.<\/p>\n<p class=\"paragraph\">Ex-missi yll\u00e4tti hiljattain uudella <a href=\"https:\/\/www.iltalehti.fi\/kamppailulajit\/620a5166-5a4b-4621-b01b-d6fe26e126f6\" rel=\"nofollow noopener\" target=\"_blank\">ty\u00f6teht\u00e4v\u00e4ll\u00e4\u00e4n<\/a>. H\u00e4n toimi Ice Cage -tapahtuman p\u00e4\u00e4haastattelijana joulukuun loppupuolella. Missin mukaan yhteisty\u00f6 jatkuu tulevaisuudessakin.<\/p>\n<p class=\"paragraph\">\u2013 Haastatteleminen on ollut todella kivaa, koska tykk\u00e4\u00e4n jutella ihmisten kanssa ja tavata uusia ihmisi\u00e4. Se on tuntunut todella luontevalta ty\u00f6lt\u00e4 minulle.<\/p>\n<p>Sarah Dzafce menetti kruununsa joulukuussa. Maarit Pohjanpalo<\/p>\n<p class=\"paragraph\">Dzafce katsoo luottavaisin mielin tulevaisuuteen. H\u00e4n uskoo, ettei rasismikohu sulje h\u00e4nelt\u00e4 ovia.<\/p>\n<p class=\"paragraph\">\u2013 Kun k\u00e4\u00e4nn\u00e4n omaksi edukseni kohun my\u00f6t\u00e4 saamani julkisuuden ja huomion, se on vain hyv\u00e4 asia uran kannalta.<\/p>\n<p class=\"paragraph\">Missi on p\u00e4\u00e4tt\u00e4nyt keskitty\u00e4 my\u00f6s omaan hyvinvointiinsa n\u00e4in alkuvuodesta. H\u00e4n on alkanut harrastaa pilatesta.<\/p>\n<p class=\"paragraph\">\u2013 Olen aikaisemminkin harrastanut pilatesta, mutta nyt l\u00f6ysin sen uudestaan.<\/p>\n<p>Kansainv\u00e4linen kohu<\/p>\n<p class=\"paragraph\">Joulukuussa suomalaismissi joutui kansainv\u00e4lisen kohun keskelle, kun h\u00e4nest\u00e4 levisi <a href=\"https:\/\/www.iltalehti.fi\/viihdeuutiset\/58b53032-5e11-4719-8668-947a57758967\" rel=\"nofollow noopener\" target=\"_blank\">kyseenalainen kuva<\/a> julkisuudessa.<\/p>\n<p class=\"paragraph\">Kuvassa Dzafce venytti sormillaan silm\u00e4ns\u00e4 vinoon. Kuvaan oli kirjoitettu teksti \u201dkiinalaisen kanssa sy\u00f6m\u00e4ss\u00e4\u201d. Joidenkin mielest\u00e4 kuva oli rasistinen ja missi pyysi anteeksi.<\/p>\n<p class=\"paragraph\">Toinen kohu syntyi, kun Dzafce julkaisi Tiktok-videon k\u00e4rkk\u00e4\u00e4n tekstin kera.<\/p>\n<p class=\"paragraph\">\u2013 Jengi heittaa meanwhile m\u00e4 Finnairin business luokas, videon tekstiss\u00e4 luki.<\/p>\n<p class=\"paragraph\">Lopulta missiorganisaatio p\u00e4\u00e4tti, ett\u00e4 Dzafce ei saanut jatkaa teht\u00e4v\u00e4ss\u00e4\u00e4n.<\/p>\n<p class=\"paragraph\">\u2013 T\u00e4m\u00e4 ei ole kansainv\u00e4linen kohu, t\u00e4m\u00e4 on kansainv\u00e4linen kriisi. Miss Suomi edustaa koko Suomea ja h\u00e4n edustaa sit\u00e4 koko maailmalla. En pysty edes laskemaan kuinka moniin viesteihin olen vastannut. Olen vastannut jokaiseen, mihin olen pystynyt ja kertonut, ett\u00e4 otamme t\u00e4m\u00e4n vakavasti, missipomo <a href=\"https:\/\/www.iltalehti.fi\/henkilot\/Sunneva Sj\u00f6gren\" class=\"article-link-person-page\" rel=\"nofollow noopener\" target=\"_blank\">Sunneva Sj\u00f6gren<\/a> kommentoi <a href=\"https:\/\/www.iltalehti.fi\/viihdeuutiset\/74544663-917d-4925-9571-6b3ed83caaf9\" rel=\"nofollow noopener\" target=\"_blank\">Iltalehdelle<\/a>.<\/p>\n","protected":false},"excerpt":{"rendered":"Sarah Dzafce on p\u00e4\u00e4tt\u00e4nyt keskitty\u00e4 omaan hyvinvointiinsa. Entinen Miss Suomi Sarah Dzafce ei ole j\u00e4\u00e4nyt tuleen makaamaan, vaikka&hellip;\n","protected":false},"author":2,"featured_media":126376,"comment_status":"","ping_status":"","sticky":false,"template":"","format":"standard","meta":{"footnotes":""},"categories":[136],"tags":[35,407,2110,137,33,31,30,876,408,32,860,862,3512,109],"class_list":{"0":"post-142051","1":"post","2":"type-post","3":"status-publish","4":"format-standard","5":"has-post-thumbnail","7":"category-julkkikset","8":"tag-24h","9":"tag-celebrities","10":"tag-elamantapa-ja-vapaa-aika","11":"tag-entertainment","12":"tag-fi","13":"tag-finland","14":"tag-finnish","15":"tag-fyysinen-kauneus","16":"tag-julkkikset","17":"tag-suomi","18":"tag-tyoelama","19":"tag-tyollisyys","20":"tag-tyontekijat","21":"tag-viihde"},"share_on_mastodon":{"url":"https:\/\/pubeurope.com\/@fi\/115893362018986644","error":""},"_links":{"self":[{"href":"https:\/\/www.europesays.com\/fi\/wp-json\/wp\/v2\/posts\/142051","targetHints":{"allow":["GET"]}}],"collection":[{"href":"https:\/\/www.europesays.com\/fi\/wp-json\/wp\/v2\/posts"}],"about":[{"href":"https:\/\/www.europesays.com\/fi\/wp-json\/wp\/v2\/types\/post"}],"author":[{"embeddable":true,"href":"https:\/\/www.europesays.com\/fi\/wp-json\/wp\/v2\/users\/2"}],"replies":[{"embeddable":true,"href":"https:\/\/www.europesays.com\/fi\/wp-json\/wp\/v2\/comments?post=142051"}],"version-history":[{"count":0,"href":"https:\/\/www.europesays.com\/fi\/wp-json\/wp\/v2\/posts\/142051\/revisions"}],"wp:featuredmedia":[{"embeddable":true,"href":"https:\/\/www.europesays.com\/fi\/wp-json\/wp\/v2\/media\/126376"}],"wp:attachment":[{"href":"https:\/\/www.europesays.com\/fi\/wp-json\/wp\/v2\/media?parent=142051"}],"wp:term":[{"taxonomy":"category","embeddable":true,"href":"https:\/\/www.europesays.com\/fi\/wp-json\/wp\/v2\/categories?post=142051"},{"taxonomy":"post_tag","embeddable":true,"href":"https:\/\/www.europesays.com\/fi\/wp-json\/wp\/v2\/tags?post=142051"}],"curies":[{"name":"wp","href":"https:\/\/api.w.org\/{rel}","templated":true}]}}