{"id":142056,"date":"2026-01-14T12:08:06","date_gmt":"2026-01-14T12:08:06","guid":{"rendered":"https:\/\/www.europesays.com\/fi\/142056\/"},"modified":"2026-01-14T12:08:06","modified_gmt":"2026-01-14T12:08:06","slug":"matt-sorum-muistelee-aikojaan-guns-n-rosesissa-kertoo-myos-valeistaan-yhtyeen-vanhaan-rumpaliin-steven-adleriin","status":"publish","type":"post","link":"https:\/\/www.europesays.com\/fi\/142056\/","title":{"rendered":"Matt Sorum muistelee aikojaan Guns N&#8217; Rosesissa \u2013 kertoo my\u00f6s v\u00e4leist\u00e4\u00e4n yhtyeen vanhaan rumpaliin Steven Adleriin"},"content":{"rendered":"<p>Matt Sorum on ehtinyt soittaa 2000-luvun mittaan The Cultissa, Velvet Revolverissa, Johnny Crashissa, Deadland Ritualissa, Billy Gibbonsin b\u00e4ndiss\u00e4 ja ties miss\u00e4 muissa projekteissa, mutta useimmille h\u00e4n on ikuisesti se Guns N\u2019 Rosesin 1990-luvun rumpali. 65-vuotias Sorum n\u00e4ytt\u00e4\u00e4 tiet\u00e4v\u00e4n t\u00e4m\u00e4n itsekin, eik\u00e4 mies pist\u00e4 asiaa lainkaan pahakseen. N\u00e4in voi p\u00e4\u00e4tell\u00e4 ainakin miehen metalliasiantuntija Eddie Trunkille antamasta <a href=\"https:\/\/blabbermouth.net\/news\/matt-sorum-on-his-time-with-guns-n-roses-i-look-back-on-it-with-a-lot-of-pride\" rel=\"nofollow noopener\" target=\"_blank\">haastattelusta<\/a>, jossa Sorum pohtii aikaansa Gunnareiden riveiss\u00e4.<\/p>\n<p>\u201dSanoin jo kymmenen vuotta sitten jotain siihen malliin, ett\u00e4 se on kuin katsoisi jonkun toisen t\u00e4hditt\u00e4m\u00e4\u00e4 elokuvaa. Olin kyll\u00e4 itse siin\u00e4 mukana, mutta kun mietin sit\u00e4 nyt, se on v\u00e4h\u00e4n kuin unta \u2013 se on kuin unikohtaus elokuvasta\u201d, Sorum sanoo ja jatkaa:<\/p>\n<p>\u201dSe b\u00e4ndi antoi minulle jalat, joiden varassa saatoin k\u00e4vell\u00e4 koko loppu-urani ajan. Olin siin\u00e4 b\u00e4ndiss\u00e4 vuoteen 1996 asti, mutta sama mielikuva kulkee mukanani edelleen ja se on mahdollistanut sen, ett\u00e4 olen voinut matkata ymp\u00e4ri maailmaa tekem\u00e4ss\u00e4 muita asioita. Se on my\u00f6s er\u00e4\u00e4nlainen rock\u2019n\u2019roll-leima, joka antaa minulle uskottavuutta muiden muusikoiden keskuudessa. Se on tavallaan hyvin vahva uskottavuuden merkki, jos niin voi sanoa.\u201d<\/p>\n<p>\u201dP\u00e4\u00e4sin Rock and Roll Hall of Fameen sen yhtyeen j\u00e4senen\u00e4, ja sit\u00e4 kunnianosoitusta arvostin kovasti. Sinne p\u00e4\u00e4st\u00e4kseen t\u00e4ytyy tavallisesti olla mukana jollain b\u00e4ndin levyll\u00e4, joten onneksi p\u00e4\u00e4sin mukaan Use Your Illusion -levyille sek\u00e4 The Spaghetti Incidentille. My\u00f6s Steven Adler oli tietysti samassa juhlassa paikalla, ja h\u00e4n oli hyvin yst\u00e4v\u00e4llinen. Emme tulleet kesken\u00e4mme toimeen varhaisina aikoina, mutta olemme sopineet kaiken vanhempina miehin\u00e4.\u201d<\/p>\n<p>\u201dMuistelen niit\u00e4 aikoja siis ylpe\u00e4n\u00e4 ja onnellisena siit\u00e4, ett\u00e4 sain olla mukana, kun b\u00e4ndi oli suurimmillaan. Axl Rose oli varmaan sen aikakauden suurin rockb\u00e4ndin keulakuva, ja taisi h\u00e4n olla sit\u00e4 viel\u00e4 vuosia my\u00f6hemminkin. Mutta min\u00e4kin olin siell\u00e4 lavalla heid\u00e4n kanssaan. Joskus n\u00e4en sen ajan videoita Instagramissa ja ajattelen, ett\u00e4 vau, olimmepa aika hyvi\u00e4.\u201d<\/p>\n<p>Lue my\u00f6s: <a href=\"https:\/\/www.soundi.fi\/uutiskirje\/\" title=\"Tilaa Soundin uutiskirje\" class=\"underline-custom !font-montserrat !font-bold !underline-offset-4 !decoration-4 !decoration-red-600 !text-md\" rel=\"nofollow noopener\" target=\"_blank\">Tilaa Soundin uutiskirje ja tied\u00e4t mist\u00e4 kahvitauolla puhutaan! Nappaa ajankohtaiset musiikin uutiset ja puheenaiheet suoraan s\u00e4hk\u00f6postiin t\u00e4st\u00e4.<\/a><\/p>\n","protected":false},"excerpt":{"rendered":"Matt Sorum on ehtinyt soittaa 2000-luvun mittaan The Cultissa, Velvet Revolverissa, Johnny Crashissa, Deadland Ritualissa, Billy Gibbonsin b\u00e4ndiss\u00e4&hellip;\n","protected":false},"author":2,"featured_media":142057,"comment_status":"","ping_status":"","sticky":false,"template":"","format":"standard","meta":{"footnotes":""},"categories":[132],"tags":[137,33,31,30,195,47,32,109],"class_list":{"0":"post-142056","1":"post","2":"type-post","3":"status-publish","4":"format-standard","5":"has-post-thumbnail","7":"category-musiikki","8":"tag-entertainment","9":"tag-fi","10":"tag-finland","11":"tag-finnish","12":"tag-music","13":"tag-musiikki","14":"tag-suomi","15":"tag-viihde"},"share_on_mastodon":{"url":"https:\/\/pubeurope.com\/@fi\/115893377626222406","error":""},"_links":{"self":[{"href":"https:\/\/www.europesays.com\/fi\/wp-json\/wp\/v2\/posts\/142056","targetHints":{"allow":["GET"]}}],"collection":[{"href":"https:\/\/www.europesays.com\/fi\/wp-json\/wp\/v2\/posts"}],"about":[{"href":"https:\/\/www.europesays.com\/fi\/wp-json\/wp\/v2\/types\/post"}],"author":[{"embeddable":true,"href":"https:\/\/www.europesays.com\/fi\/wp-json\/wp\/v2\/users\/2"}],"replies":[{"embeddable":true,"href":"https:\/\/www.europesays.com\/fi\/wp-json\/wp\/v2\/comments?post=142056"}],"version-history":[{"count":0,"href":"https:\/\/www.europesays.com\/fi\/wp-json\/wp\/v2\/posts\/142056\/revisions"}],"wp:featuredmedia":[{"embeddable":true,"href":"https:\/\/www.europesays.com\/fi\/wp-json\/wp\/v2\/media\/142057"}],"wp:attachment":[{"href":"https:\/\/www.europesays.com\/fi\/wp-json\/wp\/v2\/media?parent=142056"}],"wp:term":[{"taxonomy":"category","embeddable":true,"href":"https:\/\/www.europesays.com\/fi\/wp-json\/wp\/v2\/categories?post=142056"},{"taxonomy":"post_tag","embeddable":true,"href":"https:\/\/www.europesays.com\/fi\/wp-json\/wp\/v2\/tags?post=142056"}],"curies":[{"name":"wp","href":"https:\/\/api.w.org\/{rel}","templated":true}]}}