{"id":142058,"date":"2026-01-14T12:10:08","date_gmt":"2026-01-14T12:10:08","guid":{"rendered":"https:\/\/www.europesays.com\/fi\/142058\/"},"modified":"2026-01-14T12:10:08","modified_gmt":"2026-01-14T12:10:08","slug":"sitkea-influenssa-piinaa-suomalaisia-erikoislaakari-antaa-ohjeet","status":"publish","type":"post","link":"https:\/\/www.europesays.com\/fi\/142058\/","title":{"rendered":"Sitke\u00e4 influenssa piinaa suomalaisia \u2013 erikoisl\u00e4\u00e4k\u00e4ri antaa ohjeet"},"content":{"rendered":"<p>Erikoisl\u00e4\u00e4k\u00e4ri kertoo, mill\u00e4 konstein yleisen j\u00e4lkitaudin saa kuriin.<\/p>\n<p>Lue tiivistelm\u00e4<\/p>\n<p class=\"article-body mb-nof-24 px-nof-16 sndp-summary-bullet-point-font\">Suomessa riehuu nyt A-influenssa, jonka epidemia alkoi vuoden 2025 lopussa. Nyt n\u00e4ytt\u00e4\u00e4 silt\u00e4, ett\u00e4 tautipiikki on saavuttanut huippunsa.<\/p>\n<p class=\"article-body mb-nof-24 px-nof-16 sndp-summary-bullet-point-font\">Mehil\u00e4isen infektiosairauksien erikoisl\u00e4\u00e4k\u00e4ri Olli-Pekka Koukkari kertoo, ett\u00e4 B-influenssan huippu voidaan n\u00e4hd\u00e4 helmi-maaliskuussa.<\/p>\n<p class=\"article-body mb-nof-24 px-nof-16 sndp-summary-bullet-point-font\">Influenssan j\u00e4lkeen yleisimpi\u00e4 j\u00e4lkitauteja ovat bakteerin aiheuttamat keuhkokuumeet ja poskiontelotulehdukset.<\/p>\n<p class=\"article-body mb-nof-24 px-nof-16 sndp-summary-bullet-point-font\">P\u00e4ivystykseen on syyt\u00e4 menn\u00e4, jos kuumetautiin liittyy hengitysvaikeuksia tai toimintakyky romahtaa.<\/p>\n<p class=\"article-body mb-nof-24 px-nof-16\">K\u00f6h k\u00f6h! Jos olet joutunut hiljattain kuumetaudin kouriin, et todellakaan ole yksin.<\/p>\n<p class=\"article-body mb-nof-24 px-nof-16\">Mehil\u00e4isen infektiosairauksien erikoisl\u00e4\u00e4k\u00e4ri <a class=\"font-bold underline-offset-[0.12em] [text-decoration:var(--person-link-text-decoration)] ![text-decoration-color:var(--person-link-text-decoration-color)]\" href=\"https:\/\/www.is.fi\/haku\/?query=Olli-Pekka%20Koukkari\" rel=\"nofollow noopener\" target=\"_blank\">Olli-Pekka Koukkari <\/a>kertoo, ett\u00e4 Suomessa riehuu nyt etenkin A-influenssa. Sen epidemia alkoi vuoden 2025 lopussa. Nyt n\u00e4ytt\u00e4\u00e4 silt\u00e4, ett\u00e4 tautipiikki on saavuttanut huippunsa.<\/p>\n<p class=\"article-body mb-nof-24 px-nof-16\">Mitk\u00e4 kaikki taudit ihmisi\u00e4 nyt kaatavat petiin? <\/p>\n<p class=\"article-body mb-nof-24 px-nof-16\">\u2013 Nyt liikkuu nimenomaan A-influenssaa. Tavallisia hengitystieinfektioita aiheuttavia mikrobeja on selv\u00e4sti viimevuotista v\u00e4hemm\u00e4n. Korona ei n\u00e4ytt\u00e4ydy mitenk\u00e4\u00e4n erityisesti, sill\u00e4 siit\u00e4 on tullut yksi tauti muiden joukossa.<\/p>\n<p class=\"article-body mb-nof-24 px-nof-16\">\u2013 Tyypillisesti B-influenssaa alkaa liikkua silloin, kun A-influenssa on laantumassa. Se tarkoittaa, ett\u00e4 t\u00e4n\u00e4 vuonna B-influenssaviruksen huippu voidaan n\u00e4hd\u00e4 helmi-maaliskuussa, jos taudit liikkuvat ennustetulla tavalla.<\/p>\n<p><img decoding=\"async\" src=\"https:\/\/www.europesays.com\/fi\/wp-content\/uploads\/2026\/01\/1768392608_55_320.jpg\" alt=\"Infektiosairauksien erikoisl\u00e4\u00e4k\u00e4ri Olli-Pekka Koukkari.\" class=\"_Img_1rerz_1\" style=\"aspect-ratio:1\" loading=\"eager\"\/><\/p>\n<p class=\"article-picture-caption\">Infektiosairauksien erikoisl\u00e4\u00e4k\u00e4ri Olli-Pekka Koukkari. Kuva:\u00a0Olli-Pekka Koukkari<\/p>\n<p class=\"article-body mb-nof-24 px-nof-16\">Tarkoittaako t\u00e4m\u00e4 sit\u00e4, ett\u00e4 influenssarokote kannattaa ottaa, vaikka taudin olisi jo sairastanut?<\/p>\n<p class=\"article-body mb-nof-24 px-nof-16\">\u2013 Yhden influenssan sairastaminen ei anna ristisuojaa toiselle virustyypille. Jos kuuluu taudin riskiryhm\u00e4\u00e4n tai l\u00e4hipiiriss\u00e4 on siihen kuuluvia, kannattaa influenssarokote ottaa silloinkin, kun on taudin sairastanut.<\/p>\n<p class=\"article-body mb-nof-24 px-nof-16\">\u2013 Tyypillisesti A-influenssaa liikkuu enemm\u00e4n ja se aiheuttaa rajumpia oireita. B-influenssa muistuttaa enemm\u00e4n tavallista flunssaa.<\/p>\n<p class=\"article-body mb-nof-24 px-nof-16\">Miten flunssan, influenssan ja koronan erottaa toisistaan?<\/p>\n<p class=\"article-body mb-nof-24 px-nof-16\">\u2013 Lyhyesti: varmuudella vain testaamalla. Nykyisell\u00e4\u00e4n korona aiheuttaa usein tavallisen flunssan kaltaisen taudin, koska monet ovat saaneet koronaan rokotteen ja sen sairastaneet.<\/p>\n<p class=\"article-body mb-nof-24 px-nof-16\">\u2013 Influenssa alkaa yleens\u00e4 \u00e4killisen\u00e4 ja rajuin oirein. Siin\u00e4 kuume voi olla kova. Tavallinen nuhakuume alkaa yleens\u00e4 nuhalla ja muina yl\u00e4hengitystieoireina. Siin\u00e4 kuume on harvemmin kova.<\/p>\n<p><img decoding=\"async\" src=\"https:\/\/www.europesays.com\/fi\/wp-content\/uploads\/2026\/01\/1768392608_761_468.jpg\" alt=\"Kotitestit yleistyiv\u00e4t korona-aikana.\" class=\"_Img_1rerz_1\" style=\"aspect-ratio:0.7494791666666667\" loading=\"eager\"\/><\/p>\n<p class=\"article-picture-caption\">Kotitestit yleistyiv\u00e4t korona-aikana. Kuva:\u00a0Lukijan Kuva<\/p>\n<p class=\"article-body mb-nof-24 px-nof-16\">Onko taudin selvitt\u00e4misest\u00e4 kotitestill\u00e4 mit\u00e4\u00e4n hy\u00f6ty\u00e4?<\/p>\n<p class=\"article-body mb-nof-24 px-nof-16\">\u2013 Jos oireet ovat vasta alkaneet, ja ihminen kuuluu riskiryhm\u00e4\u00e4n, voi selvitt\u00e4misest\u00e4 olla hy\u00f6ty\u00e4. Influenssaan on olemassa l\u00e4\u00e4kitys, joka lyhent\u00e4\u00e4 taudin kestoa p\u00e4iv\u00e4ll\u00e4 ja voi lievitt\u00e4\u00e4 oireita. L\u00e4\u00e4kityksen aloittaminen ei ole erityisesti perusteltua, jos ei kuulu riskiryhm\u00e4\u00e4n. Lopullisen p\u00e4\u00e4t\u00f6ksen tekee kuitenkin hoitava l\u00e4\u00e4k\u00e4ri.<\/p>\n<p class=\"article-body mb-nof-24 px-nof-16\">Millaiset oireet ovat rajummissa kuumetaudeissa normaaleja ja milloin on syyt\u00e4 menn\u00e4 l\u00e4\u00e4k\u00e4riin?<\/p>\n<p class=\"article-body mb-nof-24 px-nof-16\">\u2013 Rajummissa taudeissa korkea kuume, lihass\u00e4ryt, heikotus ja kuiva, hakkaava ysk\u00e4 ovat normaaleja. Jos siihen liittyy hengitysvaikeuksia tai toimintakyky romahtaa, on syyt\u00e4 l\u00e4hte\u00e4 p\u00e4ivystykseen.<\/p>\n<p class=\"article-body mb-nof-24 px-nof-16\">\u2013 Usein silloin on kyse vakavasta keuhkotulehduksesta, jonka takia keuhkot eiv\u00e4t kuljeta happea normaalisti.<\/p>\n<p class=\"article-body mb-nof-24 px-nof-16\">\u2013 Influenssa voi my\u00f6s heikent\u00e4\u00e4 perussairauden tasapainoa. Esimerkiksi diabeetikon verensokeri voi nousta.<\/p>\n<p class=\"article-body mb-nof-24 px-nof-16\">Moni on valittanut nyt sitke\u00e4sti jatkuneita oireita. Miten pitk\u00e4\u00e4n ysk\u00e4 tai nuha on normaalia influenssan j\u00e4lkeen?<\/p>\n<p class=\"article-body mb-nof-24 px-nof-16\">\u2013 Pariin viikkoon saakka se on enemm\u00e4nkin s\u00e4\u00e4nt\u00f6 kuin poikkeus. Sen j\u00e4lkeen oireita voi olla lievemp\u00e4n\u00e4 useampia viikkoja. Jos tauti menee pikku hiljaa parempaan suuntaan, sit\u00e4 ei voi l\u00e4\u00e4k\u00e4ri jouduttaa. Oireista ei siis tarvitse menn\u00e4 l\u00e4\u00e4k\u00e4riin, ellei tule selke\u00e4 takapakki tai uusia voimakkaita oireita.<\/p>\n<p><img decoding=\"async\" src=\"https:\/\/www.europesays.com\/fi\/wp-content\/uploads\/2026\/01\/1768392608_216_468.jpg\" alt=\"Kun kuume hellitt\u00e4\u00e4, tartuttavuuskin laskee. Nuha voi silti jatkua viel\u00e4 viikkoja.\" class=\"_Img_1rerz_1\" style=\"aspect-ratio:1.5\" loading=\"eager\"\/><\/p>\n<p class=\"article-picture-caption\">Kun kuume hellitt\u00e4\u00e4, tartuttavuuskin laskee. Nuha voi silti jatkua viel\u00e4 viikkoja. Kuva:\u00a0Paula Kaskimaa \/ IS<\/p>\n<p class=\"article-body mb-nof-24 px-nof-16\">Mitk\u00e4 ovat yleisimpi\u00e4 j\u00e4lkitauteja?<\/p>\n<p class=\"article-body mb-nof-24 px-nof-16\">\u2013 Influenssan j\u00e4lkeen n\u00e4hd\u00e4\u00e4n yleens\u00e4 bakteerin aiheuttamia keuhkokuumeita ja poskiontelotulehduksia. Ensin sairastetaan viruksen aiheuttama infektio. Jos sen j\u00e4lkeen olo alkaa menn\u00e4 uudelleen huonommaksi, voi kyseess\u00e4 olla niin sanottu j\u00e4lkitauti.<\/p>\n<p class=\"article-body mb-nof-24 px-nof-16\">\u2013 Keuhkokuume-ep\u00e4ily vaatii aina l\u00e4\u00e4k\u00e4rin arvion. Useimmiten keuhkokuume vaatii antibioottihoitoa. Poskiontelotulehdus taas paranee useimmiten kotikonstein 1\u20132 viikossa. Sen hoitokeinoja ovat tarpeen vaatiessa s\u00e4rkyl\u00e4\u00e4kitys, nen\u00e4n limakalvoja supistavat nen\u00e4suihkeet, kortisoninen\u00e4suihkeet sek\u00e4 antihistamiini, mik\u00e4li on taipumusta allergiaan. Moni saa ysk\u00e4\u00e4n avun hunajavedest\u00e4.<\/p>\n<p class=\"article-body mb-nof-24 px-nof-16\">\u2013 Jos poskiontelotulehdukseen liittyy eritt\u00e4in voimakas p\u00e4\u00e4s\u00e4rky, kannattaa k\u00e4yd\u00e4 l\u00e4\u00e4k\u00e4riss\u00e4 varmistamassa, ettei tulehdus ole edennyt kallon muihin onteloihin. Niiden tulehdukset ovat harvinaisia, mutta vakavampia komplikaatioita.<\/p>\n","protected":false},"excerpt":{"rendered":"Erikoisl\u00e4\u00e4k\u00e4ri kertoo, mill\u00e4 konstein yleisen j\u00e4lkitaudin saa kuriin. Lue tiivistelm\u00e4 Suomessa riehuu nyt A-influenssa, jonka epidemia alkoi vuoden&hellip;\n","protected":false},"author":2,"featured_media":142059,"comment_status":"","ping_status":"","sticky":false,"template":"","format":"standard","meta":{"footnotes":""},"categories":[165],"tags":[33,31,30,166,34,32,167],"class_list":{"0":"post-142058","1":"post","2":"type-post","3":"status-publish","4":"format-standard","5":"has-post-thumbnail","7":"category-terveys","8":"tag-fi","9":"tag-finland","10":"tag-finnish","11":"tag-health","12":"tag-ilta-sanomat","13":"tag-suomi","14":"tag-terveys"},"share_on_mastodon":{"url":"https:\/\/pubeurope.com\/@fi\/115893385606626821","error":""},"_links":{"self":[{"href":"https:\/\/www.europesays.com\/fi\/wp-json\/wp\/v2\/posts\/142058","targetHints":{"allow":["GET"]}}],"collection":[{"href":"https:\/\/www.europesays.com\/fi\/wp-json\/wp\/v2\/posts"}],"about":[{"href":"https:\/\/www.europesays.com\/fi\/wp-json\/wp\/v2\/types\/post"}],"author":[{"embeddable":true,"href":"https:\/\/www.europesays.com\/fi\/wp-json\/wp\/v2\/users\/2"}],"replies":[{"embeddable":true,"href":"https:\/\/www.europesays.com\/fi\/wp-json\/wp\/v2\/comments?post=142058"}],"version-history":[{"count":0,"href":"https:\/\/www.europesays.com\/fi\/wp-json\/wp\/v2\/posts\/142058\/revisions"}],"wp:featuredmedia":[{"embeddable":true,"href":"https:\/\/www.europesays.com\/fi\/wp-json\/wp\/v2\/media\/142059"}],"wp:attachment":[{"href":"https:\/\/www.europesays.com\/fi\/wp-json\/wp\/v2\/media?parent=142058"}],"wp:term":[{"taxonomy":"category","embeddable":true,"href":"https:\/\/www.europesays.com\/fi\/wp-json\/wp\/v2\/categories?post=142058"},{"taxonomy":"post_tag","embeddable":true,"href":"https:\/\/www.europesays.com\/fi\/wp-json\/wp\/v2\/tags?post=142058"}],"curies":[{"name":"wp","href":"https:\/\/api.w.org\/{rel}","templated":true}]}}