{"id":142064,"date":"2026-01-14T12:15:11","date_gmt":"2026-01-14T12:15:11","guid":{"rendered":"https:\/\/www.europesays.com\/fi\/142064\/"},"modified":"2026-01-14T12:15:11","modified_gmt":"2026-01-14T12:15:11","slug":"eraana-iltana-poliisit-seisoivat-yrittaja-mari-rantasen-oven-takana-traaginen-kokemus-opetti-etta-vaikea-keskustelu-on-pakko-kayda","status":"publish","type":"post","link":"https:\/\/www.europesays.com\/fi\/142064\/","title":{"rendered":"Er\u00e4\u00e4n\u00e4 iltana poliisit seisoivat yritt\u00e4j\u00e4 Mari Rantasen oven takana \u2013 Traaginen kokemus opetti, ett\u00e4 vaikea keskustelu on pakko k\u00e4yd\u00e4"},"content":{"rendered":"<p class=\"gb-ingress__content\">\n\t\t\t\tPuolisonsa menett\u00e4nyt Mari Rantanen kertoo, miten perustajaansa henkil\u00f6itynyt hinausyritys onnistui jatkamaan.\u00a0\t\t\t<\/p>\n<p>\u2013\u00a0Ei meist\u00e4 kukaan ajattele, ett\u00e4 jotain t\u00e4llaista voisi sattua.<\/p>\n<p>N\u00e4in keskisuomalainen yritt\u00e4j\u00e4 <strong>Mari Rantanenkin<\/strong> ajatteli, ennen kuin sattui.<\/p>\n<p>Rantanen on Hinaus- ja kuljetuspalvelu Rantanen Oy:n hallituksen puheenjohtaja ja p\u00e4\u00e4omistaja. On kulunut runsaat kolme vuotta siit\u00e4, kun aviopuoliso ja yrityksen perustaja Mika Rantanen menehtyi.<\/p>\n<p>Vuoden 2022 marraskuussa Mika sai ty\u00f6teht\u00e4v\u00e4n Valtatie 4:n varrelle. Per\u00e4k\u00e4rry\u00e4 vet\u00e4nyt henkil\u00f6 soitti hinausyritykseen ja pyysi apua, kuin k\u00e4rry oli ajautunut tien pientareelle.<\/p>\n<p>Mika Rantanen vastasi soittoon. H\u00e4n ohjeisti asiakasta jatkamaan matkaa, koska odottelu vilkkaan\u00a0 valtatien varrella ei ollut turvallista. Yritt\u00e4j\u00e4 l\u00e4hti ajamaan paikalle tarkoituksenaan hakea per\u00e4k\u00e4rry pois.<\/p>\n<p>Yritt\u00e4j\u00e4 ty\u00f6skenteli hinausauton lavalla ja oli juuri siirt\u00e4m\u00e4ss\u00e4 per\u00e4k\u00e4rry\u00e4 kyytiin, kun l\u00e4heisest\u00e4 liittym\u00e4st\u00e4 moottoritielle siirtynyt auto t\u00f6rm\u00e4si hinausautoon ja sen lavalla ty\u00f6skennelleeseen yritt\u00e4j\u00e4\u00e4n. Mika Rantanen menehtyi v\u00e4litt\u00f6m\u00e4sti. My\u00f6hemmin oikeus tuomitsi kyseisen kuljettajan t\u00f6rke\u00e4st\u00e4 kuolemantuottamuksesta.<\/p>\n<p>\u2013\u00a0Mika olisi juuri t\u00e4ytt\u00e4nyt 60 vuotta. Meill\u00e4 piti olla merkitt\u00e4v\u00e4 juhlavuosi, sill\u00e4 samana vuonna yritys t\u00e4ytti 30 vuotta ja min\u00e4 50 vuotta, Mari Rantanen sanoo. H\u00e4n tuli mukaan yritykseen vuonna 2010, jolloin meni naimisiin Mikan kanssa.<\/p>\n<blockquote>\n<p>Rantasen teht\u00e4v\u00e4ksi j\u00e4i ilmoittaa asiasta my\u00f6s edesmenneen miehens\u00e4 aikuisille lapsille ja t\u00e4m\u00e4n vanhemmille.<\/p>\n<\/blockquote>\n<p>Poliisit ovella<\/p>\n<p>Mari Rantanen muistaa kirkkaasti illan, jolloin Mika menehtyi.<\/p>\n<p>\u2013\u00a0Se oli ihan tavallinen torstai-ilta. Puhelin soi ja Mika huikkasi, ett\u00e4 h\u00e4n k\u00e4y keikalla ja tulee kohta, h\u00e4n kertoo.<\/p>\n<p>\u2013\u00a0Olin ehtinyt mietti\u00e4, miksei Mikasta kuulu mit\u00e4\u00e4n, mutta toisaalta oli tavanomaista, ett\u00e4 yhden keikan per\u00e4\u00e4n tuli heti seuraava. Siksi en suuremmin ihmetellyt. En halunnut soittaa ja h\u00e4irit\u00e4 h\u00e4nen ty\u00f6ntekoaan.<\/p>\n<p>My\u00f6h\u00e4\u00e4n illalla ovikello soi. Oven takana oli kaksi poliisia.<\/p>\n<p>\u2013\u00a0Kun n\u00e4in poliisit ovella, ymm\u00e4rsin, ett\u00e4 jotain vakavaa oli tapahtunut. Poliisit eiv\u00e4t tule muuten ihmisen kotiin siihen aikaan.<\/p>\n<p>Rantanen muistaa poliisien tiedustelleen kriisiavun tarpeesta. Tuolloin 11-vuotiasta tyt\u00e4rt\u00e4 \u00e4iti ei halunnut her\u00e4tt\u00e4\u00e4. H\u00e4nelle kerrottaisiin aamulla. Rantasen teht\u00e4v\u00e4ksi j\u00e4i ilmoittaa asiasta my\u00f6s edesmenneen miehens\u00e4 aikuisille lapsille ja t\u00e4m\u00e4n vanhemmille.<\/p>\n<p>\u2013\u00a0Mika kuoli torstaina. Perjantaina olisi ollut ota lapsi mukaan t\u00f6ihin -p\u00e4iv\u00e4. Olimme sopineet, ett\u00e4 tytt\u00e4remme l\u00e4htee is\u00e4n mukana k\u00e4ym\u00e4\u00e4n ty\u00f6paikalla, Rantanen kertoo.<\/p>\n<blockquote>\n<p>Yksi haasteista oli se, ett\u00e4 edesmennyt yritt\u00e4j\u00e4 oli sek\u00e4 toimitusjohtaja ett\u00e4 hallituksen puheenjohtaja. Vain n\u00e4ill\u00e4 rooleilla oli yksin nimenkirjoitusoikeus yrityksess\u00e4.<\/p>\n<\/blockquote>\n<p>\u201dYritys oli yht\u00e4 kuin Mika\u201d<\/p>\n<p>Hinauspalveluyrityksess\u00e4 ei oltu varauduttu yritt\u00e4j\u00e4n \u00e4killiseen kuolemaan.<\/p>\n<p>\u2013\u00a0Tiedostin, ettei minusta ollut siin\u00e4 hetkess\u00e4 ottamaan yrityst\u00e4 haltuun. Samaan aikaan ymm\u00e4rsin, ett\u00e4 yrityksen toimintaa pit\u00e4\u00e4 jatkaa. Meill\u00e4 oli vastuu asiakkaista ja ty\u00f6ntekij\u00f6ist\u00e4.<\/p>\n<p>Alkoi uuden toimitusjohtajan etsiminen. Teht\u00e4v\u00e4n otti haltuun parikymment\u00e4 vuotta yrityksen palveluksessa ollut <strong>Jani Kehus<\/strong>, joka oli toiminut ajoj\u00e4rjestelij\u00e4n\u00e4.<\/p>\n<p>\u2013\u00a0Janilla oli paras tuntuma operatiivisesta toiminnasta. Oli selv\u00e4\u00e4, ett\u00e4 h\u00e4n on oikea henkil\u00f6.<\/p>\n<p>Yksi haasteista oli se, ett\u00e4 edesmennyt yritt\u00e4j\u00e4 oli sek\u00e4 toimitusjohtaja ett\u00e4 hallituksen puheenjohtaja. Vain n\u00e4ill\u00e4 rooleilla oli yksin nimenkirjoitusoikeus yrityksess\u00e4.<\/p>\n<p>\u2013\u00a0Vain Mikalla oli yrityksen valtuudet, joilla p\u00e4\u00e4si tekem\u00e4\u00e4n muutoksia PRH:n tietoihin. Onneksi asia saatiin j\u00e4rjestym\u00e4\u00e4n sen j\u00e4lkeen, kun uusi toimitusjohtaja oli valittu, Mari Rantanen kertoo.<\/p>\n<p>Rantanen piti puolisonsa kuoleman j\u00e4lkeen t\u00e4rke\u00e4n\u00e4, ett\u00e4 yritys antaa ulosp\u00e4in kuvan toiminnan jatkumisesta. H\u00e4n my\u00f6nt\u00e4\u00e4, ett\u00e4 osa asiakkaista koki ep\u00e4varmuutta asiasta. Taustalla oli yrityksen henkil\u00f6ityminen sen perustajaansa.<\/p>\n<p>\u2013\u00a0Yritys oli Mikan, ja h\u00e4n oli yrityksen keulakuva. Yritys oli yht\u00e4 kuin Mika. Kyll\u00e4h\u00e4n siin\u00e4 varmaan moni yhteisty\u00f6kumppani ja asiakas mietti, ett\u00e4 mit\u00e4 tulee tapahtumaan.<\/p>\n<p>\u2013\u00a0Kyll\u00e4h\u00e4n se oli ongelma, ett\u00e4 asiat olivat niin paljon yhden miehen varassa. Yrityksess\u00e4 olisi pit\u00e4nyt varmistaa toimintakyky, jos h\u00e4nelle tapahtuu jotain.<\/p>\n<blockquote class=\"wp-block-quote is-layout-flow wp-block-quote-is-layout-flow\">\n<p>\u201dEmme olleet koskaan k\u00e4yneet keskustelua siit\u00e4, ett\u00e4 mit\u00e4 jos.\u201d<\/p>\n<p>Mari Rantanen, yritt\u00e4j\u00e4<\/p>\n<\/blockquote>\n<p>Todellisuus iski vasten kasvoja<\/p>\n<p>Yritt\u00e4j\u00e4n poismenon j\u00e4lkeen k\u00e4vi selv\u00e4ksi, ett\u00e4 keskustelut omistusj\u00e4rjestelyist\u00e4 pit\u00e4\u00e4 aloittaa v\u00e4litt\u00f6m\u00e4sti.<\/p>\n<p>\u2013\u00a0Emme olleet koskaan k\u00e4yneet keskustelua siit\u00e4, ett\u00e4 mit\u00e4 jos. Se oli my\u00f6s minusta johtuvaa, koska min\u00e4 en halunnut k\u00e4yd\u00e4 sit\u00e4 keskustelua. My\u00f6hemmin olen ymm\u00e4rt\u00e4nyt, ett\u00e4 se on sellainen keskustelu, joka pit\u00e4isi k\u00e4yd\u00e4 jokaisessa yrityksess\u00e4 ja perheess\u00e4, Mari Rantanen kertoo.<\/p>\n<p>Mika Rantasen vastuulla oli my\u00f6s yrityksen liikennelupa-asiat. Kaikki luvat olivat h\u00e4nen nimiss\u00e4\u00e4n. Kuoleman j\u00e4lkeen Traficom ilmoitti, ett\u00e4 yrityksen on nimett\u00e4v\u00e4 uusi vastaava henkil\u00f6, joka suorittaa lainmukaisen tutkinnon. Muussa tapauksessa yritys olisi menett\u00e4nyt lupansa. Lupakoulutuksen k\u00e4vi uusi toimitusjohtaja.<\/p>\n<p><img loading=\"lazy\" decoding=\"async\" width=\"735\" height=\"1024\" src=\"https:\/\/www.europesays.com\/fi\/wp-content\/uploads\/2026\/01\/marirantanen-735x1024.webp.webp\" alt=\"\" class=\"wp-image-824243\"  \/>Yritt\u00e4j\u00e4 Mari Rantanen.<\/p>\n<p>\u201dHalusin kunnioittaa\u201d<\/p>\n<p>Mari Rantaselle oli kuoleman j\u00e4lkeen t\u00e4rke\u00e4\u00e4, ett\u00e4 asiat tehtiin yrityksess\u00e4 niin kuin aina ennenkin oli tehty.<\/p>\n<p>\u2013\u00a0T\u00e4m\u00e4 yritys on Mikan el\u00e4m\u00e4nty\u00f6. Halusin kunnioittaa sit\u00e4 tekem\u00e4ll\u00e4 parhaani. Tied\u00e4n, miten t\u00e4rke\u00e4 henkil\u00f6kunta oli Mikalle. H\u00e4n oli eritt\u00e4in pidetty ty\u00f6nantaja.<\/p>\n<p>Kun aikaa kului, Rantanen her\u00e4si siihen, ettei kaiken tarvitse olla kuten ennen. H\u00e4n ymm\u00e4rsi, ett\u00e4 yrityksess\u00e4 piti menn\u00e4 eteenp\u00e4in.<\/p>\n<p>\u2013\u00a0Jotta p\u00e4rj\u00e4\u00e4mme kiristyv\u00e4ss\u00e4 kilpailussa, on pakko menn\u00e4 eteenp\u00e4in. Emme olisi voineet j\u00e4\u00e4d\u00e4 vuoteen 2022. Kesti jonkin aikaa, ennen kuin jokainen ty\u00f6ntekij\u00e4 l\u00f6ysi uuden paikkansa yrityksess\u00e4. Monen vastuualue muuttui, kun ty\u00f6teht\u00e4vi\u00e4 hiottiin. Ty\u00f6ntekij\u00e4t suhtautuivat siihen tosi hyvin.<\/p>\n<p>\t\t\t\t\t\tVinkkaa meille juttuaihe!<\/p>\n<p>                            Vinkkaa meille juttuaihe!<\/p>\n","protected":false},"excerpt":{"rendered":"Puolisonsa menett\u00e4nyt Mari Rantanen kertoo, miten perustajaansa henkil\u00f6itynyt hinausyritys onnistui jatkamaan.\u00a0 \u2013\u00a0Ei meist\u00e4 kukaan ajattele, ett\u00e4 jotain t\u00e4llaista&hellip;\n","protected":false},"author":2,"featured_media":142065,"comment_status":"","ping_status":"","sticky":false,"template":"","format":"standard","meta":{"footnotes":""},"categories":[76],"tags":[79,77,33,31,30,32,78,2691,2692],"class_list":{"0":"post-142064","1":"post","2":"type-post","3":"status-publish","4":"format-standard","5":"has-post-thumbnail","7":"category-talous","8":"tag-business","9":"tag-economy","10":"tag-fi","11":"tag-finland","12":"tag-finnish","13":"tag-suomi","14":"tag-talous","15":"tag-yrittu00e4ju00e4tarina","16":"tag-yrittu00e4minen"},"share_on_mastodon":{"url":"https:\/\/pubeurope.com\/@fi\/115893405207396525","error":""},"_links":{"self":[{"href":"https:\/\/www.europesays.com\/fi\/wp-json\/wp\/v2\/posts\/142064","targetHints":{"allow":["GET"]}}],"collection":[{"href":"https:\/\/www.europesays.com\/fi\/wp-json\/wp\/v2\/posts"}],"about":[{"href":"https:\/\/www.europesays.com\/fi\/wp-json\/wp\/v2\/types\/post"}],"author":[{"embeddable":true,"href":"https:\/\/www.europesays.com\/fi\/wp-json\/wp\/v2\/users\/2"}],"replies":[{"embeddable":true,"href":"https:\/\/www.europesays.com\/fi\/wp-json\/wp\/v2\/comments?post=142064"}],"version-history":[{"count":0,"href":"https:\/\/www.europesays.com\/fi\/wp-json\/wp\/v2\/posts\/142064\/revisions"}],"wp:featuredmedia":[{"embeddable":true,"href":"https:\/\/www.europesays.com\/fi\/wp-json\/wp\/v2\/media\/142065"}],"wp:attachment":[{"href":"https:\/\/www.europesays.com\/fi\/wp-json\/wp\/v2\/media?parent=142064"}],"wp:term":[{"taxonomy":"category","embeddable":true,"href":"https:\/\/www.europesays.com\/fi\/wp-json\/wp\/v2\/categories?post=142064"},{"taxonomy":"post_tag","embeddable":true,"href":"https:\/\/www.europesays.com\/fi\/wp-json\/wp\/v2\/tags?post=142064"}],"curies":[{"name":"wp","href":"https:\/\/api.w.org\/{rel}","templated":true}]}}