{"id":142066,"date":"2026-01-14T12:16:06","date_gmt":"2026-01-14T12:16:06","guid":{"rendered":"https:\/\/www.europesays.com\/fi\/142066\/"},"modified":"2026-01-14T12:16:06","modified_gmt":"2026-01-14T12:16:06","slug":"reuters-kiinan-ja-venajan-kauppa-laski","status":"publish","type":"post","link":"https:\/\/www.europesays.com\/fi\/142066\/","title":{"rendered":"Reuters: Kiinan ja Ven\u00e4j\u00e4n kauppa laski"},"content":{"rendered":"<p>Kiinalaisten autojen kysynn\u00e4n lasku ja \u00f6ljyn hinnan alam\u00e4ki vaikuttivat Kiinan ja Ven\u00e4j\u00e4n v\u00e4lisen kaupan arvon laskuun.<\/p>\n<p class=\"article-body mb-nof-24 px-nof-16\">Kiinan Ven\u00e4j\u00e4n-kauppa laski vuonna 2025 vuoden 2024 enn\u00e4tystasolta. Lasku oli ensimm\u00e4inen viiteen vuoteen, ilmenee Kiinan tullihallinnon tilastoista. Kaupan kokonaisarvo putosi 6,5 prosenttia edellisvuodesta..<\/p>\n<p class=\"article-body mb-nof-24 px-nof-16\">Laskuun vaikuttivat kiinalaisten autojen kysynn\u00e4n v\u00e4heneminen Ven\u00e4j\u00e4ll\u00e4 sek\u00e4 ven\u00e4l\u00e4isen \u00f6ljyn hinnan lasku. Lis\u00e4ksi lokakuussa 2025 Kiina keskeytti v\u00e4liaikaisesti Ven\u00e4j\u00e4lt\u00e4 meriteitse kuljetetun \u00f6ljyn ostot Yhdysvaltain asettamien lis\u00e4pakotteiden vuoksi. T\u00e4m\u00e4 oli merkitt\u00e4v\u00e4 isku Ven\u00e4j\u00e4lle, sill\u00e4 Kiina on ollut sen suurin \u00f6ljyn ostaja.<\/p>\n<p class=\"article-body mb-nof-24 px-nof-16\">Lue lis\u00e4\u00e4: <a class=\"underline underline-offset-[0.12em] [text-decoration-thickness:var(--generic-link-underline-thickness)] [text-decoration-color:var(--generic-link-underline-color)] [text-decoration-skip-ink:var(--generic-link-underline-skip-ink)] break-words\" href=\"https:\/\/www.is.fi\/ulkomaat\/art-2000011582917.html\" rel=\"nofollow noopener\" target=\"_blank\">Reuters: Kiinalta raju p\u00e4\u00e4t\u00f6s ven\u00e4l\u00e4is\u00f6ljyst\u00e4<\/a><\/p>\n<p class=\"article-body mb-nof-24 px-nof-16\">Kiinan vienti Ven\u00e4j\u00e4lle laski viime vuonna 9,9 prosenttia, kun taas tuonti Ven\u00e4j\u00e4lt\u00e4 laski 3,4 prosenttia.<\/p>\n<p class=\"article-body mb-nof-24 px-nof-16\">Myyntilukujen putoaminen p\u00e4\u00e4tti nelj\u00e4n vuoden kasvujakson. Kauppa Kiinan kanssa on tukenut Ven\u00e4j\u00e4n taloutta selvi\u00e4m\u00e4\u00e4n pakotteista, joita maalle asetettiin sen hy\u00f6k\u00e4tty\u00e4 Ukrainaan helmikuussa 2022. Kiina on ostanut ven\u00e4l\u00e4ist\u00e4 \u00f6ljy\u00e4, hiilt\u00e4 ja kaasua sek\u00e4 myynyt Ven\u00e4j\u00e4lle tavaroita autoista elektroniikkaan.<\/p>\n<p class=\"article-body mb-nof-24 px-nof-16\">Uusimmat tiedot sis\u00e4lsiv\u00e4t vain kahdenv\u00e4lisen kaupan p\u00e4\u00e4lukuja. Tarkempi erittely julkaistaan \u200b\u200bmy\u00f6hemmin.<\/p>\n<p class=\"article-body mb-nof-24 px-nof-16\">Uutistoimisto Reutersin laskelmien mukaan vuoden 2025 ensimm\u00e4isten 11 kuukauden aikana Kiinan raaka\u00f6ljyn tuonnin arvo Ven\u00e4j\u00e4lt\u00e4 kutistui \u00f6ljyn hinnan laskiessa 19,6 prosenttia verrattuna vuoden 2024 vastaavaan ajanjaksoon.<\/p>\n<p class=\"article-body mb-nof-24 px-nof-16\">Samaan aikaan tammi\u2013marraskuussa kiinalaisten tilastojen mukaan Kiinan ajoneuvojen vienti Ven\u00e4j\u00e4lle laski m\u00e4\u00e4r\u00e4llisesti 46 prosenttia vuoden 2024 vastaavaan aikaan verrattuna, kun Moskova kiristi kiinalaisautojen verotusta.<\/p>\n<p class=\"article-body mb-nof-24 px-nof-16\">Ven\u00e4j\u00e4 on pyrkinyt est\u00e4m\u00e4\u00e4n kaupan laskua ja maat ovat solmineet useita yhteisty\u00f6sopimuksia, jotka koskevat muun muassa energia-alaa, ilmailu- ja avaruusteollisuutta, teko\u00e4ly\u00e4 ja maataloutta.<\/p>\n","protected":false},"excerpt":{"rendered":"Kiinalaisten autojen kysynn\u00e4n lasku ja \u00f6ljyn hinnan alam\u00e4ki vaikuttivat Kiinan ja Ven\u00e4j\u00e4n v\u00e4lisen kaupan arvon laskuun. Kiinan Ven\u00e4j\u00e4n-kauppa&hellip;\n","protected":false},"author":2,"featured_media":142067,"comment_status":"","ping_status":"","sticky":false,"template":"","format":"standard","meta":{"footnotes":""},"categories":[14],"tags":[22,23,26,27,33,31,30,17,34,24,25,28,29,15,18,21,32,19,20,56,16,59,60,61],"class_list":{"0":"post-142066","1":"post","2":"type-post","3":"status-publish","4":"format-standard","5":"has-post-thumbnail","7":"category-ulkomaat","8":"tag-breaking-news","9":"tag-breakingnews","10":"tag-featured-news","11":"tag-featurednews","12":"tag-fi","13":"tag-finland","14":"tag-finnish","15":"tag-headlines","16":"tag-ilta-sanomat","17":"tag-latest-news","18":"tag-latestnews","19":"tag-main-news","20":"tag-mainnews","21":"tag-news","22":"tag-otsikot","23":"tag-paauutiset","24":"tag-suomi","25":"tag-top-stories","26":"tag-topstories","27":"tag-ulkomaat","28":"tag-uutiset","29":"tag-world","30":"tag-world-news","31":"tag-worldnews"},"share_on_mastodon":{"url":"https:\/\/pubeurope.com\/@fi\/115893409186247635","error":""},"_links":{"self":[{"href":"https:\/\/www.europesays.com\/fi\/wp-json\/wp\/v2\/posts\/142066","targetHints":{"allow":["GET"]}}],"collection":[{"href":"https:\/\/www.europesays.com\/fi\/wp-json\/wp\/v2\/posts"}],"about":[{"href":"https:\/\/www.europesays.com\/fi\/wp-json\/wp\/v2\/types\/post"}],"author":[{"embeddable":true,"href":"https:\/\/www.europesays.com\/fi\/wp-json\/wp\/v2\/users\/2"}],"replies":[{"embeddable":true,"href":"https:\/\/www.europesays.com\/fi\/wp-json\/wp\/v2\/comments?post=142066"}],"version-history":[{"count":0,"href":"https:\/\/www.europesays.com\/fi\/wp-json\/wp\/v2\/posts\/142066\/revisions"}],"wp:featuredmedia":[{"embeddable":true,"href":"https:\/\/www.europesays.com\/fi\/wp-json\/wp\/v2\/media\/142067"}],"wp:attachment":[{"href":"https:\/\/www.europesays.com\/fi\/wp-json\/wp\/v2\/media?parent=142066"}],"wp:term":[{"taxonomy":"category","embeddable":true,"href":"https:\/\/www.europesays.com\/fi\/wp-json\/wp\/v2\/categories?post=142066"},{"taxonomy":"post_tag","embeddable":true,"href":"https:\/\/www.europesays.com\/fi\/wp-json\/wp\/v2\/tags?post=142066"}],"curies":[{"name":"wp","href":"https:\/\/api.w.org\/{rel}","templated":true}]}}