{"id":142068,"date":"2026-01-14T12:17:07","date_gmt":"2026-01-14T12:17:07","guid":{"rendered":"https:\/\/www.europesays.com\/fi\/142068\/"},"modified":"2026-01-14T12:17:07","modified_gmt":"2026-01-14T12:17:07","slug":"helsingin-jatkasaaressa-poliisioperaatio-tasta-oli-kyse","status":"publish","type":"post","link":"https:\/\/www.europesays.com\/fi\/142068\/","title":{"rendered":"Helsingin J\u00e4tk\u00e4saaressa poliisioperaatio \u2013 t\u00e4st\u00e4 oli kyse"},"content":{"rendered":"<p>H\u00e4t\u00e4keskukseen ilmoitettiin pamauksista noin kello 11.30.<\/p>\n<p class=\"article-body mb-nof-24 px-nof-16\">Helsingin J\u00e4tk\u00e4saaressa Bermudankadulla oli keskiviikkona aamup\u00e4iv\u00e4ll\u00e4 poliisioperaatio. Ilta-Sanomille l\u00e4hetettyjen kuvien perusteella teht\u00e4v\u00e4\u00e4n osallistui useita raskaasti aseistettuja poliiseja.<\/p>\n<p class=\"article-body mb-nof-24 px-nof-16\">Helsingin poliisin johtokeskuksesta kerrotaan, ett\u00e4 h\u00e4t\u00e4keskukseen oli tullut hieman ennen kello 11.30 ilmoitus pamauksista kerrostalon sis\u00e4pihalla.<\/p>\n<p class=\"article-body mb-nof-24 px-nof-16\">Poliisi meni paikalle selvitt\u00e4m\u00e4\u00e4n, mist\u00e4 on kyse.<\/p>\n<p class=\"article-body mb-nof-24 px-nof-16\">\u2013 Ilmeisesti kyse oli ollut nuorisoporukasta, joka oli paukutellut ilotulitteita, johtokeskuksesta kerrotaan.<\/p>\n<p class=\"article-body mb-nof-24 px-nof-16\">Poliisi meni paikalle raskaasti varustautuneena, koska ensin ei ollut tiedossa, mist\u00e4 pamaukset ovat per\u00e4isin.<\/p>\n<p class=\"article-body mb-nof-24 px-nof-16\">\u2013 Kun kuuluu pamauksia, eik\u00e4 tiedet\u00e4, mist\u00e4 ne ovat per\u00e4isin, sinne l\u00e4hdet\u00e4\u00e4n v\u00e4h\u00e4n suuremmalla resurssilla. Sen takia siell\u00e4 oli paljon partioita paikalla. T\u00e4m\u00e4 teht\u00e4v\u00e4 osoittautui aikamoiseksi pannukakuksi.<\/p>\n<p class=\"article-body mb-nof-24 px-nof-16\">Poliisista kerrottiin noin kello 12.40, ett\u00e4 teht\u00e4v\u00e4 oli ohi ja etsinn\u00e4t lopetettu. Ilotulitteita ampunut joukko oli j\u00e4\u00e4nyt kateisiin.<\/p>\n<p class=\"article-body mb-nof-24 px-nof-16\">N\u00e4ill\u00e4 n\u00e4kymin teht\u00e4v\u00e4 ei johda poliisissa jatkotoimenpiteisiin, johtokeskuksesta kerrotaan.<\/p>\n<p><img decoding=\"async\" src=\"https:\/\/www.europesays.com\/fi\/wp-content\/uploads\/2026\/01\/1768393027_237_468.jpg\" alt=\"Paikalla oli raskaasti aseistautuneita poliiseja.\" class=\"_Img_1rerz_1\" style=\"aspect-ratio:1.3333333333333333\" loading=\"eager\"\/><\/p>\n<p class=\"article-picture-caption\">Paikalla oli raskaasti aseistautuneita poliiseja. Kuva:\u00a0Lukijan kuva \/ Thomas Bergdahl<\/p>\n<p><img decoding=\"async\" src=\"https:\/\/www.europesays.com\/fi\/wp-content\/uploads\/2026\/01\/1768393027_138_468.jpg\" alt=\"Paikalla oli useita poliisiautoja\" class=\"_Img_1rerz_1\" style=\"aspect-ratio:1.3333333333333333\" loading=\"eager\"\/><\/p>\n<p class=\"article-picture-caption\">Paikalla oli useita poliisiautoja Kuva:\u00a0Lukijan kuva \/ Thomas Bergdahl<\/p>\n<p><img decoding=\"async\" src=\"https:\/\/www.europesays.com\/fi\/wp-content\/uploads\/2026\/01\/1768393027_161_468.jpg\" alt=\"\" class=\"_Img_1rerz_1\" style=\"aspect-ratio:1.3333333333333333\" loading=\"eager\"\/><\/p>\n","protected":false},"excerpt":{"rendered":"H\u00e4t\u00e4keskukseen ilmoitettiin pamauksista noin kello 11.30. Helsingin J\u00e4tk\u00e4saaressa Bermudankadulla oli keskiviikkona aamup\u00e4iv\u00e4ll\u00e4 poliisioperaatio. Ilta-Sanomille l\u00e4hetettyjen kuvien perusteella teht\u00e4v\u00e4\u00e4n&hellip;\n","protected":false},"author":2,"featured_media":142069,"comment_status":"","ping_status":"","sticky":false,"template":"","format":"standard","meta":{"footnotes":""},"categories":[12],"tags":[22,23,26,27,33,31,30,17,34,24,25,28,29,15,18,21,32,19,20,16],"class_list":{"0":"post-142068","1":"post","2":"type-post","3":"status-publish","4":"format-standard","5":"has-post-thumbnail","7":"category-suomi","8":"tag-breaking-news","9":"tag-breakingnews","10":"tag-featured-news","11":"tag-featurednews","12":"tag-fi","13":"tag-finland","14":"tag-finnish","15":"tag-headlines","16":"tag-ilta-sanomat","17":"tag-latest-news","18":"tag-latestnews","19":"tag-main-news","20":"tag-mainnews","21":"tag-news","22":"tag-otsikot","23":"tag-paauutiset","24":"tag-suomi","25":"tag-top-stories","26":"tag-topstories","27":"tag-uutiset"},"share_on_mastodon":{"url":"https:\/\/pubeurope.com\/@fi\/115893413136807683","error":""},"_links":{"self":[{"href":"https:\/\/www.europesays.com\/fi\/wp-json\/wp\/v2\/posts\/142068","targetHints":{"allow":["GET"]}}],"collection":[{"href":"https:\/\/www.europesays.com\/fi\/wp-json\/wp\/v2\/posts"}],"about":[{"href":"https:\/\/www.europesays.com\/fi\/wp-json\/wp\/v2\/types\/post"}],"author":[{"embeddable":true,"href":"https:\/\/www.europesays.com\/fi\/wp-json\/wp\/v2\/users\/2"}],"replies":[{"embeddable":true,"href":"https:\/\/www.europesays.com\/fi\/wp-json\/wp\/v2\/comments?post=142068"}],"version-history":[{"count":0,"href":"https:\/\/www.europesays.com\/fi\/wp-json\/wp\/v2\/posts\/142068\/revisions"}],"wp:featuredmedia":[{"embeddable":true,"href":"https:\/\/www.europesays.com\/fi\/wp-json\/wp\/v2\/media\/142069"}],"wp:attachment":[{"href":"https:\/\/www.europesays.com\/fi\/wp-json\/wp\/v2\/media?parent=142068"}],"wp:term":[{"taxonomy":"category","embeddable":true,"href":"https:\/\/www.europesays.com\/fi\/wp-json\/wp\/v2\/categories?post=142068"},{"taxonomy":"post_tag","embeddable":true,"href":"https:\/\/www.europesays.com\/fi\/wp-json\/wp\/v2\/tags?post=142068"}],"curies":[{"name":"wp","href":"https:\/\/api.w.org\/{rel}","templated":true}]}}