{"id":142070,"date":"2026-01-14T12:18:07","date_gmt":"2026-01-14T12:18:07","guid":{"rendered":"https:\/\/www.europesays.com\/fi\/142070\/"},"modified":"2026-01-14T12:18:07","modified_gmt":"2026-01-14T12:18:07","slug":"yrittajat-seka-maa-ja-metsatalouden-harjoittavat-voivat-nyt-antaa-veroilmoituksen-omaverossa","status":"publish","type":"post","link":"https:\/\/www.europesays.com\/fi\/142070\/","title":{"rendered":"Yritt\u00e4j\u00e4t sek\u00e4 maa- ja mets\u00e4talouden harjoittavat voivat nyt antaa veroilmoituksen OmaVerossa"},"content":{"rendered":"<p class=\"ingress\">Liikkeen- ja ammatinharjoittajien, maa- ja mets\u00e4talouden harjoittajien sek\u00e4 yhtymien veroilmoitusten m\u00e4\u00e4r\u00e4p\u00e4iv\u00e4t ovat maaliskuun alussa ja huhtikuun alussa. Ilmoita metsien ja peltojen vuokratulot henkil\u00f6kohtaisella, esit\u00e4ytetyll\u00e4 veroilmoituksella.<\/p>\n<p>Liikkeen- ja ammatinharjoittajat, maa- ja mets\u00e4talouden harjoittajat sek\u00e4 yhtym\u00e4t voivat nyt antaa vuoden 2025 veroilmoituksensa OmaVerossa.<\/p>\n<p>Toisin kuin aikaisemmin, metsien ja peltojen vuokraamisesta saatavia tuloja ei en\u00e4\u00e4 ilmoiteta maatalouden veroilmoituksella vaan henkil\u00f6kohtaisella, esit\u00e4ytetyll\u00e4 veroilmoituksella muiden vuokratulojen tapaan. Sama koskee my\u00f6s esimerkiksi tuulivoimalaan liittyvien korvausten ilmoittamista.<\/p>\n<p>Rakennusten, rakennuspaikkojen ja koneiden vuokratulot pit\u00e4\u00e4 kuitenkin jatkossakin ilmoittaa maatalouden veroilmoituksella.<\/p>\n<p>Jos olet ilmoittanut aiemmin vain mets\u00e4n tai pellon vuokratuloja maatalouden ilmoituksella, vuokratulojen muutos voi aikaistaa mets\u00e4talouden veroilmoituksesi m\u00e4\u00e4r\u00e4p\u00e4iv\u00e4\u00e4 maaliskuun alkuun. Tarkista m\u00e4\u00e4r\u00e4p\u00e4iv\u00e4 OmaVerosta.<\/p>\n<p>Sek\u00e4 maatalousyhtym\u00e4t ett\u00e4 mets\u00e4yhtym\u00e4t ilmoittavat pellon ja mets\u00e4n vuokratulot maatalousyhtym\u00e4n veroilmoituksessa 2Y, tosin eri kohdassa kuin aiemmin.<\/p>\n<p><strong>Maa- ja mets\u00e4talouden harjoittajille ei en\u00e4\u00e4 paperista muistutusta veroilmoittamisesta<\/strong><\/p>\n<p>Maatalouden ja mets\u00e4talouden harjoittajat eiv\u00e4t en\u00e4\u00e4 saa Verohallinnolta paperista ohjauskirjett\u00e4 veroilmoittamisesta. N\u00e4in v\u00e4hennet\u00e4\u00e4n paperipostin m\u00e4\u00e4r\u00e4\u00e4 ja pienennet\u00e4\u00e4n kuluja.<\/p>\n<p>Maatalouden ja mets\u00e4talouden veroilmoitus pit\u00e4\u00e4 siis antaa oma-aloitteisesti m\u00e4\u00e4r\u00e4p\u00e4iv\u00e4\u00e4n menness\u00e4 esimerkiksi OmaVerossa.<\/p>\n<p>Ohjauskirjeen saavat postitse kuolinpes\u00e4t ja ne maatalous- ja mets\u00e4yhtym\u00e4t, joilla ei ole k\u00e4yt\u00f6ss\u00e4\u00e4n s\u00e4hk\u00f6ist\u00e4 veropostia. Lis\u00e4ksi Verohallinto l\u00e4hett\u00e4\u00e4 ennen m\u00e4\u00e4r\u00e4p\u00e4iv\u00e4\u00e4 tekstiviestimuistutuksen asiakkaille, joiden puhelinnumero on Verohallinnon tiedossa ja joiden veroilmoitus ei ole viel\u00e4 saapunut.\u00a0<\/p>\n<p><strong>Huolehdi Suomi.fi-valtuudet kuntoon ajoissa<\/strong><\/p>\n<p>Kirjanpit\u00e4j\u00e4 tai muu asianhoitaja voi antaa veroilmoituksen s\u00e4hk\u00f6isesti toisen puolesta, kun h\u00e4n on saanut Suomi.fi-valtuuden veroasioiden hoitoa varten. Tarkista Suomi.fi:n Valtuudet-palvelusta, ett\u00e4 valtuudet ovat ajan tasalla.<\/p>\n<p>Jos esimerkiksi tilitoimisto ei ole viel\u00e4 saanut asiakkaalta Suomi.fi-valtuutta s\u00e4hk\u00f6iseen asiointiin, tilitoimisto ehtii hyvin tehd\u00e4 valtuuspyynn\u00f6n Suomi.fi:ss\u00e4 ja saada valtuuden kuntoon ennen veroilmoitusten m\u00e4\u00e4r\u00e4p\u00e4ivi\u00e4.<\/p>\n<p>Yritt\u00e4j\u00e4t, maataloudenharjoittajat ja mets\u00e4taloudenharjoittajat voivat my\u00f6s itse antaa valtuuden haluamalleen asianhoitajalle. Yhtym\u00e4n osakkaat voivat antaa valtuuden yhdess\u00e4 esimerkiksi yhdelle osakkaalle. Tukea valtuuden antamiseen saa uudistetuista ja yksityiskohtaisista ohjeista vero.fi:ss\u00e4.<\/p>\n<p><strong>Elinkeinotoiminnan, maa- ja mets\u00e4talouden sek\u00e4 yhtymien veroilmoitusten m\u00e4\u00e4r\u00e4p\u00e4iv\u00e4t<\/strong> \u00a0<br \/>\n<strong>2.3.2026<\/strong><\/p>\n<ul>\n<li>Mets\u00e4talouden veroilmoitus 2C, jos harjoitat vain mets\u00e4taloutta. Sama m\u00e4\u00e4r\u00e4p\u00e4iv\u00e4 koskee mets\u00e4yhtymi\u00e4.<\/li>\n<li>Maatalousyhtymien veroilmoitus 2Y<\/li>\n<li>Arvonlis\u00e4veroilmoitus ja arvonlis\u00e4veron maksu, jos verokautesi on vuosi<\/li>\n<li>Maatalouden energiatuotteen valmisteveron palautushakemus<\/li>\n<\/ul>\n<p><strong>1.4.2026<\/strong><\/p>\n<ul>\n<li>Liikkeen- ja ammatinharjoittajien veroilmoitus 5<\/li>\n<li>Maatalouden veroilmoitus 2<\/li>\n<li>Maataloudenharjoittajat sek\u00e4 liikkeen- ja ammatinharjoittajat palauttavat kaikki tuloveroilmoituksensa, my\u00f6s esit\u00e4ytetyn veroilmoituksen 1.4.2026 Sama koskee puolisoiden esit\u00e4ytetty\u00e4 veroilmoitusta.<\/li>\n<li>Elinkeinoyhtymien veroilmoitus 6A<\/li>\n<\/ul>\n<p>Lis\u00e4tietoa veroilmoituksista<\/p>\n","protected":false},"excerpt":{"rendered":"Liikkeen- ja ammatinharjoittajien, maa- ja mets\u00e4talouden harjoittajien sek\u00e4 yhtymien veroilmoitusten m\u00e4\u00e4r\u00e4p\u00e4iv\u00e4t ovat maaliskuun alussa ja huhtikuun alussa. Ilmoita&hellip;\n","protected":false},"author":2,"featured_media":9828,"comment_status":"","ping_status":"","sticky":false,"template":"","format":"standard","meta":{"footnotes":""},"categories":[5],"tags":[22,23,26,27,33,31,30,17,24,25,28,29,15,18,21,32,19,20,16],"class_list":{"0":"post-142070","1":"post","2":"type-post","3":"status-publish","4":"format-standard","5":"has-post-thumbnail","7":"category-otsikot","8":"tag-breaking-news","9":"tag-breakingnews","10":"tag-featured-news","11":"tag-featurednews","12":"tag-fi","13":"tag-finland","14":"tag-finnish","15":"tag-headlines","16":"tag-latest-news","17":"tag-latestnews","18":"tag-main-news","19":"tag-mainnews","20":"tag-news","21":"tag-otsikot","22":"tag-paauutiset","23":"tag-suomi","24":"tag-top-stories","25":"tag-topstories","26":"tag-uutiset"},"share_on_mastodon":{"url":"https:\/\/pubeurope.com\/@fi\/115893416919772058","error":""},"_links":{"self":[{"href":"https:\/\/www.europesays.com\/fi\/wp-json\/wp\/v2\/posts\/142070","targetHints":{"allow":["GET"]}}],"collection":[{"href":"https:\/\/www.europesays.com\/fi\/wp-json\/wp\/v2\/posts"}],"about":[{"href":"https:\/\/www.europesays.com\/fi\/wp-json\/wp\/v2\/types\/post"}],"author":[{"embeddable":true,"href":"https:\/\/www.europesays.com\/fi\/wp-json\/wp\/v2\/users\/2"}],"replies":[{"embeddable":true,"href":"https:\/\/www.europesays.com\/fi\/wp-json\/wp\/v2\/comments?post=142070"}],"version-history":[{"count":0,"href":"https:\/\/www.europesays.com\/fi\/wp-json\/wp\/v2\/posts\/142070\/revisions"}],"wp:featuredmedia":[{"embeddable":true,"href":"https:\/\/www.europesays.com\/fi\/wp-json\/wp\/v2\/media\/9828"}],"wp:attachment":[{"href":"https:\/\/www.europesays.com\/fi\/wp-json\/wp\/v2\/media?parent=142070"}],"wp:term":[{"taxonomy":"category","embeddable":true,"href":"https:\/\/www.europesays.com\/fi\/wp-json\/wp\/v2\/categories?post=142070"},{"taxonomy":"post_tag","embeddable":true,"href":"https:\/\/www.europesays.com\/fi\/wp-json\/wp\/v2\/tags?post=142070"}],"curies":[{"name":"wp","href":"https:\/\/api.w.org\/{rel}","templated":true}]}}