{"id":142077,"date":"2026-01-14T12:34:11","date_gmt":"2026-01-14T12:34:11","guid":{"rendered":"https:\/\/www.europesays.com\/fi\/142077\/"},"modified":"2026-01-14T12:34:11","modified_gmt":"2026-01-14T12:34:11","slug":"zara-larssonin-kommenteista-nousi-kohu","status":"publish","type":"post","link":"https:\/\/www.europesays.com\/fi\/142077\/","title":{"rendered":"Zara Larssonin kommenteista nousi kohu"},"content":{"rendered":"<p>Laulaja Zara Larsson ilmaisi kovasanaisesti mielipiteens\u00e4 Yhdysvaltain ICE-agenteista.<\/p>\n<p class=\"article-body mb-nof-24 px-nof-16\">Ruotsalainen laulaja <a class=\"font-bold underline-offset-[0.12em] [text-decoration:var(--person-link-text-decoration)] ![text-decoration-color:var(--person-link-text-decoration-color)]\" href=\"https:\/\/www.is.fi\/haku\/?query=Zara%20Larsson\" rel=\"nofollow noopener\" target=\"_blank\">Zara Larsson<\/a> otti lauantaina voimakkaasti kantaa Yhdysvaltain maahanmuutto- ja tulliviraston (ICE) toimintaan.<\/p>\n<p class=\"article-body mb-nof-24 px-nof-16\">Yhdysvalloissa ty\u00f6ns\u00e4 puolesta paljon oleskeleva artisti listasi Instagramin tarinat-osiossa asioita, joita h\u00e4n rakastaa, kuten rikolliset, maahanmuuttajat ja sosialismi. Ironiseen s\u00e4vyyn kirjoitetun listan lopuksi h\u00e4n mainitsee, ett\u00e4 vihaa ICE:t\u00e4.<\/p>\n<p class=\"article-body mb-nof-24 px-nof-16\">Tarinoissa julkaistut p\u00e4ivitykset ovat n\u00e4ht\u00e4vill\u00e4 24 tunnin ajan. Useat mediat, kuten <a class=\"underline underline-offset-[0.12em] [text-decoration-thickness:var(--generic-link-underline-thickness)] [text-decoration-color:var(--generic-link-underline-color)] [text-decoration-skip-ink:var(--generic-link-underline-skip-ink)] break-words\" href=\"https:\/\/www.tmz.com\/2026\/01\/10\/zara-larsson-loves-criminals-hates-ice\/\" rel=\"nofollow noopener\" target=\"_blank\">TMZ <\/a>ja <a class=\"underline underline-offset-[0.12em] [text-decoration-thickness:var(--generic-link-underline-thickness)] [text-decoration-color:var(--generic-link-underline-color)] [text-decoration-skip-ink:var(--generic-link-underline-skip-ink)] break-words\" href=\"https:\/\/www.expressen.se\/noje\/zara-larssons-svar-jag-sa-inget-galet\/\" rel=\"nofollow noopener\" target=\"_blank\">Expressen<\/a>, ovat kirjoittaneet Larssonin avautumisesta.<\/p>\n<p class=\"article-body mb-nof-24 px-nof-16\">Toisessa Larssonin julkaisussa h\u00e4n lis\u00e4\u00e4, ett\u00e4 h\u00e4nen poikayst\u00e4v\u00e4ns\u00e4 on tuomittu rikoksesta noin kuusi vuotta sitten.<\/p>\n<p class=\"article-body mb-nof-24 px-nof-16\">\u2013 Syy, miksi ihana, rakastava, kiltti, v\u00e4litt\u00e4v\u00e4, my\u00f6t\u00e4tuntoinen, viisas, antelias, lahjakas ja ajattelevainen mieheni ei ole voinut tulla ollenkaan luokseni Yhdysvaltoihin, on se, ett\u00e4 h\u00e4nell\u00e4 on rikosrekisteri, artisti kirjoittaa.<\/p>\n<p class=\"article-body mb-nof-24 px-nof-16\">Larssonin mukaan h\u00e4nen poikayst\u00e4v\u00e4ns\u00e4 on tuomittu kannabiksen poltosta.<\/p>\n<p class=\"article-body mb-nof-24 px-nof-16\">\u2013 Olemme kuukausia ja kuukausia erossa toisistamme yhden pienen s\u00e4tk\u00e4n takia, h\u00e4n harmittelee.<\/p>\n<p class=\"article-body mb-nof-24 px-nof-16\">Seuraavissa julkaisuissa Larsson jatkaa paasaustaan ICE-agenteista kovin sanank\u00e4\u00e4ntein.<\/p>\n<p><img decoding=\"async\" src=\"https:\/\/www.europesays.com\/fi\/wp-content\/uploads\/2026\/01\/1768394051_469_468.jpg\" alt=\"Zara Larsson esiintyi Suomessa marraskuussa 2025.\" class=\"_Img_1rerz_1\" style=\"aspect-ratio:1.5\" loading=\"eager\"\/><\/p>\n<p class=\"article-picture-caption\">Zara Larsson esiintyi Suomessa marraskuussa 2025. Kuva:\u00a0Juhani Niiranen \/ HS<\/p>\n<p class=\"article-body mb-nof-24 px-nof-16\">Kirjoitukset ovat her\u00e4tt\u00e4neet ristiriitaisia mielipiteit\u00e4 sosiaalisessa mediassa. Osa arvostaa sit\u00e4, ett\u00e4 Larsson puhuu asiasta \u00e4\u00e4neen sill\u00e4kin uhalla, ettei h\u00e4n voisi palata maahan.<\/p>\n<p class=\"article-body mb-nof-24 px-nof-16\">Jotkut puolestaan ovat eri mielt\u00e4 Larssonin n\u00e4kemysten kanssa.<\/p>\n<p class=\"article-body mb-nof-24 px-nof-16\">Larsson kommentoi kohua viel\u00e4 my\u00f6hemmin omalla Instagram-tilill\u00e4\u00e4n. H\u00e4n kokee, ettei sanonut mit\u00e4\u00e4n \u201dhullua\u201d, vaan vastasi vain \u201dtrollille\u201d.<\/p>\n<p class=\"article-body mb-nof-24 px-nof-16\">H\u00e4n kertoo saaneensa oletetuilta Yhdysvaltain presidentin <a class=\"font-bold underline-offset-[0.12em] [text-decoration:var(--person-link-text-decoration)] ![text-decoration-color:var(--person-link-text-decoration-color)]\" href=\"https:\/\/www.is.fi\/haku\/?query=Donald%20Trumpin\" rel=\"nofollow noopener\" target=\"_blank\">Donald Trumpin<\/a> kannattajilta vihaisia viestej\u00e4 ulostulostaan. H\u00e4n kertoo olevansa kiitollinen, kun saa asua Ruotsissa.<\/p>\n<p class=\"article-body mb-nof-24 px-nof-16\">\u2013 Voin kritisoida hallitusta, voin kritisoida poliittisia johtajia, voin puhua avoimesti uskosta ja voin pukeutua miten haluan ilman, ett\u00e4 minun pit\u00e4isi pel\u00e4t\u00e4 joutuvani vankilaan, h\u00e4n kirjoittaa.<\/p>\n<p class=\"article-body mb-nof-24 px-nof-16\">ICE on ollut viime p\u00e4ivin\u00e4 otsikoissa keskiviikkoisen ampumisen takia. ICE-agentti ampui kuoliaaksi 37-vuotiaan naisen,<a class=\"font-bold underline-offset-[0.12em] [text-decoration:var(--person-link-text-decoration)] ![text-decoration-color:var(--person-link-text-decoration-color)]\" href=\"https:\/\/www.is.fi\/haku\/?query=%20Renee%20Goodin\" rel=\"nofollow noopener\" target=\"_blank\"> Renee Goodin<\/a>, Minneapolisissa. Alueella on ollut tapauksen j\u00e4lkeen laajoja ICE-vastaisia mielenosoituksia.<\/p>\n","protected":false},"excerpt":{"rendered":"Laulaja Zara Larsson ilmaisi kovasanaisesti mielipiteens\u00e4 Yhdysvaltain ICE-agenteista. Ruotsalainen laulaja Zara Larsson otti lauantaina voimakkaasti kantaa Yhdysvaltain maahanmuutto-&hellip;\n","protected":false},"author":2,"featured_media":142078,"comment_status":"","ping_status":"","sticky":false,"template":"","format":"standard","meta":{"footnotes":""},"categories":[132],"tags":[137,33,31,30,34,195,47,32,109],"class_list":{"0":"post-142077","1":"post","2":"type-post","3":"status-publish","4":"format-standard","5":"has-post-thumbnail","7":"category-musiikki","8":"tag-entertainment","9":"tag-fi","10":"tag-finland","11":"tag-finnish","12":"tag-ilta-sanomat","13":"tag-music","14":"tag-musiikki","15":"tag-suomi","16":"tag-viihde"},"share_on_mastodon":{"url":"https:\/\/pubeurope.com\/@fi\/115893479850401483","error":""},"_links":{"self":[{"href":"https:\/\/www.europesays.com\/fi\/wp-json\/wp\/v2\/posts\/142077","targetHints":{"allow":["GET"]}}],"collection":[{"href":"https:\/\/www.europesays.com\/fi\/wp-json\/wp\/v2\/posts"}],"about":[{"href":"https:\/\/www.europesays.com\/fi\/wp-json\/wp\/v2\/types\/post"}],"author":[{"embeddable":true,"href":"https:\/\/www.europesays.com\/fi\/wp-json\/wp\/v2\/users\/2"}],"replies":[{"embeddable":true,"href":"https:\/\/www.europesays.com\/fi\/wp-json\/wp\/v2\/comments?post=142077"}],"version-history":[{"count":0,"href":"https:\/\/www.europesays.com\/fi\/wp-json\/wp\/v2\/posts\/142077\/revisions"}],"wp:featuredmedia":[{"embeddable":true,"href":"https:\/\/www.europesays.com\/fi\/wp-json\/wp\/v2\/media\/142078"}],"wp:attachment":[{"href":"https:\/\/www.europesays.com\/fi\/wp-json\/wp\/v2\/media?parent=142077"}],"wp:term":[{"taxonomy":"category","embeddable":true,"href":"https:\/\/www.europesays.com\/fi\/wp-json\/wp\/v2\/categories?post=142077"},{"taxonomy":"post_tag","embeddable":true,"href":"https:\/\/www.europesays.com\/fi\/wp-json\/wp\/v2\/tags?post=142077"}],"curies":[{"name":"wp","href":"https:\/\/api.w.org\/{rel}","templated":true}]}}