{"id":142084,"date":"2026-01-14T12:41:13","date_gmt":"2026-01-14T12:41:13","guid":{"rendered":"https:\/\/www.europesays.com\/fi\/142084\/"},"modified":"2026-01-14T12:41:13","modified_gmt":"2026-01-14T12:41:13","slug":"sijoitusrahastoihin-tehtyjen-sijoitusten-arvo-nousi-ennatykseen-uutisia-lyhyesti","status":"publish","type":"post","link":"https:\/\/www.europesays.com\/fi\/142084\/","title":{"rendered":"Sijoitusrahastoihin tehtyjen sijoitusten arvo nousi enn\u00e4tykseen | Uutisia lyhyesti"},"content":{"rendered":"<p class=\"aw-1gybjub aw-1p7kakr kEtdKx cEmitX yle__article__paragraph\">Suomeen rekister\u00f6ityihin sijoitusrahastoihin tehtyjen sijoitusten arvo nousi viime vuoden lopussa uuteen enn\u00e4tykseen, kertoo Finanssiala.<\/p>\n<p class=\"aw-1gybjub aw-1p7kakr kEtdKx cEmitX yle__article__paragraph\">Rahastop\u00e4\u00e4oman yhteenlaskettu arvo nousi vuoden lopussa l\u00e4hes 202 miljardiin euroon, kun se vuotta aiemmin oli 184 miljardia euroa.<\/p>\n<p class=\"aw-1gybjub aw-1p7kakr kEtdKx cEmitX yle__article__paragraph\">Suomeen rekister\u00f6ityihin sijoitusrahastoihin sijoitettiin viime vuoden aikana yhteens\u00e4 5,6 miljardia euroa uusia p\u00e4\u00e4omia. Samaan aikaan rahastop\u00e4\u00e4omaa kasvatti my\u00f6s my\u00f6nteinen markkinakehitys.<\/p>\n<p class=\"aw-1gybjub aw-1p7kakr kEtdKx cEmitX yle__article__paragraph\">Finanssiala ry:n johtavan asiantuntijan <strong class=\"aw-ak79eh KyCXm yle__article__strong\">Mariia Somerlan<\/strong> mukaan sijoitusrahastojen p\u00e4\u00e4oma on kasvanut kymmeness\u00e4 vuodessa noin 100 miljardia euroa.<\/p>\n","protected":false},"excerpt":{"rendered":"Suomeen rekister\u00f6ityihin sijoitusrahastoihin tehtyjen sijoitusten arvo nousi viime vuoden lopussa uuteen enn\u00e4tykseen, kertoo Finanssiala. Rahastop\u00e4\u00e4oman yhteenlaskettu arvo nousi&hellip;\n","protected":false},"author":2,"featured_media":74,"comment_status":"","ping_status":"","sticky":false,"template":"","format":"standard","meta":{"footnotes":""},"categories":[76],"tags":[79,77,33,8096,31,30,1443,7900,1444,32,78],"class_list":{"0":"post-142084","1":"post","2":"type-post","3":"status-publish","4":"format-standard","5":"has-post-thumbnail","7":"category-talous","8":"tag-business","9":"tag-economy","10":"tag-fi","11":"tag-finanssiala","12":"tag-finland","13":"tag-finnish","14":"tag-rahastot","15":"tag-rahoitusala","16":"tag-sijoittaminen","17":"tag-suomi","18":"tag-talous"},"share_on_mastodon":{"url":"https:\/\/pubeurope.com\/@fi\/115893507417425199","error":""},"_links":{"self":[{"href":"https:\/\/www.europesays.com\/fi\/wp-json\/wp\/v2\/posts\/142084","targetHints":{"allow":["GET"]}}],"collection":[{"href":"https:\/\/www.europesays.com\/fi\/wp-json\/wp\/v2\/posts"}],"about":[{"href":"https:\/\/www.europesays.com\/fi\/wp-json\/wp\/v2\/types\/post"}],"author":[{"embeddable":true,"href":"https:\/\/www.europesays.com\/fi\/wp-json\/wp\/v2\/users\/2"}],"replies":[{"embeddable":true,"href":"https:\/\/www.europesays.com\/fi\/wp-json\/wp\/v2\/comments?post=142084"}],"version-history":[{"count":0,"href":"https:\/\/www.europesays.com\/fi\/wp-json\/wp\/v2\/posts\/142084\/revisions"}],"wp:featuredmedia":[{"embeddable":true,"href":"https:\/\/www.europesays.com\/fi\/wp-json\/wp\/v2\/media\/74"}],"wp:attachment":[{"href":"https:\/\/www.europesays.com\/fi\/wp-json\/wp\/v2\/media?parent=142084"}],"wp:term":[{"taxonomy":"category","embeddable":true,"href":"https:\/\/www.europesays.com\/fi\/wp-json\/wp\/v2\/categories?post=142084"},{"taxonomy":"post_tag","embeddable":true,"href":"https:\/\/www.europesays.com\/fi\/wp-json\/wp\/v2\/tags?post=142084"}],"curies":[{"name":"wp","href":"https:\/\/api.w.org\/{rel}","templated":true}]}}