{"id":142085,"date":"2026-01-14T12:42:07","date_gmt":"2026-01-14T12:42:07","guid":{"rendered":"https:\/\/www.europesays.com\/fi\/142085\/"},"modified":"2026-01-14T12:42:07","modified_gmt":"2026-01-14T12:42:07","slug":"yhdysvaltain-korkein-oikeus-tekee-paatoksia-donald-trumpin-tulleista-uutisia-lyhyesti","status":"publish","type":"post","link":"https:\/\/www.europesays.com\/fi\/142085\/","title":{"rendered":"Yhdysvaltain korkein oikeus tekee p\u00e4\u00e4t\u00f6ksi\u00e4 Donald Trumpin tulleista | Uutisia lyhyesti"},"content":{"rendered":"<p class=\"aw-1gybjub aw-5vja16 kEtdKx kmuxyA yle__article__paragraph\">Trumpin tullien haastaminen testaa presidentin valtaoikeuksia.<\/p>\n<p><img decoding=\"async\" alt=\"Donald Trump i en vit USA-keps.\" src=\"https:\/\/www.europesays.com\/fi\/wp-content\/uploads\/2026\/01\/39-158079369671faf1672a.jpeg\" class=\"aw-1l9m598 hKVVvP\"\/><\/p>\n<p>Avaa kuvien katselu<\/p>\n<p>Korkeimman oikeuden p\u00e4\u00e4t\u00f6kset Trumpin tulleista vaikuttavat maailmanlaajuiseen talouteen. Kuva: Mandel Ngan \/ AFP<\/p>\n<p class=\"aw-1gybjub aw-1p7kakr kEtdKx cEmitX yle__article__paragraph\">Yhdysvaltain korkeimman oikeuden odotetaan keskiviikkona antavan p\u00e4\u00e4t\u00f6ksi\u00e4 siit\u00e4, onko presidentti <strong class=\"aw-ak79eh KyCXm yle__article__strong\">Donald Trump<\/strong> ylitt\u00e4nyt valtuutensa m\u00e4\u00e4r\u00e4tess\u00e4\u00e4n tulleja l\u00e4hes kaikille ulkomaalaisille kauppakumppaneille.<\/p>\n<p class=\"aw-1gybjub aw-1p7kakr kEtdKx cEmitX yle__article__paragraph\">Korkeimman oikeuden p\u00e4\u00e4t\u00f6kset vaikuttavat maailmanlaajuiseen talouteen.<\/p>\n<p class=\"aw-1gybjub aw-1p7kakr kEtdKx cEmitX yle__article__paragraph\">Alemmat oikeusasteet ovat katsoneet Trumpin ylitt\u00e4neen toimivaltansa. Trumpin hallinto on valittanut n\u00e4ist\u00e4 ratkaisuista.<\/p>\n<p class=\"aw-1gybjub aw-1p7kakr kEtdKx cEmitX yle__article__paragraph\">Trumpin tullien haastaminen on merkitt\u00e4v\u00e4 testi presidentin valtaoikeuksia kohtaan.<\/p>\n<p class=\"aw-1gybjub aw-1p7kakr kEtdKx cEmitX yle__article__paragraph\">Trump m\u00e4\u00e4r\u00e4si tullit vedoten vuoden 1977 International Emergency Economic Powers Act -lakia, jota on tarkoitus k\u00e4ytt\u00e4\u00e4 kansallisissa h\u00e4t\u00e4tilanteissa.<\/p>\n<p class=\"aw-1gybjub aw-1p7kakr kEtdKx cEmitX yle__article__paragraph\">Trumpin mukaan Yhdysvaltojen kauppataseen alij\u00e4\u00e4m\u00e4t viittasivat kansalliseen h\u00e4t\u00e4tilanteeseen. Kanadan ja Meksikon tulleja h\u00e4n perusteli Yhdysvaltoihin suuntautuvalla fentanyylin ja huumeiden salakuljetuksella.<\/p>\n<p class=\"aw-1gybjub aw-1p7kakr kEtdKx cEmitX yle__article__paragraph\">Tulleja koskevat haasteet korkeimmassa oikeudessa ovat per\u00e4isin tullien kohteena olleilta yrityksilt\u00e4 sek\u00e4 12 Yhdysvaltain osavaltiolta, joista useimmat ovat demokraattijohtoisia.<\/p>\n<p class=\"aw-1gybjub aw-1p7kakr kEtdKx cEmitX yle__article__paragraph\">L\u00e4hde: Reuters<\/p>\n","protected":false},"excerpt":{"rendered":"Trumpin tullien haastaminen testaa presidentin valtaoikeuksia. Avaa kuvien katselu Korkeimman oikeuden p\u00e4\u00e4t\u00f6kset Trumpin tulleista vaikuttavat maailmanlaajuiseen talouteen. Kuva:&hellip;\n","protected":false},"author":2,"featured_media":142086,"comment_status":"","ping_status":"","sticky":false,"template":"","format":"standard","meta":{"footnotes":""},"categories":[14],"tags":[22,23,585,26,27,33,31,30,17,24,25,28,29,15,1915,18,21,32,19,20,56,16,59,60,61,619],"class_list":{"0":"post-142085","1":"post","2":"type-post","3":"status-publish","4":"format-standard","5":"has-post-thumbnail","7":"category-ulkomaat","8":"tag-breaking-news","9":"tag-breakingnews","10":"tag-donald-trump","11":"tag-featured-news","12":"tag-featurednews","13":"tag-fi","14":"tag-finland","15":"tag-finnish","16":"tag-headlines","17":"tag-latest-news","18":"tag-latestnews","19":"tag-main-news","20":"tag-mainnews","21":"tag-news","22":"tag-oikeus","23":"tag-otsikot","24":"tag-paauutiset","25":"tag-suomi","26":"tag-top-stories","27":"tag-topstories","28":"tag-ulkomaat","29":"tag-uutiset","30":"tag-world","31":"tag-world-news","32":"tag-worldnews","33":"tag-yhdysvallat"},"share_on_mastodon":{"url":"https:\/\/pubeurope.com\/@fi\/115893511409038297","error":""},"_links":{"self":[{"href":"https:\/\/www.europesays.com\/fi\/wp-json\/wp\/v2\/posts\/142085","targetHints":{"allow":["GET"]}}],"collection":[{"href":"https:\/\/www.europesays.com\/fi\/wp-json\/wp\/v2\/posts"}],"about":[{"href":"https:\/\/www.europesays.com\/fi\/wp-json\/wp\/v2\/types\/post"}],"author":[{"embeddable":true,"href":"https:\/\/www.europesays.com\/fi\/wp-json\/wp\/v2\/users\/2"}],"replies":[{"embeddable":true,"href":"https:\/\/www.europesays.com\/fi\/wp-json\/wp\/v2\/comments?post=142085"}],"version-history":[{"count":0,"href":"https:\/\/www.europesays.com\/fi\/wp-json\/wp\/v2\/posts\/142085\/revisions"}],"wp:featuredmedia":[{"embeddable":true,"href":"https:\/\/www.europesays.com\/fi\/wp-json\/wp\/v2\/media\/142086"}],"wp:attachment":[{"href":"https:\/\/www.europesays.com\/fi\/wp-json\/wp\/v2\/media?parent=142085"}],"wp:term":[{"taxonomy":"category","embeddable":true,"href":"https:\/\/www.europesays.com\/fi\/wp-json\/wp\/v2\/categories?post=142085"},{"taxonomy":"post_tag","embeddable":true,"href":"https:\/\/www.europesays.com\/fi\/wp-json\/wp\/v2\/tags?post=142085"}],"curies":[{"name":"wp","href":"https:\/\/api.w.org\/{rel}","templated":true}]}}