{"id":142094,"date":"2026-01-14T13:00:07","date_gmt":"2026-01-14T13:00:07","guid":{"rendered":"https:\/\/www.europesays.com\/fi\/142094\/"},"modified":"2026-01-14T13:00:07","modified_gmt":"2026-01-14T13:00:07","slug":"jack-osbourne-kertoo-tulevasta-ozzy-elokuvasta-on-varsin-innoissaan-paaosaan-kiinnitetysta-nayttelijasta","status":"publish","type":"post","link":"https:\/\/www.europesays.com\/fi\/142094\/","title":{"rendered":"Jack Osbourne kertoo tulevasta Ozzy-elokuvasta \u2013 on varsin innoissaan p\u00e4\u00e4osaan kiinnitetyst\u00e4 n\u00e4yttelij\u00e4st\u00e4"},"content":{"rendered":"<p>Jack Osbourne vieraili SiriusXM-kanavan <a href=\"https:\/\/youtu.be\/cwtBnsXvQpQ?si=m4VVFB4xsitAXedn\" rel=\"nofollow noopener\" target=\"_blank\">Influenced-ohjelmassa<\/a> kertomassa hieman kuulumisiaan. Puheeksi nousi suunniteltu Ozzy Osbournen el\u00e4m\u00e4kertaelokuva, josta on kuiskittu jo hyv\u00e4n aikaa mutta josta ei ole viel\u00e4 liiemmin kuulunut yksityiskohtia. Jack vahvistaa, ett\u00e4 elokuva on todellakin tuloillaan ja projekti etenee hyv\u00e4\u00e4 vauhtia.<\/p>\n<p>Elokuva tiett\u00e4v\u00e4sti k\u00e4sittelee Ozzy ja Sharon Osbournen yhteist\u00e4 taivalta, ja siin\u00e4h\u00e4n tiett\u00e4v\u00e4sti riitti sek\u00e4 yl\u00e4- ett\u00e4 alam\u00e4ki\u00e4. Jack tuntuu olevan leffasta innoissaan.<\/p>\n<p>\u201dSe on n\u00e4ytelty elokuva, ja olemme ty\u00f6st\u00e4neet sit\u00e4 Sonyn kanssa jo suunnilleen kuuden vuoden ajan\u201d, Jack Osbourne kertoo ja jatkaa:<\/p>\n<p>\u201dOlemme jo p\u00e4\u00e4tt\u00e4neet, kuka esitt\u00e4\u00e4 Ozzya. En voi kertoa siit\u00e4 mit\u00e4\u00e4n viel\u00e4 julkisesti, mutta kysymyksess\u00e4 on ilmi\u00f6m\u00e4inen, siis ilmi\u00f6m\u00e4inen n\u00e4yttelij\u00e4. Projektiin on jo nimetty ohjaaja, ja ty\u00f6st\u00e4mme paraikaa k\u00e4sikirjoitusta uusiksi.\u201d<\/p>\n<p>Jack sanoo my\u00f6s, ett\u00e4 h\u00e4nen is\u00e4ns\u00e4 suhtautui elokuvaprojektiin hivenen verran huvittuneesti. Ozzy kuoli 22. hein\u00e4kuuta 2025.<\/p>\n<p>\u201dPidin h\u00e4nt\u00e4 projektista ajan tasalla. Saatoin kertoa, ett\u00e4 olemme tavanneet t\u00e4m\u00e4n ja t\u00e4m\u00e4n tyypin ja ett\u00e4 elokuva todella toteutuu. H\u00e4n vain totesi, ett\u00e4 ihan sama, kerro vain minulle milloin se on valmis niin voin menn\u00e4 katsomaan sen.\u201d<\/p>\n<p>Lue my\u00f6s: <a href=\"https:\/\/www.soundi.fi\/uutiskirje\/\" title=\"Tilaa Soundin uutiskirje\" class=\"underline-custom !font-montserrat !font-bold !underline-offset-4 !decoration-4 !decoration-red-600 !text-md\" rel=\"nofollow noopener\" target=\"_blank\">Tilaa Soundin uutiskirje ja tied\u00e4t mist\u00e4 kahvitauolla puhutaan! Nappaa ajankohtaiset musiikin uutiset ja puheenaiheet suoraan s\u00e4hk\u00f6postiin t\u00e4st\u00e4.<\/a><\/p>\n","protected":false},"excerpt":{"rendered":"Jack Osbourne vieraili SiriusXM-kanavan Influenced-ohjelmassa kertomassa hieman kuulumisiaan. Puheeksi nousi suunniteltu Ozzy Osbournen el\u00e4m\u00e4kertaelokuva, josta on kuiskittu jo&hellip;\n","protected":false},"author":2,"featured_media":142095,"comment_status":"","ping_status":"","sticky":false,"template":"","format":"standard","meta":{"footnotes":""},"categories":[132],"tags":[623,137,33,31,30,195,47,32,109],"class_list":{"0":"post-142094","1":"post","2":"type-post","3":"status-publish","4":"format-standard","5":"has-post-thumbnail","7":"category-musiikki","8":"tag-elokuva","9":"tag-entertainment","10":"tag-fi","11":"tag-finland","12":"tag-finnish","13":"tag-music","14":"tag-musiikki","15":"tag-suomi","16":"tag-viihde"},"share_on_mastodon":{"url":"https:\/\/pubeurope.com\/@fi\/115893582165854909","error":""},"_links":{"self":[{"href":"https:\/\/www.europesays.com\/fi\/wp-json\/wp\/v2\/posts\/142094","targetHints":{"allow":["GET"]}}],"collection":[{"href":"https:\/\/www.europesays.com\/fi\/wp-json\/wp\/v2\/posts"}],"about":[{"href":"https:\/\/www.europesays.com\/fi\/wp-json\/wp\/v2\/types\/post"}],"author":[{"embeddable":true,"href":"https:\/\/www.europesays.com\/fi\/wp-json\/wp\/v2\/users\/2"}],"replies":[{"embeddable":true,"href":"https:\/\/www.europesays.com\/fi\/wp-json\/wp\/v2\/comments?post=142094"}],"version-history":[{"count":0,"href":"https:\/\/www.europesays.com\/fi\/wp-json\/wp\/v2\/posts\/142094\/revisions"}],"wp:featuredmedia":[{"embeddable":true,"href":"https:\/\/www.europesays.com\/fi\/wp-json\/wp\/v2\/media\/142095"}],"wp:attachment":[{"href":"https:\/\/www.europesays.com\/fi\/wp-json\/wp\/v2\/media?parent=142094"}],"wp:term":[{"taxonomy":"category","embeddable":true,"href":"https:\/\/www.europesays.com\/fi\/wp-json\/wp\/v2\/categories?post=142094"},{"taxonomy":"post_tag","embeddable":true,"href":"https:\/\/www.europesays.com\/fi\/wp-json\/wp\/v2\/tags?post=142094"}],"curies":[{"name":"wp","href":"https:\/\/api.w.org\/{rel}","templated":true}]}}