{"id":142096,"date":"2026-01-14T13:01:06","date_gmt":"2026-01-14T13:01:06","guid":{"rendered":"https:\/\/www.europesays.com\/fi\/142096\/"},"modified":"2026-01-14T13:01:06","modified_gmt":"2026-01-14T13:01:06","slug":"avengers-doomsdayn-trailerit-eivat-olekaan-trailereita-nain-niita-pitaisi-ohjaajien-mukaan-kutsua","status":"publish","type":"post","link":"https:\/\/www.europesays.com\/fi\/142096\/","title":{"rendered":"Avengers: Doomsdayn trailerit eiv\u00e4t olekaan trailereita &#8211; n\u00e4in niit\u00e4 pit\u00e4isi ohjaajien mukaan kutsua"},"content":{"rendered":"<p>Avengers: Doomsday saa ensi-iltansa joulukuussa 2026. Tulevasta on alettu vihjailla jo nyt.<\/p>\n<p>Ensi joulukuussa julkaistavan <a href=\"https:\/\/muropaketti.com\/avainsana\/avengers-doomsday\/\" rel=\"nofollow noopener\" target=\"_blank\">Avengers: Doomsday<\/a> -elokuvan markkinointikampanja on alkanut varsin vakuuttavasti. T\u00e4m\u00e4 alkoi syksyll\u00e4 2025 sill\u00e4, ett\u00e4 Marvel Studios julkaisi teaserin, jossa n\u00e4htiin pelkki\u00e4 tuolia nimineen.<\/p>\n<p>Vuoden vaihteessa alkoivat varsinaista aihetta sivuavat teaserit, joita on julkaistu ensin Avatar: Fire and Ash -elokuvan yhteydess\u00e4 elokuvateattereissa ja my\u00f6hemmin my\u00f6s YouTubessa. Vaikuttaa siis silt\u00e4, ett\u00e4 elokuvan ymp\u00e4rille pyrit\u00e4\u00e4n luomaan p\u00f6hin\u00e4\u00e4 koko vuoden ajalle.<\/p>\n<p>Elokuvan ohjanneiden Anthony ja Joe Russon mukaan n\u00e4m\u00e4 mainokset eiv\u00e4t kuitenkaan ole varsinaisia trailereita. He kommentoivat asiaa <a href=\"https:\/\/www.instagram.com\/p\/DTdCXo-iE-C\/?hl=en\" target=\"_blank\" rel=\"noreferrer noopener nofollow\">Instagramissa<\/a> n\u00e4in:<\/p>\n<p>\u201cNe mit\u00e4 olet katsonut viimeiset nelj\u00e4 viikkoa\u2026 ne eiv\u00e4t ole teasereita. Tai trailereita.<\/p>\n<p>Ne ovat tarinoita. Ne ovat vihjeit\u00e4\u2026<\/p>\n<p>Ole tarkkana.<\/p>\n<p>#DoomsdayHasBegun\u201d<\/p>\n<p>Avengers: Doomsdayssa n\u00e4yttelev\u00e4t ainakin Chris Hemsworth, Tom Hiddleston, Chris Evans, Paul Rudd, Letitia Wright, Anthony Mackie, Simu Liu, Danny Ramirez, Winston Duke, Sebastian Stan, Florence Pugh, Wyatt Russell, David Harbour, Hannah John-Kamen, Lewis Pullman, Patrick Stewart, Ian McKellen, James Marsden, Rebecca Romijn, Alan Cumming, Kelsey Grammer, Channing Tatum, Pedro Pascal, Vanessa Kirby, Ebon Moss-Bachrach, Joseph Quinn, Tenoch Huerta Mej\u00eda ja Robert Downey Jr.<\/p>\n<p>T\u00e4ss\u00e4 kaikki nelj\u00e4 t\u00e4h\u00e4n menness\u00e4 julkaistua \u201cvihjett\u00e4\u201d:<\/p>\n<p><script async src=\"\/\/www.instagram.com\/embed.js\"><\/script><\/p>\n","protected":false},"excerpt":{"rendered":"Avengers: Doomsday saa ensi-iltansa joulukuussa 2026. Tulevasta on alettu vihjailla jo nyt. Ensi joulukuussa julkaistavan Avengers: Doomsday -elokuvan&hellip;\n","protected":false},"author":2,"featured_media":129464,"comment_status":"","ping_status":"","sticky":false,"template":"","format":"standard","meta":{"footnotes":""},"categories":[131],"tags":[9187,809,155,2873,137,33,173,31,30,9188,2813,172,32,109],"class_list":{"0":"post-142096","1":"post","2":"type-post","3":"status-publish","4":"format-standard","5":"has-post-thumbnail","7":"category-elokuvat","8":"tag-anthony-russo","9":"tag-avengers-doomsday","10":"tag-elokuvat","11":"tag-elokuvatrailerit","12":"tag-entertainment","13":"tag-fi","14":"tag-film","15":"tag-finland","16":"tag-finnish","17":"tag-joe-russo","18":"tag-marvel-studios","19":"tag-movies","20":"tag-suomi","21":"tag-viihde"},"share_on_mastodon":{"url":"https:\/\/pubeurope.com\/@fi\/115893586000597598","error":""},"_links":{"self":[{"href":"https:\/\/www.europesays.com\/fi\/wp-json\/wp\/v2\/posts\/142096","targetHints":{"allow":["GET"]}}],"collection":[{"href":"https:\/\/www.europesays.com\/fi\/wp-json\/wp\/v2\/posts"}],"about":[{"href":"https:\/\/www.europesays.com\/fi\/wp-json\/wp\/v2\/types\/post"}],"author":[{"embeddable":true,"href":"https:\/\/www.europesays.com\/fi\/wp-json\/wp\/v2\/users\/2"}],"replies":[{"embeddable":true,"href":"https:\/\/www.europesays.com\/fi\/wp-json\/wp\/v2\/comments?post=142096"}],"version-history":[{"count":0,"href":"https:\/\/www.europesays.com\/fi\/wp-json\/wp\/v2\/posts\/142096\/revisions"}],"wp:featuredmedia":[{"embeddable":true,"href":"https:\/\/www.europesays.com\/fi\/wp-json\/wp\/v2\/media\/129464"}],"wp:attachment":[{"href":"https:\/\/www.europesays.com\/fi\/wp-json\/wp\/v2\/media?parent=142096"}],"wp:term":[{"taxonomy":"category","embeddable":true,"href":"https:\/\/www.europesays.com\/fi\/wp-json\/wp\/v2\/categories?post=142096"},{"taxonomy":"post_tag","embeddable":true,"href":"https:\/\/www.europesays.com\/fi\/wp-json\/wp\/v2\/tags?post=142096"}],"curies":[{"name":"wp","href":"https:\/\/api.w.org\/{rel}","templated":true}]}}