{"id":142119,"date":"2026-01-14T13:35:06","date_gmt":"2026-01-14T13:35:06","guid":{"rendered":"https:\/\/www.europesays.com\/fi\/142119\/"},"modified":"2026-01-14T13:35:06","modified_gmt":"2026-01-14T13:35:06","slug":"varoitus-moskovan-aikeista-tahtaimessa-on-laajempi-konflikti","status":"publish","type":"post","link":"https:\/\/www.europesays.com\/fi\/142119\/","title":{"rendered":"Varoitus Moskovan aikeista: T\u00e4ht\u00e4imess\u00e4 on laajempi konflikti"},"content":{"rendered":"<p class=\"ai-optimize-6 ai-optimize-introduction\">Ven\u00e4j\u00e4n asevoimien tekemien hankintojen tulisi olla h\u00e4lytysmerkki Euroopalle, arvioivat Rand-ajatuspajan tutkija <strong>Jacob Parakilas<\/strong> ja Kyiv School of Economics -instituutin tutkija <strong>Pavlo Shkurenko<\/strong>.<\/p>\n<p class=\"ai-optimize-6\">Kreml jatkaa t\u00e4ysimittaista hy\u00f6kk\u00e4yst\u00e4\u00e4n Ukrainassa, mutta koettelee samalla l\u00e4nnen puolustusta drooneilla, miehitettyjen lentokoneiden ilmatilaloukkauksilla ja sota-aluksilla. Tutkijoiden mukaan t\u00e4m\u00e4 ei ole sattumaa vaan johdonmukainen yritys tehd\u00e4 tunkeutumisista normaalia.<\/p>\n<p class=\"ai-optimize-6\">Ven\u00e4j\u00e4n sotateollinen kompleksi laajentaa samalla tuotantoaan.<\/p>\n<p class=\"ai-optimize-7\">\u2013 Tarkempi katsaus Moskovan sotilaallisiin hankintap\u00e4\u00e4t\u00f6ksiin nostaa esiin, miksi Euroopan pit\u00e4\u00e4 varautua jatkuvaan Ven\u00e4j\u00e4n paineeseen Ukrainan ulkopuolellakin, Parakilas ja Shkurenko kirjoittavat <a href=\"https:\/\/foreignpolicy.com\/2026\/01\/07\/russia-ukraine-putin-europe-drones-missiles\/\" target=\"_blank\" rel=\"noopener nofollow\">Foreign Policy<\/a> -lehdess\u00e4.<\/p>\n<p class=\"ai-optimize-6\">Heid\u00e4n mukaansa Ven\u00e4j\u00e4n laivasto- ja ohjussektorilla on n\u00e4kyviss\u00e4 kolme huolestuttavaa trendi\u00e4: tuotantolaitosten nopea laajentaminen, strategisten asej\u00e4rjestelmien priorisointi ja investoinnit, jotka t\u00e4ht\u00e4\u00e4v\u00e4t pitk\u00e4n aikav\u00e4lin operatiiviseen kest\u00e4vyyteen eiv\u00e4tk\u00e4 lyhytaikaiseen sodanajan lis\u00e4ykseen.<\/p>\n<p class=\"ai-optimize-7\">Nato on toistaiseksi vastannut reaktiivisesti, mutta liittouman pit\u00e4isi t\u00e4m\u00e4n lis\u00e4ksi keskitty\u00e4 uskottavan pelotevaikutuksen vahvistamiseen.<\/p>\n<p class=\"ai-optimize-8\">Jos <strong>Vladimir Putinin<\/strong> huomio olisi vain Ukrainassa, voisi h\u00e4nen olettaa siirt\u00e4v\u00e4n voimavaroja laivanrakennuksesta maavoimille ja lentokoneiden tuotantoon. Ven\u00e4j\u00e4n telakat tuottavat sen sijaan kalustoa, joka uhkaa suoraan Eurooppaa. T\u00e4m\u00e4 huolimatta pakotteista ja tuotannon kroonisesta tehottomuudesta.<\/p>\n<p class=\"ai-optimize-9\">Hankintalistoilla on pohjoisiin olosuhteisiin soveltuvia laivoja, huoltoaluksia ja uusia sukellusveneit\u00e4. Niiden tarkoituksena on kuljettaa risteilyohjuksia ja elektronisen sodank\u00e4ynnin j\u00e4rjestelmi\u00e4 Naton haavoittuvimmille meriv\u00e4ylille.<\/p>\n<p class=\"ai-optimize-10\">\u2013 On t\u00e4rke\u00e4\u00e4 huomata, ett\u00e4 niill\u00e4 ei kilpailla Yhdysvaltain laivaston kanssa avomerell\u00e4, vaan toiminta tapahtuu l\u00e4hemp\u00e4n\u00e4 kotimaata eli l\u00e4hinn\u00e4 Pohjois-Euroopan vesill\u00e4, Jacob Parakilas ja Pavlo Shkurenko sanovat.<\/p>\n<p class=\"ai-optimize-11\">Ven\u00e4j\u00e4 on my\u00f6s kasvattanut ohjustuotantoaan vuoden 2023 j\u00e4lkeen, ja tavoitteena on tuottaa 115\u2013130 pitk\u00e4n kantaman asej\u00e4rjestelm\u00e4\u00e4 kuukaudessa.<\/p>\n<p class=\"ai-optimize-11\">T\u00e4m\u00e4 riitt\u00e4isi varastojen kasvattamiseen Ukrainan sotatoimien ohella.<\/p>\n<p class=\"ai-optimize-11\">\u2013 Ven\u00e4j\u00e4n teolliset investoinnit muodostavat uhkailuun sopivaa ty\u00f6kalupakkia, jonka selv\u00e4n\u00e4 kohteena on Euroopan alue, tutkijat varoittavat.<\/p>\n<p>Poimintoja videosis\u00e4ll\u00f6ist\u00e4mme<\/p>\n","protected":false},"excerpt":{"rendered":"Ven\u00e4j\u00e4n asevoimien tekemien hankintojen tulisi olla h\u00e4lytysmerkki Euroopalle, arvioivat Rand-ajatuspajan tutkija Jacob Parakilas ja Kyiv School of Economics&hellip;\n","protected":false},"author":2,"featured_media":142120,"comment_status":"","ping_status":"","sticky":false,"template":"","format":"standard","meta":{"footnotes":""},"categories":[14],"tags":[22,23,26,27,33,31,30,17,24,25,28,29,15,18,21,32,19,20,56,16,547,59,60,61],"class_list":{"0":"post-142119","1":"post","2":"type-post","3":"status-publish","4":"format-standard","5":"has-post-thumbnail","7":"category-ulkomaat","8":"tag-breaking-news","9":"tag-breakingnews","10":"tag-featured-news","11":"tag-featurednews","12":"tag-fi","13":"tag-finland","14":"tag-finnish","15":"tag-headlines","16":"tag-latest-news","17":"tag-latestnews","18":"tag-main-news","19":"tag-mainnews","20":"tag-news","21":"tag-otsikot","22":"tag-paauutiset","23":"tag-suomi","24":"tag-top-stories","25":"tag-topstories","26":"tag-ulkomaat","27":"tag-uutiset","28":"tag-venaja","29":"tag-world","30":"tag-world-news","31":"tag-worldnews"},"share_on_mastodon":{"url":"https:\/\/pubeurope.com\/@fi\/115893720077783690","error":""},"_links":{"self":[{"href":"https:\/\/www.europesays.com\/fi\/wp-json\/wp\/v2\/posts\/142119","targetHints":{"allow":["GET"]}}],"collection":[{"href":"https:\/\/www.europesays.com\/fi\/wp-json\/wp\/v2\/posts"}],"about":[{"href":"https:\/\/www.europesays.com\/fi\/wp-json\/wp\/v2\/types\/post"}],"author":[{"embeddable":true,"href":"https:\/\/www.europesays.com\/fi\/wp-json\/wp\/v2\/users\/2"}],"replies":[{"embeddable":true,"href":"https:\/\/www.europesays.com\/fi\/wp-json\/wp\/v2\/comments?post=142119"}],"version-history":[{"count":0,"href":"https:\/\/www.europesays.com\/fi\/wp-json\/wp\/v2\/posts\/142119\/revisions"}],"wp:featuredmedia":[{"embeddable":true,"href":"https:\/\/www.europesays.com\/fi\/wp-json\/wp\/v2\/media\/142120"}],"wp:attachment":[{"href":"https:\/\/www.europesays.com\/fi\/wp-json\/wp\/v2\/media?parent=142119"}],"wp:term":[{"taxonomy":"category","embeddable":true,"href":"https:\/\/www.europesays.com\/fi\/wp-json\/wp\/v2\/categories?post=142119"},{"taxonomy":"post_tag","embeddable":true,"href":"https:\/\/www.europesays.com\/fi\/wp-json\/wp\/v2\/tags?post=142119"}],"curies":[{"name":"wp","href":"https:\/\/api.w.org\/{rel}","templated":true}]}}