{"id":142129,"date":"2026-01-14T13:54:08","date_gmt":"2026-01-14T13:54:08","guid":{"rendered":"https:\/\/www.europesays.com\/fi\/142129\/"},"modified":"2026-01-14T13:54:08","modified_gmt":"2026-01-14T13:54:08","slug":"uusi-taru-sormusten-herrasta-elokuva-klonkun-metsastys-alkaa-toukokuussa","status":"publish","type":"post","link":"https:\/\/www.europesays.com\/fi\/142129\/","title":{"rendered":"Uusi Taru sormusten herrasta -elokuva: Klonkun mets\u00e4stys alkaa toukokuussa"},"content":{"rendered":"<p class=\"article-content article-content-width !bg-background\">Taru sormusten herrasta -elokuvien sarja jatkuu yli 20 vuoden j\u00e4lkeen, kun The Lord of the Rings: The Hunt for Gollumin kuvaukset k\u00e4ynnistyv\u00e4t toukokuussa Uudessa-Seelannissa.<\/p>\n<p class=\"article-content article-content-width !bg-background\">Nimens\u00e4 mukaisesti Klonkun mets\u00e4styksest\u00e4 kertovan elokuvan ohjaa <a alt=\"Haku\" class=\"text-primary-red font-extrabold\" href=\"https:\/\/www.seiska.fi\/haku?q=Andy Serkis\" rel=\"nofollow noopener\" target=\"_blank\">Andy Serkis<\/a>, joka n\u00e4hd\u00e4\u00e4n my\u00f6s sen nimiroolissa. Serkis esitti Klonkkua vuosina 2001-2003 julkaistussa alkuper\u00e4isess\u00e4 Taru sormusten herrasta -elokuvatrilogiassa.<\/p>\n<p class=\"article-content article-content-width !bg-background\">Trilogian sek\u00e4 kolme Hobitti-elokuvaa ohjannut <a alt=\"Haku\" class=\"text-primary-red font-extrabold\" href=\"https:\/\/www.seiska.fi\/haku?q=Peter Jackson\" rel=\"nofollow noopener\" target=\"_blank\">Peter Jackson<\/a> toimii uudessa elokuvassa tuottajana vaimonsa <a alt=\"Haku\" class=\"text-primary-red font-extrabold\" href=\"https:\/\/www.seiska.fi\/haku?q=Fran Walshin\" rel=\"nofollow noopener\" target=\"_blank\">Fran Walshin<\/a> ja <a alt=\"Haku\" class=\"text-primary-red font-extrabold\" href=\"https:\/\/www.seiska.fi\/haku?q=Philippa Boyensin\" rel=\"nofollow noopener\" target=\"_blank\">Philippa Boyensin<\/a> kanssa. Walsh ja Boyens ovat my\u00f6s k\u00e4sikirjoittaneet The Hunt for Gollumin <a alt=\"Haku\" class=\"text-primary-red font-extrabold\" href=\"https:\/\/www.seiska.fi\/haku?q=J. R. R. Tolkienin\" rel=\"nofollow noopener\" target=\"_blank\">J. R. R. Tolkienin<\/a> alkuper\u00e4isteoksen pohjalta. Juonen kerrotaan sijoittuvan samaan aikaan trilogian ensimm\u00e4isen osan Sormuksen ritarit kanssa.<\/p>\n<p>                <img decoding=\"async\" src=\"https:\/\/www.europesays.com\/fi\/wp-content\/uploads\/2026\/01\/2045237.webp.jpeg\" width=\"576\" height=\"360\" alt=\"Tunnistamaton Andy Serkis Klonkkuna.\" loading=\"lazy\" \/>            <\/p>\n<p>\n            Tunnistamaton Andy Serkis Klonkkuna.<br \/>\n            New Line Cinema\n        <\/p>\n<p>Teko\u00e4lyll\u00e4 nuoremmaksi<\/p>\n<p class=\"article-content article-content-width !bg-background\">Serkisin lis\u00e4ksi elokuvassa n\u00e4hd\u00e4\u00e4n ainakin Frodon ja Gandalfin rooleihin palaavat <a alt=\"Haku\" class=\"text-primary-red font-extrabold\" href=\"https:\/\/www.seiska.fi\/haku?q=Elijah Wood\" rel=\"nofollow noopener\" target=\"_blank\">Elijah Wood<\/a> ja <a alt=\"Haku\" class=\"text-primary-red font-extrabold\" href=\"https:\/\/www.seiska.fi\/haku?q=Ian McKellen\" rel=\"nofollow noopener\" target=\"_blank\">Ian McKellen<\/a> sek\u00e4 odotetusti muitakin alkuper\u00e4isen trilogian n\u00e4yttelij\u00f6it\u00e4. <a alt=\"Haku\" class=\"text-primary-red font-extrabold\" href=\"https:\/\/www.seiska.fi\/haku?q=Viggo Mortensen\" rel=\"nofollow noopener\" target=\"_blank\">Viggo Mortensen<\/a> on kuitenkin ilmoittanut, ettei en\u00e4\u00e4 tee Taru sormusten herrasta -elokuvia.<\/p>\n<p class=\"article-content article-content-width !bg-background\">Varmistus Woodin ja McKellenin mukanaololle sek\u00e4 kuvausten alkamiselle toukokuussa saatiin, kun McKellen paljasti tiedon live-yleis\u00f6n edess\u00e4 fanitapahtumassa Lontoossa. Elokuvalle on my\u00f6s asetettu virallinen ensi-ilta, joka on 17. joulukuuta 2027.<\/p>\n<p class=\"article-content article-content-width !bg-background\">Ihmetyst\u00e4 on her\u00e4tt\u00e4nyt, miten n\u00e4yttelij\u00e4t pystyv\u00e4t esitt\u00e4m\u00e4\u00e4n samoja rooleja vanhennuttuaan v\u00e4liss\u00e4 25 vuotta. Boyens on kuitenkin paljastanut, ett\u00e4 elokuvantekij\u00e4t turvautuvat teko\u00e4lyyn ja digitaaliseen maskeeraukseen saadakseen n\u00e4yttelij\u00e4t n\u00e4ytt\u00e4m\u00e4\u00e4n j\u00e4lleen samalta kuin vuonna 2001.<\/p>\n","protected":false},"excerpt":{"rendered":"Taru sormusten herrasta -elokuvien sarja jatkuu yli 20 vuoden j\u00e4lkeen, kun The Lord of the Rings: The Hunt&hellip;\n","protected":false},"author":2,"featured_media":142130,"comment_status":"","ping_status":"","sticky":false,"template":"","format":"standard","meta":{"footnotes":""},"categories":[131],"tags":[4608,7124,155,137,33,173,31,30,24448,4603,4604,24449,4609,172,16962,32,3163,433,23651,109],"class_list":{"0":"post-142129","1":"post","2":"type-post","3":"status-publish","4":"format-standard","5":"has-post-thumbnail","7":"category-elokuvat","8":"tag-andy-serkis","9":"tag-elijah-wood","10":"tag-elokuvat","11":"tag-entertainment","12":"tag-fi","13":"tag-film","14":"tag-finland","15":"tag-finnish","16":"tag-frodo-reppuli","17":"tag-gandalf","18":"tag-ian-mckellen","19":"tag-j-r-r-tolkien","20":"tag-klonkku","21":"tag-movies","22":"tag-peter-jackson","23":"tag-suomi","24":"tag-taru-sormusten-herrasta","25":"tag-tekoaly","26":"tag-the-lord-of-the-rings-the-hunt-for-gollum","27":"tag-viihde"},"share_on_mastodon":{"url":"https:\/\/pubeurope.com\/@fi\/115893794403339809","error":""},"_links":{"self":[{"href":"https:\/\/www.europesays.com\/fi\/wp-json\/wp\/v2\/posts\/142129","targetHints":{"allow":["GET"]}}],"collection":[{"href":"https:\/\/www.europesays.com\/fi\/wp-json\/wp\/v2\/posts"}],"about":[{"href":"https:\/\/www.europesays.com\/fi\/wp-json\/wp\/v2\/types\/post"}],"author":[{"embeddable":true,"href":"https:\/\/www.europesays.com\/fi\/wp-json\/wp\/v2\/users\/2"}],"replies":[{"embeddable":true,"href":"https:\/\/www.europesays.com\/fi\/wp-json\/wp\/v2\/comments?post=142129"}],"version-history":[{"count":0,"href":"https:\/\/www.europesays.com\/fi\/wp-json\/wp\/v2\/posts\/142129\/revisions"}],"wp:featuredmedia":[{"embeddable":true,"href":"https:\/\/www.europesays.com\/fi\/wp-json\/wp\/v2\/media\/142130"}],"wp:attachment":[{"href":"https:\/\/www.europesays.com\/fi\/wp-json\/wp\/v2\/media?parent=142129"}],"wp:term":[{"taxonomy":"category","embeddable":true,"href":"https:\/\/www.europesays.com\/fi\/wp-json\/wp\/v2\/categories?post=142129"},{"taxonomy":"post_tag","embeddable":true,"href":"https:\/\/www.europesays.com\/fi\/wp-json\/wp\/v2\/tags?post=142129"}],"curies":[{"name":"wp","href":"https:\/\/api.w.org\/{rel}","templated":true}]}}