{"id":14214,"date":"2025-08-23T16:09:09","date_gmt":"2025-08-23T16:09:09","guid":{"rendered":"https:\/\/www.europesays.com\/fi\/14214\/"},"modified":"2025-08-23T16:09:09","modified_gmt":"2025-08-23T16:09:09","slug":"yllatyshaat-latelan-lauri-ja-sari-anna-menivat-naimisiin-vieraat-luulivat-saapuvansa-latotansseihin","status":"publish","type":"post","link":"https:\/\/www.europesays.com\/fi\/14214\/","title":{"rendered":"Yll\u00e4tysh\u00e4\u00e4t! Latelan Lauri ja Sari-Anna meniv\u00e4t naimisiin, vieraat luulivat saapuvansa latotansseihin"},"content":{"rendered":"<p>Lauri Huttunen ja Sari-Anna Lepp\u00e4nen ovat menneet naimisiin. He kertovat h\u00e4\u00e4suunitelmistaan tarkemmin Ilta-Sanomille.<\/p>\n<p><img decoding=\"async\" class=\"image image-show image-preview\" src=\"https:\/\/www.europesays.com\/fi\/wp-content\/uploads\/2025\/08\/7323c8a21ed5d9ac185b211db1b470e4a84f52874d5ed701e465b88b986ee93e.jpg\" alt=\"\"\/><img decoding=\"async\" class=\"image image-show\" src=\"https:\/\/www.europesays.com\/fi\/wp-content\/uploads\/2025\/08\/1755753128_503_7323c8a21ed5d9ac185b211db1b470e4a84f52874d5ed701e465b88b986ee93e.jpg\" alt=\"\"\/><\/p>\n<p>Latelan Lauri ja Sari-Anna-rakas sanoivat toisilleen tahdon. Roosa Br\u00f6ijer<\/p>\n<p class=\"paragraph\">Latelan Laurina tunnettu <strong>Lauri Huttunen<\/strong> ja <strong>Sari-Anna Lepp\u00e4nen<\/strong> ovat menneet naimisiin t\u00e4n\u00e4\u00e4n 23. elokuuta, uutisoi <a href=\"https:\/\/www.is.fi\/viihde\/art-2000011405378.html\" target=\"_blank\" rel=\"noopener nofollow\">Ilta-Sanomat<\/a>.<\/p>\n<p class=\"paragraph\">Pari kertoo lehdelle ennen h\u00e4it\u00e4, ett\u00e4 tapahtuman todellinen luonne paljastui vieraille vasta paikan p\u00e4\u00e4ll\u00e4. Kaksikon mukaan h\u00e4\u00e4vieraat kokoontuvat pitk\u00e4lle koivukujalle, joka johti rantasaunalle. Rannassa Lauri odottaa morsiantaan, joka k\u00e4veli paikalle kujaa pitkin.<\/p>\n<p class=\"paragraph\">\u2013\u2009Luulen, ett\u00e4 vieraat tajuavat n\u00e4iden olevan h\u00e4\u00e4t, kun k\u00e4velen valkoisessa puvussa, Sari-Anna sanoo lehdelle.<\/p>\n<p class=\"paragraph\">Tilaisuuteen kutsuttiin yli 100 vierasta, mutta ei lapsia. H\u00e4iden pukukoodina on 1950-luvun latotanssit. Vihkimisen suorittaa oikeuden omaava merikapteeni, joka asuu parin naapurissa. Pari kuitenkin hoiti avioitumisen virallisen osuuden k\u00e4r\u00e4j\u00e4oikeudessa.<\/p>\n<p class=\"paragraph\">H\u00e4\u00e4valssina soi T\u00e4\u00e4ll\u00e4 pohjant\u00e4hden alla -kappale. Lauri kunnioittaa perinteit\u00e4, joten h\u00e4ihin kuuluivat esimerkiksi morsiuskimpun ja sukkanauhan heitto.<\/p>\n<p class=\"paragraph\">IS:n mukaan Sari-Annalla on yll\u00e4\u00e4n iso\u00e4itins\u00e4 vuoden 1957 valkoinen h\u00e4\u00e4puku, joka muokkausten j\u00e4lkeen ulottuu noin polviin asti. Hihat ja yl\u00e4osa ovat pitsiset.<\/p>\n<p class=\"paragraph\">Iltalehti yritti tuloksetta tavoittaa Lauria kommentoimaan h\u00e4it\u00e4.<\/p>\n<p class=\"paragraph\">Lauri ja Sari-Anna ostivat V\u00e4in\u00f6 Linnan entisen kotitalon H\u00e4meenkyr\u00f6st\u00e4 vuonna 2022. Pariskunta ryhtyi hurjaan remonttiprojektiin vain kahden viikon seurustelun j\u00e4lkeen. Talo oli ostohetkell\u00e4 purkukunnossa. <a href=\"https:\/\/www.iltalehti.fi\/tv-ja-leffat\/30c14764-d8de-4694-aa88-4f6ebdbda157\" rel=\"nofollow noopener\" target=\"_blank\">Iltalehden haastattelussa<\/a> aiemmin kaksikolla oli selke\u00e4 vastaus siihen, paljonko remonttiin on uponnut rahaa.<\/p>\n<p class=\"paragraph\">\u2013 Kaikki, vastasi Lauri.<\/p>\n<p>Lauri ja Sari Anna kertoivat Iltalehdelle taloprojektistaan maaliskuussa. Roosa Br\u00f6ijer<\/p>\n","protected":false},"excerpt":{"rendered":"Lauri Huttunen ja Sari-Anna Lepp\u00e4nen ovat menneet naimisiin. He kertovat h\u00e4\u00e4suunitelmistaan tarkemmin Ilta-Sanomille. Latelan Lauri ja Sari-Anna-rakas sanoivat&hellip;\n","protected":false},"author":2,"featured_media":11815,"comment_status":"","ping_status":"","sticky":false,"template":"","format":"standard","meta":{"footnotes":""},"categories":[136],"tags":[35,36,1075,1074,407,137,33,31,30,408,47,32,484,109],"class_list":{"0":"post-14214","1":"post","2":"type-post","3":"status-publish","4":"format-standard","5":"has-post-thumbnail","7":"category-julkkikset","8":"tag-24h","9":"tag-asuintalot-ja-asunnot","10":"tag-avioliitto","11":"tag-avioliitto-ja-parisuhde","12":"tag-celebrities","13":"tag-entertainment","14":"tag-fi","15":"tag-finland","16":"tag-finnish","17":"tag-julkkikset","18":"tag-musiikki","19":"tag-suomi","20":"tag-taiteellinen-ilmaisu-ja-mediat","21":"tag-viihde"},"share_on_mastodon":{"url":"","error":""},"_links":{"self":[{"href":"https:\/\/www.europesays.com\/fi\/wp-json\/wp\/v2\/posts\/14214","targetHints":{"allow":["GET"]}}],"collection":[{"href":"https:\/\/www.europesays.com\/fi\/wp-json\/wp\/v2\/posts"}],"about":[{"href":"https:\/\/www.europesays.com\/fi\/wp-json\/wp\/v2\/types\/post"}],"author":[{"embeddable":true,"href":"https:\/\/www.europesays.com\/fi\/wp-json\/wp\/v2\/users\/2"}],"replies":[{"embeddable":true,"href":"https:\/\/www.europesays.com\/fi\/wp-json\/wp\/v2\/comments?post=14214"}],"version-history":[{"count":0,"href":"https:\/\/www.europesays.com\/fi\/wp-json\/wp\/v2\/posts\/14214\/revisions"}],"wp:featuredmedia":[{"embeddable":true,"href":"https:\/\/www.europesays.com\/fi\/wp-json\/wp\/v2\/media\/11815"}],"wp:attachment":[{"href":"https:\/\/www.europesays.com\/fi\/wp-json\/wp\/v2\/media?parent=14214"}],"wp:term":[{"taxonomy":"category","embeddable":true,"href":"https:\/\/www.europesays.com\/fi\/wp-json\/wp\/v2\/categories?post=14214"},{"taxonomy":"post_tag","embeddable":true,"href":"https:\/\/www.europesays.com\/fi\/wp-json\/wp\/v2\/tags?post=14214"}],"curies":[{"name":"wp","href":"https:\/\/api.w.org\/{rel}","templated":true}]}}