{"id":142195,"date":"2026-01-14T15:41:07","date_gmt":"2026-01-14T15:41:07","guid":{"rendered":"https:\/\/www.europesays.com\/fi\/142195\/"},"modified":"2026-01-14T15:41:07","modified_gmt":"2026-01-14T15:41:07","slug":"latelan-laurin-suuri-suru-uskollinen-koiraystava-nieminen-on-kuollut","status":"publish","type":"post","link":"https:\/\/www.europesays.com\/fi\/142195\/","title":{"rendered":"Latelan Laurin suuri suru: Uskollinen koirayst\u00e4v\u00e4 Nieminen on kuollut"},"content":{"rendered":"<p class=\"article-content article-content-width !bg-background\">Lukuisista tv-ohjelmista tutun <a alt=\"Haku\" class=\"text-primary-red font-extrabold\" href=\"https:\/\/www.seiska.fi\/haku?q=Latelan Laurin\" rel=\"nofollow noopener\" target=\"_blank\">Latelan Laurin<\/a> eli <a alt=\"Haku\" class=\"text-primary-red font-extrabold\" href=\"https:\/\/www.seiska.fi\/haku?q=Lauri Huttusen\" rel=\"nofollow noopener\" target=\"_blank\">Lauri Huttusen<\/a> vuosi on alkanut murheellisissa merkeiss\u00e4.<\/p>\n<p class=\"article-content article-content-width !bg-background\"><a href=\"https:\/\/www.facebook.com\/share\/p\/1KToA9vdTa\/?mibextid=wwXIfr\" target=\"_blank\" rel=\"nofollow noopener\">Lauri on julkaissut Facebook-sivullaan suru-uutisen uskollisen koiransa Niemisen kuolemasta.<\/a>\u00a0<\/p>\n<p class=\"article-content article-content-width !bg-background\">Joulukuun 8. p\u00e4iv\u00e4n\u00e4 kunnioitettavan 14 vuoden i\u00e4n saavuttanut koira kuoli viime viikon tiistaina.<\/p>\n<p class=\"article-content article-content-width !bg-background\">\u2013\u00a0Koko kansan Nieminen 8.12.2011\u20136.01.2026, Lauri kirjoittaa syd\u00e4nemojien kera.<\/p>\n<p>Nieminen l\u00e4hell\u00e4 kuolemaa jo aiemmin<\/p>\n<p class=\"article-content article-content-width !bg-background\">Viime syksyn\u00e4 TV5:ss\u00e4 esitetyss\u00e4 Laten ja Sarkun hurjat suunnitelmat -ohjelmassa seurattiin, miten Nieminen otti vastaan perheen uuden tulokkaan eli\u00a0Hauli-nimen saaneen koiranpennun.<\/p>\n<p class=\"article-content article-content-width !bg-background\">Nieminen meni heti\u00a0 haistelemaan Laurin vaimon <a alt=\"Haku\" class=\"text-primary-red font-extrabold\" href=\"https:\/\/www.seiska.fi\/haku?q=Sarkun\" rel=\"nofollow noopener\" target=\"_blank\">Sarkun<\/a> eli <a alt=\"Haku\" class=\"text-primary-red font-extrabold\" href=\"https:\/\/www.seiska.fi\/haku?q=Sari-Anna Huttusen\" rel=\"nofollow noopener\" target=\"_blank\">Sari-Anna Huttusen<\/a> syliss\u00e4 ollutta Haulia.\u00a0Perheeseen kuuluu my\u00f6s Manta-koira, joka kiersi alkuun uuden\u00a0pennun kaukaa.<\/p>\n<p>                <img loading=\"lazy\" decoding=\"async\" src=\"https:\/\/www.europesays.com\/fi\/wp-content\/uploads\/2026\/01\/1662256.webp.jpeg\" width=\"576\" height=\"274\" alt=\"Latelan Laurin hurja remontti -ohjelmassa Manta-koira lep\u00e4ili Sarkun kanssa sohvalla.\" \/>            <\/p>\n<p>\n            Latelan Laurin hurja remontti -ohjelmassa Manta-koira lep\u00e4ili Sarkun kanssa sohvalla.<br \/>\n            Warner Bros. Discovery\n        <\/p>\n<p class=\"article-content article-content-width !bg-background\">Vanhemmat koirat eiv\u00e4t alkuun olleet yht\u00e4\u00e4n vakuuttuneen oloisia pennusta, mutta jaksossa n\u00e4htiin lopulta, miten\u00a0Nieminen alkoi leikki\u00e4 pennun kanssa.<\/p>\n<p class=\"article-content article-content-width !bg-background\">Lauri pelk\u00e4si jo pari vuotta sitten, ett\u00e4 Niemisen p\u00e4iv\u00e4t olivat tulleet t\u00e4yteen.\u00a0<\/p>\n<p class=\"article-content article-content-width !bg-background\">Latelan Laurin hurja remontti -sarjan jaksossa seurattiin kev\u00e4\u00e4ll\u00e4 2024, miten Lauri l\u00e4hti viem\u00e4\u00e4n Niemist\u00e4 viimeiselle matkalle. El\u00e4inl\u00e4\u00e4k\u00e4ri antoi koiralle kuitenkin yll\u00e4tt\u00e4en jatkoaikaa, ja Nieminenkin p\u00e4\u00e4si muuttamaan hurjasti remontoituun taloon K\u00e4kisaaressa.<\/p>\n","protected":false},"excerpt":{"rendered":"Lukuisista tv-ohjelmista tutun Latelan Laurin eli Lauri Huttusen vuosi on alkanut murheellisissa merkeiss\u00e4. Lauri on julkaissut Facebook-sivullaan suru-uutisen&hellip;\n","protected":false},"author":2,"featured_media":142196,"comment_status":"","ping_status":"","sticky":false,"template":"","format":"standard","meta":{"footnotes":""},"categories":[130],"tags":[137,33,31,30,3434,5270,5268,5267,4632,24466,6238,32,109],"class_list":{"0":"post-142195","1":"post","2":"type-post","3":"status-publish","4":"format-standard","5":"has-post-thumbnail","7":"category-viihde","8":"tag-entertainment","9":"tag-fi","10":"tag-finland","11":"tag-finnish","12":"tag-koira","13":"tag-latelan-laurin-hurja-remontti","14":"tag-laten-ja-sarkun-hurjat-suunnitelmat","15":"tag-lauri-huttunen","16":"tag-lemmikit","17":"tag-nieminen","18":"tag-sari-anna-huttunen","19":"tag-suomi","20":"tag-viihde"},"share_on_mastodon":{"url":"https:\/\/pubeurope.com\/@fi\/115894215160792404","error":""},"_links":{"self":[{"href":"https:\/\/www.europesays.com\/fi\/wp-json\/wp\/v2\/posts\/142195","targetHints":{"allow":["GET"]}}],"collection":[{"href":"https:\/\/www.europesays.com\/fi\/wp-json\/wp\/v2\/posts"}],"about":[{"href":"https:\/\/www.europesays.com\/fi\/wp-json\/wp\/v2\/types\/post"}],"author":[{"embeddable":true,"href":"https:\/\/www.europesays.com\/fi\/wp-json\/wp\/v2\/users\/2"}],"replies":[{"embeddable":true,"href":"https:\/\/www.europesays.com\/fi\/wp-json\/wp\/v2\/comments?post=142195"}],"version-history":[{"count":0,"href":"https:\/\/www.europesays.com\/fi\/wp-json\/wp\/v2\/posts\/142195\/revisions"}],"wp:featuredmedia":[{"embeddable":true,"href":"https:\/\/www.europesays.com\/fi\/wp-json\/wp\/v2\/media\/142196"}],"wp:attachment":[{"href":"https:\/\/www.europesays.com\/fi\/wp-json\/wp\/v2\/media?parent=142195"}],"wp:term":[{"taxonomy":"category","embeddable":true,"href":"https:\/\/www.europesays.com\/fi\/wp-json\/wp\/v2\/categories?post=142195"},{"taxonomy":"post_tag","embeddable":true,"href":"https:\/\/www.europesays.com\/fi\/wp-json\/wp\/v2\/tags?post=142195"}],"curies":[{"name":"wp","href":"https:\/\/api.w.org\/{rel}","templated":true}]}}