{"id":142203,"date":"2026-01-14T15:47:09","date_gmt":"2026-01-14T15:47:09","guid":{"rendered":"https:\/\/www.europesays.com\/fi\/142203\/"},"modified":"2026-01-14T15:47:09","modified_gmt":"2026-01-14T15:47:09","slug":"jussi-karttunen-on-kuollut","status":"publish","type":"post","link":"https:\/\/www.europesays.com\/fi\/142203\/","title":{"rendered":"Jussi Karttunen on kuollut"},"content":{"rendered":"<p>Karttunen kuoli \u00e4killisesti viime viikon lauantaina.<\/p>\n<p><img decoding=\"async\" class=\"image image-show image-preview\" src=\"https:\/\/www.europesays.com\/fi\/wp-content\/uploads\/2026\/01\/866105f9c40752d7c03fbe3b14c24a4d0ab1b956f1c0d047925006926f37fd58.jpg\" alt=\"\"\/><img decoding=\"async\" class=\"image image-show\" src=\"https:\/\/www.europesays.com\/fi\/wp-content\/uploads\/2026\/01\/1768405629_339_866105f9c40752d7c03fbe3b14c24a4d0ab1b956f1c0d047925006926f37fd58.jpg\" alt=\"\"\/><\/p>\n<p>Jussi Karttunen toimi markkinaoikeuden ylituomarina vuosina 2019\u20132026. AOP<\/p>\n<p class=\"paragraph\">Markkinaoikeuden ylituomari <strong>Jussi Karttunen<\/strong> on kuollut \u00e4killisesti. Asiasta tiedottaa Tuomioistuinvirasto, joka kertoo Karttusen kuolleen lauantaina 10. tammikuuta.<\/p>\n<p class=\"paragraph\">Karttunen ehti toimia ylituomarina vuodesta 2019. Sit\u00e4 ennen h\u00e4n ty\u00f6skenteli markkinaoikeuden tuomarina yli 11 vuotta ja osastonjohtajana yli viisi vuotta.<\/p>\n<p class=\"paragraph\">Aikaisemmin Karttunen oli erityisasiantuntijana oikeusministeri\u00f6ss\u00e4, oikeussihteerin\u00e4 ja esittelij\u00e4n\u00e4 korkeimmassa oikeudessa sek\u00e4 viskaalina hovioikeudessa.<\/p>\n<p class=\"paragraph\">Markkinaoikeuden ylituomarin teht\u00e4vi\u00e4 hoitaa toistaiseksi markkinaoikeustuomari <strong>Pertti Virtanen<\/strong>.<\/p>\n<p class=\"paragraph\">Ylituomari vastaa markkinaoikeuden johtamisesta. Markkinaoikeus vastaa kilpailu- ja valvonta-asioista, hankinta-asioista, teollis- ja tekij\u00e4noikeudellisista asioista sek\u00e4 markkinaoikeudellisista asioista.<\/p>\n","protected":false},"excerpt":{"rendered":"Karttunen kuoli \u00e4killisesti viime viikon lauantaina. Jussi Karttunen toimi markkinaoikeuden ylituomarina vuosina 2019\u20132026. AOP Markkinaoikeuden ylituomari Jussi Karttunen&hellip;\n","protected":false},"author":2,"featured_media":142204,"comment_status":"","ping_status":"","sticky":false,"template":"","format":"standard","meta":{"footnotes":""},"categories":[5],"tags":[35,22,23,26,27,33,31,30,863,17,2870,1908,53,24,25,28,29,15,18,21,637,32,19,20,16],"class_list":{"0":"post-142203","1":"post","2":"type-post","3":"status-publish","4":"format-standard","5":"has-post-thumbnail","7":"category-otsikot","8":"tag-24h","9":"tag-breaking-news","10":"tag-breakingnews","11":"tag-featured-news","12":"tag-featurednews","13":"tag-fi","14":"tag-finland","15":"tag-finnish","16":"tag-hallitus","17":"tag-headlines","18":"tag-kaupankaynti","19":"tag-lainsaadanto","20":"tag-laki-oikeus-ja-rikos","21":"tag-latest-news","22":"tag-latestnews","23":"tag-main-news","24":"tag-mainnews","25":"tag-news","26":"tag-otsikot","27":"tag-paauutiset","28":"tag-politiikka","29":"tag-suomi","30":"tag-top-stories","31":"tag-topstories","32":"tag-uutiset"},"share_on_mastodon":{"url":"https:\/\/pubeurope.com\/@fi\/115894238783092535","error":""},"_links":{"self":[{"href":"https:\/\/www.europesays.com\/fi\/wp-json\/wp\/v2\/posts\/142203","targetHints":{"allow":["GET"]}}],"collection":[{"href":"https:\/\/www.europesays.com\/fi\/wp-json\/wp\/v2\/posts"}],"about":[{"href":"https:\/\/www.europesays.com\/fi\/wp-json\/wp\/v2\/types\/post"}],"author":[{"embeddable":true,"href":"https:\/\/www.europesays.com\/fi\/wp-json\/wp\/v2\/users\/2"}],"replies":[{"embeddable":true,"href":"https:\/\/www.europesays.com\/fi\/wp-json\/wp\/v2\/comments?post=142203"}],"version-history":[{"count":0,"href":"https:\/\/www.europesays.com\/fi\/wp-json\/wp\/v2\/posts\/142203\/revisions"}],"wp:featuredmedia":[{"embeddable":true,"href":"https:\/\/www.europesays.com\/fi\/wp-json\/wp\/v2\/media\/142204"}],"wp:attachment":[{"href":"https:\/\/www.europesays.com\/fi\/wp-json\/wp\/v2\/media?parent=142203"}],"wp:term":[{"taxonomy":"category","embeddable":true,"href":"https:\/\/www.europesays.com\/fi\/wp-json\/wp\/v2\/categories?post=142203"},{"taxonomy":"post_tag","embeddable":true,"href":"https:\/\/www.europesays.com\/fi\/wp-json\/wp\/v2\/tags?post=142203"}],"curies":[{"name":"wp","href":"https:\/\/api.w.org\/{rel}","templated":true}]}}