{"id":142205,"date":"2026-01-14T15:59:08","date_gmt":"2026-01-14T15:59:08","guid":{"rendered":"https:\/\/www.europesays.com\/fi\/142205\/"},"modified":"2026-01-14T15:59:08","modified_gmt":"2026-01-14T15:59:08","slug":"jethro-rostedt-lentokentalla-kaytos-hammentaa","status":"publish","type":"post","link":"https:\/\/www.europesays.com\/fi\/142205\/","title":{"rendered":"Jethro Rostedt lentokent\u00e4ll\u00e4 \u2013 k\u00e4yt\u00f6s h\u00e4mment\u00e4\u00e4"},"content":{"rendered":"<p>\n            Jethro Rostedt &#8211; Y\u00f6kerho Studio Turku<br \/>\n            Pasi Murto\n        <\/p>\n<p class=\"subtitle \">Julkkiskiinteist\u00f6nv\u00e4litt\u00e4j\u00e4 naljaili hiljattain Miss Suomi -kruununsa menett\u00e4neelle Sarah Dzafcelle.<\/p>\n<p class=\"article-content article-content-width !bg-background\">Kiinteist\u00f6nv\u00e4litt\u00e4j\u00e4n\u00e4 ja liikemiehen\u00e4 tunnettu\u00a0, 49, asuu Espanjassa.<\/p>\n<p class=\"font-weight-bold m-font-weight-bold article-content article-content-width !bg-background\">Katso video \u2013 Bisneshaukka: Jethro Rostedt.<\/p>\n<p>Kuittaili kohumissille<\/p>\n<p class=\"article-content article-content-width !bg-background\">Omaa <a href=\"https:\/\/www.youtube.com\/@JethroTube\" target=\"_blank\" rel=\"nofollow noopener\">JethroTube<\/a>-nimist\u00e4 YouTube-kanavaa aktiivisesti py\u00f6ritt\u00e4v\u00e4 liikemies on viime aikoina julkaissut kanavallaan matkavideoita Indokiinan-reissultaan.\u00a0<\/p>\n<p>        <a itemprop=\"url\" href=\"https:\/\/www.seiska.fi\/kotimaa\/oho-jethro-rostedt-kuittailee-kruununsa-menettaneelle-sarah-dzafcelle\/2034455\" rel=\"nofollow noopener\" target=\"_blank\"><\/p>\n<p>\nOhhoh!\n<\/p>\n<p class=\"section-date\">\n        <strong class=\"article-section\" data-section=\"kotimaa\"><br \/>\n            kotimaa<br \/>\n        <\/strong><br \/>\n        30.12.2025 18:00\n    <\/p>\n<p>Oho! Jethro Rostedt kuittailee kruununsa menett\u00e4neelle Sarah Dzafcelle\n    <\/p>\n<p itemprop=\"description\" class=\"subtitle \">\n    Jethro pilailee tuoreella kohulla.\n<\/p>\n<p>        <\/a><\/p>\n<p class=\"article-content article-content-width !bg-background\">Diili-ohjelmastakin tuttu\u00a0Jeti julkaisi maanantaina 29. joulukuuta Instagram-tilill\u00e4\u00e4n kuvan lentokoneesta. Jethro kuittaili julkaisussaan Miss Suomi -kruununsa rasismikohun my\u00f6t\u00e4 menett\u00e4neelle\u00a0.<\/p>\n<p class=\"article-content article-content-width !bg-background\">\u2013\u00a0Jengi heittaa meanwhile m\u00e4 Norskin karjaluokas. Tilaanki tost nyt sit nuudels, Jethro kirjoittaa julkaisussaan, jossa on\u00a0l\u00e4hikuva Jethrosta istumassa t\u00e4ydess\u00e4 lentokoneessa.<\/p>\n<p>                <img decoding=\"async\" src=\"https:\/\/www.europesays.com\/fi\/wp-content\/uploads\/2026\/01\/1991878.webp.jpeg\" width=\"576\" height=\"639\" alt=\"10.09.2025 Varsinais-Suomen k\u00e4r\u00e4j\u00e4oikeus Jethro Rostedt Oikeudessa. Seiska\/Johanna Hintikka\" loading=\"lazy\" \/>            <\/p>\n<p>\n            10.09.2025 Varsinais-Suomen k\u00e4r\u00e4j\u00e4oikeus Jethro Rostedt Oikeudessa. Seiska\/Johanna Hintikka<br \/>\n            Johanna Hintikka\n        <\/p>\n<p>        <a itemprop=\"url\" href=\"https:\/\/www.seiska.fi\/kotimaa\/etta-mita-jethro-rostedt-ponottaa-huumepomon-haudalla\/2044241\" rel=\"nofollow noopener\" target=\"_blank\"><\/p>\n<p>\nEtt\u00e4 mit\u00e4, Jethro Rostedt?\n<\/p>\n<p class=\"section-date\">\n        <strong class=\"article-section\" data-section=\"kotimaa\"><br \/>\n            kotimaa<br \/>\n        <\/strong><br \/>\n        12.1. 21:15\n    <\/p>\n<p>Ett\u00e4 mit\u00e4? Jethro Rostedt p\u00f6n\u00f6tt\u00e4\u00e4 huumepomon haudalla\n    <\/p>\n<p itemprop=\"description\" class=\"subtitle \">\n    Yll\u00e4tt\u00e4v\u00e4ss\u00e4 julkaisussaan pit\u00e4\u00e4 poseeraamista &#8221;poikkeuksellisesti kivana&#8221;.\n<\/p>\n<p>        <\/a><\/p>\n<p>Hihitteli lentokent\u00e4ll\u00e4<\/p>\n<p class=\"article-content article-content-width !bg-background\">Joulukuun lopulla tarkkasilm\u00e4inen Seiskan lukija bongasi yksin matkustaneen Jethron Helsinki-Vantaan lentokent\u00e4ll\u00e4 odottamassa Malagaan l\u00e4htev\u00e4\u00e4 lentoa.\u00a0<\/p>\n<p class=\"article-content article-content-width !bg-background\">\u2013 Jetro oli hyv\u00e4ntuulinen, katsoi puhelimeltaan jotain ja naureskeli itsekseen. V\u00e4lill\u00e4 h\u00e4n k\u00e4vi jossain ja istui takaisin odottelemaan portille, Seiskan lukija muistelee.\u00a0<\/p>\n<p>        <a itemprop=\"url\" href=\"https:\/\/www.seiska.fi\/kotimaa\/oho-tallaisena-hjallis-harkimoa-ei-ole-ennen-nahty\/2037433\" rel=\"nofollow noopener\" target=\"_blank\"><\/p>\n<p>\nMik\u00e4 salikolli!\n<\/p>\n<p class=\"section-date\">\n        <strong class=\"article-section\" data-section=\"kotimaa\"><br \/>\n            kotimaa<br \/>\n        <\/strong><br \/>\n        6.1. 16:00\n    <\/p>\n<p>Oho! T\u00e4llaisena Hjallis Harkimoa ei ole ennen n\u00e4hty\n    <\/p>\n<p itemprop=\"description\" class=\"subtitle \">\n    Hjallis paljastaa, kuinka h\u00e4nen rautainen staminansa on saavutettu.\n<\/p>\n<p>        <\/a><\/p>\n<p class=\"article-content article-content-width !bg-background\">Yksin liikkeell\u00e4 ollut Jeti ei ottanut kent\u00e4ll\u00e4 eik\u00e4 koneessa kontaktia keneenk\u00e4\u00e4n.\u00a0Seiskan lukija sek\u00e4 Jeti matkustivat samalla koneella Malagaan.\u00a0<\/p>\n<p class=\"article-content article-content-width !bg-background\">\u2013 Koneen etuosassa istunut Jethro torkkui lennon aikana, ehk\u00e4 joulun v\u00e4lip\u00e4iv\u00e4t olivat v\u00e4sytt\u00e4neet liikemiehen, tarkkasilm\u00e4inen kanssamatkustaja tuumaili.<\/p>\n<p>                <img decoding=\"async\" src=\"https:\/\/www.europesays.com\/fi\/wp-content\/uploads\/2026\/01\/2045738.webp.jpeg\" width=\"576\" height=\"562\" alt=\"Seiskan lukija bongasi hyv\u00e4ntuulisen Jethron Helsinki-Vantaan lentokent\u00e4ll\u00e4.\" loading=\"lazy\" \/>            <\/p>\n<p>\n            Seiskan lukija bongasi hyv\u00e4ntuulisen Jethron Helsinki-Vantaan lentokent\u00e4ll\u00e4.<br \/>\n            Seiskan lukija\n        <\/p>\n","protected":false},"excerpt":{"rendered":"Jethro Rostedt &#8211; Y\u00f6kerho Studio Turku Pasi Murto Julkkiskiinteist\u00f6nv\u00e4litt\u00e4j\u00e4 naljaili hiljattain Miss Suomi -kruununsa menett\u00e4neelle Sarah Dzafcelle. Kiinteist\u00f6nv\u00e4litt\u00e4j\u00e4n\u00e4&hellip;\n","protected":false},"author":2,"featured_media":142206,"comment_status":"","ping_status":"","sticky":false,"template":"","format":"standard","meta":{"footnotes":""},"categories":[136],"tags":[407,2678,137,1819,33,31,30,9301,22919,408,7485,6401,3458,6249,11698,32,109,920],"class_list":{"0":"post-142205","1":"post","2":"type-post","3":"status-publish","4":"format-standard","5":"has-post-thumbnail","7":"category-julkkikset","8":"tag-celebrities","9":"tag-diili","10":"tag-entertainment","11":"tag-espanja","12":"tag-fi","13":"tag-finland","14":"tag-finnish","15":"tag-jethro-rostedt","16":"tag-jeti","17":"tag-julkkikset","18":"tag-kiinteistonvalittaja","19":"tag-lentokentta","20":"tag-miss-suomi","21":"tag-salakuva","22":"tag-sarah-dzafce","23":"tag-suomi","24":"tag-viihde","25":"tag-youtube"},"share_on_mastodon":{"url":"https:\/\/pubeurope.com\/@fi\/115894285979525484","error":""},"_links":{"self":[{"href":"https:\/\/www.europesays.com\/fi\/wp-json\/wp\/v2\/posts\/142205","targetHints":{"allow":["GET"]}}],"collection":[{"href":"https:\/\/www.europesays.com\/fi\/wp-json\/wp\/v2\/posts"}],"about":[{"href":"https:\/\/www.europesays.com\/fi\/wp-json\/wp\/v2\/types\/post"}],"author":[{"embeddable":true,"href":"https:\/\/www.europesays.com\/fi\/wp-json\/wp\/v2\/users\/2"}],"replies":[{"embeddable":true,"href":"https:\/\/www.europesays.com\/fi\/wp-json\/wp\/v2\/comments?post=142205"}],"version-history":[{"count":0,"href":"https:\/\/www.europesays.com\/fi\/wp-json\/wp\/v2\/posts\/142205\/revisions"}],"wp:featuredmedia":[{"embeddable":true,"href":"https:\/\/www.europesays.com\/fi\/wp-json\/wp\/v2\/media\/142206"}],"wp:attachment":[{"href":"https:\/\/www.europesays.com\/fi\/wp-json\/wp\/v2\/media?parent=142205"}],"wp:term":[{"taxonomy":"category","embeddable":true,"href":"https:\/\/www.europesays.com\/fi\/wp-json\/wp\/v2\/categories?post=142205"},{"taxonomy":"post_tag","embeddable":true,"href":"https:\/\/www.europesays.com\/fi\/wp-json\/wp\/v2\/tags?post=142205"}],"curies":[{"name":"wp","href":"https:\/\/api.w.org\/{rel}","templated":true}]}}