{"id":142207,"date":"2026-01-14T16:03:07","date_gmt":"2026-01-14T16:03:07","guid":{"rendered":"https:\/\/www.europesays.com\/fi\/142207\/"},"modified":"2026-01-14T16:03:07","modified_gmt":"2026-01-14T16:03:07","slug":"ozzy-osbourne-elokuva-etenee-laulajan-rooliin-loydetty-ilmiomainen-nayttelija-sanoo-jack-osbourne","status":"publish","type":"post","link":"https:\/\/www.europesays.com\/fi\/142207\/","title":{"rendered":"Ozzy Osbourne -elokuva etenee &#8211; laulajan rooliin l\u00f6ydetty &#8221;ilmi\u00f6m\u00e4inen&#8221; n\u00e4yttelij\u00e4, sanoo Jack Osbourne"},"content":{"rendered":"<p>Edesmenneen <strong>Black Sabbath<\/strong> -legenda <strong>Ozzy Osbournen<\/strong> ja laulajan managerina toimineen vaimon <strong>Sharon Osbournen<\/strong> suhteesta kertova elokuva on ollut ty\u00f6n alla jo useamman vuoden. <a href=\"https:\/\/variety.com\/2021\/film\/news\/ozzy-osborune-sharon-osbourne-movie-love-story-1235094612\/\" target=\"_blank\" rel=\"noreferrer noopener nofollow\">Variety-lehti raportoi<\/a> elokuvasta ensimm\u00e4isen kerran vuonna 2021, jolloin Osbournet julkistivat aloittaneensa yhteisty\u00f6n Sony Picturesin ja Polygram Entertainmentin kanssa.<\/p>\n<p>Ozzyn ja Sharonin poika <strong>Jack Osbourne<\/strong> vieraili hiljattain <strong>Billy Morrisonin<\/strong> radio-ohjelmassa kertomassa kuulumisia ja p\u00e4ivitti samalla my\u00f6s elokuvan tilannetta.<\/p>\n<p>\u201dMenemme t\u00e4ytt\u00e4 h\u00f6yry\u00e4 eteenp\u00e4in seuraavassa vaiheessa\u201d, <a href=\"https:\/\/blabbermouth.net\/news\/a-phenomenal-actor-has-been-picked-to-play-ozzy-osbourne-in-upcoming-biopic\" target=\"_blank\" rel=\"noreferrer noopener nofollow\">Jack kertoi<\/a> ja vahvisti, ett\u00e4 n\u00e4yttelij\u00e4 Ozzyn rooliin on l\u00f6ytynyt.<\/p>\n<p>\u201dEn voi sanoa viel\u00e4 enemp\u00e4\u00e4, mutta kyseess\u00e4 on ilmi\u00f6m\u00e4inen, ilmi\u00f6m\u00e4inen n\u00e4yttelij\u00e4. Meill\u00e4 on my\u00f6s ohjaaja ja teemme parhaillaan uudelleenkirjoitusta k\u00e4ss\u00e4rille.\u201d<\/p>\n<p>Morrison, joka juonsi pitk\u00e4\u00e4n podcastia Ozzyn kanssa, tuumasi, ett\u00e4 laulajalegenda ei varmaan ollut projektista yht\u00e4 innostunut kuin muut.<\/p>\n<p>\u201dAina kun p\u00e4ivitin h\u00e4nelle tilannetta, tyyliin: \u2019Hei, tapasimme t\u00e4m\u00e4n tyypin\u2019 tai \u2019Nyt tapahtuu n\u00e4in\u2019, h\u00e4n vain tokaisi takaisin: \u2019Ei kiinnosta paskaakaan. Kertokaa sitten, kun elokuva on julkaistu niin voin menn\u00e4 ja katsoa sen&#8217;\u201d, Jack nauroi.<\/p>\n<p><img loading=\"lazy\" decoding=\"async\" alt=\"YouTube video\" width=\"480\" height=\"360\" data-pin-nopin=\"true\" nopin=\"nopin\" class=\"perfmatters-lazy\" src=\"https:\/\/www.europesays.com\/fi\/wp-content\/uploads\/2026\/01\/1768406587_141_hqdefault.jpg\"\/><\/p>\n<p>Lue my\u00f6s: <a href=\"https:\/\/www.inferno.fi\/uutiskirje\/\" title=\"Tilaa Infernon uutiskirje\" class=\"underline-custom !font-montserrat !font-bold !underline-offset-4 !decoration-4 !decoration-red-600 !text-md\" rel=\"nofollow noopener\" target=\"_blank\">Tilaa Infernon uutiskirje ja tied\u00e4t mist\u00e4 kahvitauolla puhutaan! Nappaa raskaan musiikin uutiset ja puheenaiheet suoraan s\u00e4hk\u00f6postiin t\u00e4st\u00e4.<\/a><\/p>\n","protected":false},"excerpt":{"rendered":"Edesmenneen Black Sabbath -legenda Ozzy Osbournen ja laulajan managerina toimineen vaimon Sharon Osbournen suhteesta kertova elokuva on ollut&hellip;\n","protected":false},"author":2,"featured_media":142208,"comment_status":"","ping_status":"","sticky":false,"template":"","format":"standard","meta":{"footnotes":""},"categories":[132],"tags":[623,137,33,31,30,195,47,32,109],"class_list":{"0":"post-142207","1":"post","2":"type-post","3":"status-publish","4":"format-standard","5":"has-post-thumbnail","7":"category-musiikki","8":"tag-elokuva","9":"tag-entertainment","10":"tag-fi","11":"tag-finland","12":"tag-finnish","13":"tag-music","14":"tag-musiikki","15":"tag-suomi","16":"tag-viihde"},"share_on_mastodon":{"url":"https:\/\/pubeurope.com\/@fi\/115894301714836210","error":""},"_links":{"self":[{"href":"https:\/\/www.europesays.com\/fi\/wp-json\/wp\/v2\/posts\/142207","targetHints":{"allow":["GET"]}}],"collection":[{"href":"https:\/\/www.europesays.com\/fi\/wp-json\/wp\/v2\/posts"}],"about":[{"href":"https:\/\/www.europesays.com\/fi\/wp-json\/wp\/v2\/types\/post"}],"author":[{"embeddable":true,"href":"https:\/\/www.europesays.com\/fi\/wp-json\/wp\/v2\/users\/2"}],"replies":[{"embeddable":true,"href":"https:\/\/www.europesays.com\/fi\/wp-json\/wp\/v2\/comments?post=142207"}],"version-history":[{"count":0,"href":"https:\/\/www.europesays.com\/fi\/wp-json\/wp\/v2\/posts\/142207\/revisions"}],"wp:featuredmedia":[{"embeddable":true,"href":"https:\/\/www.europesays.com\/fi\/wp-json\/wp\/v2\/media\/142208"}],"wp:attachment":[{"href":"https:\/\/www.europesays.com\/fi\/wp-json\/wp\/v2\/media?parent=142207"}],"wp:term":[{"taxonomy":"category","embeddable":true,"href":"https:\/\/www.europesays.com\/fi\/wp-json\/wp\/v2\/categories?post=142207"},{"taxonomy":"post_tag","embeddable":true,"href":"https:\/\/www.europesays.com\/fi\/wp-json\/wp\/v2\/tags?post=142207"}],"curies":[{"name":"wp","href":"https:\/\/api.w.org\/{rel}","templated":true}]}}