{"id":142211,"date":"2026-01-14T16:07:07","date_gmt":"2026-01-14T16:07:07","guid":{"rendered":"https:\/\/www.europesays.com\/fi\/142211\/"},"modified":"2026-01-14T16:07:07","modified_gmt":"2026-01-14T16:07:07","slug":"rytmikorjaamo-juhlii-tana-vuonna-20-vuotista-taivaltaan-osa-keikoista-jo-loppuunmyytyja-etela-pohjanmaa","status":"publish","type":"post","link":"https:\/\/www.europesays.com\/fi\/142211\/","title":{"rendered":"Rytmikorjaamo juhlii t\u00e4n\u00e4 vuonna 20-vuotista taivaltaan, osa keikoista jo loppuunmyytyj\u00e4 | Etel\u00e4-Pohjanmaa"},"content":{"rendered":"<p class=\"aw-1gybjub aw-5vja16 kEtdKx kmuxyA yle__article__paragraph\">Sein\u00e4joen Rytmikorjaamo juhlii helmikuussa kahta vuosikymment\u00e4 ty\u00f6n merkeiss\u00e4. <\/p>\n<p><img decoding=\"async\" alt=\"Behm keikalla Rytmikorjaamolla Sein\u00e4joella 5.12.2025.\" src=\"https:\/\/www.europesays.com\/fi\/wp-content\/uploads\/2026\/01\/39-15662646936c9e11c097.jpeg\" class=\"aw-1l9m598 hKVVvP\"\/><\/p>\n<p>Avaa kuvien katselu<\/p>\n<p>Behmin keikka joulukuussa veti Sein\u00e4joen Rytmikorjaamon \u00e4\u00e4ri\u00e4\u00e4n my\u00f6ten t\u00e4yteen. Keikka oli yksi vuoden 2025 aikana loppuunmyydyist\u00e4. Kuva: Tarmo Niemi \/ Yle<\/p>\n<p class=\"aw-1gybjub aw-1p7kakr kEtdKx cEmitX yle__article__paragraph\">Sein\u00e4joen Rytmikorjaamo juhlii t\u00e4n\u00e4 vuonna 20-vuotista olemassaoloaan.<\/p>\n<p class=\"aw-1gybjub aw-1p7kakr kEtdKx cEmitX yle__article__paragraph\">Virallisesti juhlavuosi alkaa 28. helmikuuta, jolloin avajaisista on kulunut t\u00e4sm\u00e4lleen kaksikymment\u00e4 vuotta. Juhla sujuu t\u00f6iden merkeiss\u00e4 eli el\u00e4v\u00e4ll\u00e4 musiikilla. Lavalle nousee tuolloin <strong class=\"aw-ak79eh KyCXm yle__article__strong\">Jonna Tervomaa<\/strong>.<\/p>\n<p class=\"aw-1gybjub aw-1p7kakr kEtdKx cEmitX yle__article__paragraph\">\u2013 Meille paras lahja on paikalle saapuva el\u00e4v\u00e4n musiikin yst\u00e4v\u00e4, toteaa Rytmikorjaamon markkinoinnista vastaava <strong class=\"aw-ak79eh KyCXm yle__article__strong\">Anne-Maria Hirvonen<\/strong> tiedotteessa.<\/p>\n<p class=\"aw-1gybjub aw-1p7kakr kEtdKx cEmitX yle__article__paragraph\">Kev\u00e4\u00e4n keikkatarjonnasta loppuunmyytyj\u00e4 ovat <strong class=\"aw-ak79eh KyCXm yle__article__strong\">Isac Elliotin<\/strong> sek\u00e4 <strong class=\"aw-ak79eh KyCXm yle__article__strong\">Vesterinen Yhtyeineen<\/strong> keikat sek\u00e4 l\u00e4hes loppuunmyytyj\u00e4 kaikki kolme <strong class=\"aw-ak79eh KyCXm yle__article__strong\">Kuumaa<\/strong>-yhtyeen keikkaa.<\/p>\n<p class=\"aw-1gybjub aw-1p7kakr kEtdKx cEmitX yle__article__paragraph\">Juhlavuoden ulkomaisia vieraita ovat muun muassa norjalainen progressiivista metallia soittava <strong class=\"aw-ak79eh KyCXm yle__article__strong\">Leprous,<\/strong> tanskalainen hard rock -legenda <strong class=\"aw-ak79eh KyCXm yle__article__strong\">D-A-D<\/strong>. sek\u00e4 Ruotsin progemetallisuuruus <strong class=\"aw-ak79eh KyCXm yle__article__strong\">Soen<\/strong>.<\/p>\n<p class=\"aw-1gybjub aw-1p7kakr kEtdKx cEmitX yle__article__paragraph\">Ennen tasavuotisjuhlia ehdit\u00e4\u00e4n tammikuussa j\u00e4rjest\u00e4\u00e4 muun muassa metallimusiikin festivaali ja kansainv\u00e4linen painishow. Tammikuun lopulla Rytmiksell\u00e4 virtaa my\u00f6s olut panimojuhlilla. My\u00f6s keikkarumba py\u00f6rii normaaliin tapaan.<\/p>\n<p class=\"aw-1gybjub aw-1p7kakr kEtdKx cEmitX yle__article__paragraph\">Muita juhlavuoden artisteja Vaasantiell\u00e4 ovat muun muassa Olavi Uusivirta, Vesta, Maustetyt\u00f6t ja Ismo Alanko.<\/p>\n<p>30 000 k\u00e4vij\u00e4\u00e4 viime vuonna<\/p>\n<p class=\"aw-1gybjub aw-1p7kakr kEtdKx cEmitX yle__article__paragraph\">Rytmikorjaamon klubilla j\u00e4rjestettiin viime vuonna yhteens\u00e4 89 keikkaa ja tapahtumaa. B\u00e4ndej\u00e4 ja artistikokoonpanoja vieraili kaikiaan noin 140.<\/p>\n<p class=\"aw-1gybjub aw-1p7kakr kEtdKx cEmitX yle__article__paragraph\">Kaikkiaan klubi-illoissa k\u00e4vi vuoden aikana yli 30\u00a0000 ihmist\u00e4. Keikoista loppuunmyytyj\u00e4 olivat <strong class=\"aw-ak79eh KyCXm yle__article__strong\">Behm<\/strong> ja <strong class=\"aw-ak79eh KyCXm yle__article__strong\">Amorphis<\/strong> eli ne vetiv\u00e4t Rytmikorjaamon tuhannen hengen salin t\u00e4yteen.<\/p>\n<p class=\"aw-1gybjub aw-1p7kakr kEtdKx cEmitX yle__article__paragraph\">Huippum\u00e4\u00e4ri\u00e4 v\u00e4ke\u00e4 houkuttelivat my\u00f6s <strong class=\"aw-ak79eh KyCXm yle__article__strong\">Samuli Putro<\/strong> ja <strong class=\"aw-ak79eh KyCXm yle__article__strong\">Stam1na<\/strong> sek\u00e4 ensimm\u00e4ist\u00e4 kertaa Rytmikorjaamolla esiintyneet <strong class=\"aw-ak79eh KyCXm yle__article__strong\">BESS<\/strong> ja <strong class=\"aw-ak79eh KyCXm yle__article__strong\">Mouhous<\/strong>.<\/p>\n<p class=\"aw-1gybjub aw-1p7kakr kEtdKx cEmitX yle__article__paragraph\">\u2013 Erityisen hienoa oli se, ett\u00e4 l\u00e4hes puolet meid\u00e4n tapahtumista oli sallittuja alaik\u00e4isille eli keikoille olivat tervetulleita kaikenik\u00e4iset musiikinyst\u00e4v\u00e4t, Hirvonen sanoo.<\/p>\n","protected":false},"excerpt":{"rendered":"Sein\u00e4joen Rytmikorjaamo juhlii helmikuussa kahta vuosikymment\u00e4 ty\u00f6n merkeiss\u00e4. Avaa kuvien katselu Behmin keikka joulukuussa veti Sein\u00e4joen Rytmikorjaamon \u00e4\u00e4ri\u00e4\u00e4n&hellip;\n","protected":false},"author":2,"featured_media":142212,"comment_status":"","ping_status":"","sticky":false,"template":"","format":"standard","meta":{"footnotes":""},"categories":[130],"tags":[137,24467,1377,33,31,30,8972,47,24468,32,1667,109],"class_list":{"0":"post-142211","1":"post","2":"type-post","3":"status-publish","4":"format-standard","5":"has-post-thumbnail","7":"category-viihde","8":"tag-entertainment","9":"tag-esiintymiskeikat","10":"tag-etela-pohjanmaa","11":"tag-fi","12":"tag-finland","13":"tag-finnish","14":"tag-keikat","15":"tag-musiikki","16":"tag-rytmikorjaamo","17":"tag-suomi","18":"tag-tapahtumat","19":"tag-viihde"},"share_on_mastodon":{"url":"https:\/\/pubeurope.com\/@fi\/115894317423923818","error":""},"_links":{"self":[{"href":"https:\/\/www.europesays.com\/fi\/wp-json\/wp\/v2\/posts\/142211","targetHints":{"allow":["GET"]}}],"collection":[{"href":"https:\/\/www.europesays.com\/fi\/wp-json\/wp\/v2\/posts"}],"about":[{"href":"https:\/\/www.europesays.com\/fi\/wp-json\/wp\/v2\/types\/post"}],"author":[{"embeddable":true,"href":"https:\/\/www.europesays.com\/fi\/wp-json\/wp\/v2\/users\/2"}],"replies":[{"embeddable":true,"href":"https:\/\/www.europesays.com\/fi\/wp-json\/wp\/v2\/comments?post=142211"}],"version-history":[{"count":0,"href":"https:\/\/www.europesays.com\/fi\/wp-json\/wp\/v2\/posts\/142211\/revisions"}],"wp:featuredmedia":[{"embeddable":true,"href":"https:\/\/www.europesays.com\/fi\/wp-json\/wp\/v2\/media\/142212"}],"wp:attachment":[{"href":"https:\/\/www.europesays.com\/fi\/wp-json\/wp\/v2\/media?parent=142211"}],"wp:term":[{"taxonomy":"category","embeddable":true,"href":"https:\/\/www.europesays.com\/fi\/wp-json\/wp\/v2\/categories?post=142211"},{"taxonomy":"post_tag","embeddable":true,"href":"https:\/\/www.europesays.com\/fi\/wp-json\/wp\/v2\/tags?post=142211"}],"curies":[{"name":"wp","href":"https:\/\/api.w.org\/{rel}","templated":true}]}}