{"id":142213,"date":"2026-01-14T16:10:09","date_gmt":"2026-01-14T16:10:09","guid":{"rendered":"https:\/\/www.europesays.com\/fi\/142213\/"},"modified":"2026-01-14T16:10:09","modified_gmt":"2026-01-14T16:10:09","slug":"kuisma-70-ymmarsi-olevansa-muunsukupuolinen-transmaskuliini-tata-se-tarkoittaa","status":"publish","type":"post","link":"https:\/\/www.europesays.com\/fi\/142213\/","title":{"rendered":"Kuisma, 70, ymm\u00e4rsi olevansa muunsukupuolinen transmaskuliini &#8211; t\u00e4t\u00e4 se tarkoittaa"},"content":{"rendered":"<p class=\"ingress\">Kuisma Savisalo rakastui mieheen, meni naimisiin ja sai viisi lasta. Vasta vuosikymmeni\u00e4 my\u00f6hemmin h\u00e4n ymm\u00e4rsi, ettei ole nainen eik\u00e4 hetero.<\/p>\n<p>Vihkiminen tapahtui Tuiran kirkossa Oulussa kes\u00e4kuussa 1978. Is\u00e4 saattoi tytt\u00e4rens\u00e4 alttarille. H\u00e4\u00e4juhlassa oli iloinen tunnelma, vieraina paljon yst\u00e4vi\u00e4. Siit\u00e4 alkoi avioliitto, joka kesti melkein kolmekymment\u00e4 vuotta. <\/p>\n<p>Morsian oli tutustunut sulhaseen lukiossa ja Luontoliiton touhuissa. <\/p>\n<p>\u201dOlin ehk\u00e4 17-vuotias, kun n\u00e4in <strong>Markun<\/strong> ensimm\u00e4ist\u00e4 kertaa Oulun keskustassa, Franz\u00e9nin puistossa. H\u00e4n ei todellakaan ollut mik\u00e4\u00e4n hyvin pukeutuva nuorimies vaan kulki, jos ei nyt ihan linturetkikamppeissa, niin l\u00e4hestulkoon. Jos joku olisi sanonut minulle, ett\u00e4 tuossa on sinun tuleva aviomiehesi, en olisi uskonut\u201d, kertoo <strong>Kuisma Savisalo<\/strong>, 70. H\u00e4nen nimens\u00e4 oli tuolloin viel\u00e4 toinen.<\/p>\n<p>Kolmen vuoden kuluttua ensikohtaamisesta he alkoivat seurustella. Suhde muuttui hyvin pian vakavaksi, ja jo samana vuonna he meniv\u00e4t kihloihin. H\u00e4it\u00e4 vietettiin kolme vuotta my\u00f6hemmin.<\/p>\n<p>Ennen Markkua Kuismalla oli ollut joitakin ihastumisia sek\u00e4 poikiin ett\u00e4 tytt\u00f6ihin. Usein h\u00e4nt\u00e4 luultiin pojaksi. Kun joku kerran kysyi, oletko sin\u00e4 poika vai tytt\u00f6, Kuisma vastasi olevansa neutri.<\/p>\n<p>\u201dJonkin verran pohdin omaa seksuaalista suuntautumistani, mutta eih\u00e4n siihen aikaan puhuttu n\u00e4ist\u00e4 asioista. Se oli kielletty alue. Kun ei ollut tietoa, ei ollut ymm\u00e4rryst\u00e4k\u00e4\u00e4n.\u201d<\/p>\n<p>\u201dOlin aina halunnut ison perheen\u201d<\/p>\n<p>Kuisma sanoo, ett\u00e4 vaikka h\u00e4n oli naimisiin menness\u00e4\u00e4n viel\u00e4 keskentekoinen, h\u00e4n oli aidosti rakastunut Markkuun.<\/p>\n<p>\u201dMarkku oli, ja on edelleen, huumorintajuinen ja rento tyyppi. Minuun vetosi my\u00f6s h\u00e4nen m\u00e4\u00e4r\u00e4tietoisuutensa ja vastuuntuntonsa. H\u00e4nen el\u00e4m\u00e4narvonsa olivat kohdillaan.\u201d<\/p>\n<p>Nuoripari muutti Helsinkiin opiskelemaan pian kihlautumisensa j\u00e4lkeen. Kuisma p\u00e4\u00e4si Sibelius-Akatemiaan opiskelemaan musiikkia. H\u00e4nen tavoitteenaan oli valmistua kirkkomuusikoksi.<\/p>\n<p>\u201dTai en tied\u00e4, oliko se minun tavoitteeni vai oliko se enemm\u00e4nkin sit\u00e4, mit\u00e4 vanhempani minulta toivoivat.\u201d<\/p>\n<p>Opiskelut kuitenkin j\u00e4iv\u00e4t, kun Kuisma tuli raskaaksi. Ensimm\u00e4inen lapsi syntyi vuonna 1980 \u2013 ja sen j\u00e4lkeen syntyi nelj\u00e4 lis\u00e4\u00e4. Lapset olivat odotettuja ja toivottuja.<\/p>\n<p>\u201dOlin aina halunnut ison perheen, sill\u00e4 kasvoin itse adoptioperheen ainoana lapsena.\u201d<\/p>\n<p>Kuisma j\u00e4i kotiin hoitamaan lapsia viideksitoista vuodeksi. H\u00e4n kuvailee el\u00e4m\u00e4\u00e4 onnelliseksi mutta my\u00f6s raskaaksi, sill\u00e4 suurperheess\u00e4 oli aina rahasta tiukkaa.<\/p>\n<p>Vasta 80-luvun lopulla Kuisma ymm\u00e4rsi olevansa kiinnostuneempi naisista. Meni kuitenkin viel\u00e4 vuosia ennen kuin h\u00e4n sai kerrottua puolisolleen, ettei ole hetero. <\/p>\n<p><strong>Lue lis\u00e4\u00e4:<\/strong> <a href=\"https:\/\/anna.fi\/ihmiset\/noora-vaarala-ja-reidar-sarestoniemi\" rel=\"nofollow noopener\" target=\"_blank\">Noora Vaarala ja Reidar S\u00e4rest\u00f6niemi joutuivat vaikenemaan Kittil\u00e4ss\u00e4 samasta aiheesta: \u201dPuheissa oli aina pilkallinen s\u00e4vy\u201d<\/a><\/p>\n<p>\u201dSe tapahtui vuonna 2005. J\u00e4nnitin asian kertomista valtavasti ja pelk\u00e4sin, mit\u00e4 siit\u00e4 seuraa. Mutta eih\u00e4n tuo mit\u00e4\u00e4n katastrofia aiheuttanut. Pian t\u00e4m\u00e4n j\u00e4lkeen p\u00e4\u00e4timme erota.\u201d<\/p>\n<p>Kuisma suri avioeroa, mutta samaan aikaan h\u00e4n tunsi vapautumisentunnetta.<\/p>\n<p>\u201dSaisin vihdoin olla oma itseni. Se on kuitenkin aika iso asia.\u201d<\/p>\n<p>\u201dOlen muunsukupuolinen transmaskuliini\u201d<\/p>\n<p>Eron j\u00e4lkeen Kuismalla oli pari suhdetta naisten kanssa. Kysymys seksuaalisesta identiteetist\u00e4 kaihersi kuitenkin edelleen.<\/p>\n<p>Yksil\u00f6keskustelut ja vertaistuki auttoivat h\u00e4nt\u00e4 l\u00f6yt\u00e4m\u00e4\u00e4n oman identiteettins\u00e4 kuusikymppisen\u00e4. Tuolloin h\u00e4n my\u00f6s vaihtoi nimens\u00e4 Kuismaksi.<\/p>\n<p><strong>Lue lis\u00e4\u00e4:<\/strong> <a href=\"https:\/\/anna.fi\/hyvinvointi\/itsetuntemus\/muunsukupuolinen-niina-tunne-olevani-taysin-mies-enka-nainen\" rel=\"nofollow noopener\" target=\"_blank\">Muunsukupuolinen Niina: \u201dEn tunne olevani t\u00e4ysin mies enk\u00e4 nainen\u201d<\/a><\/p>\n<p>\u201dOlen muunsukupuolinen transmaskuliini. Se tarkoittaa, ett\u00e4 koen olevani jotain naisen ja miehen v\u00e4lilt\u00e4, mutta maskuliiniseen suuntaan. Naimisissa olen toisen samanlaisen kanssa.\u201d<\/p>\n<p>Kuismalla on edelleen hyv\u00e4t v\u00e4lit ex-mieheens\u00e4, ja my\u00f6s t\u00e4m\u00e4n nykyiseen puolisoon. <\/p>\n<p>\u201dJoku kysyi joskus, eik\u00f6 olisi ollut parempi el\u00e4\u00e4 lesbona aina. Olen \u00e4\u00e4rimm\u00e4isen onnellinen, ett\u00e4 olen saanut el\u00e4\u00e4 niin monivaiheisen el\u00e4m\u00e4n. En antaisi mit\u00e4\u00e4n pois.\u201d<\/p>\n<p>Markun nimi on muutettu. Juttu on julkaistu Vivan numerossa 10\/2026.<\/p>\n<p>    Sinua voi kiinnostaa my\u00f6s:<\/p>\n<ol class=\"read-also__list\">\n<li>\n<p>            <img loading=\"lazy\" decoding=\"async\" class=\"card__image awpo-lqip awpo-lazy\" width=\"1600\" height=\"1067\" src=\"https:\/\/www.europesays.com\/fi\/wp-content\/uploads\/2026\/01\/2024_10_09_seura_timo_ja_andy-3_preview-1.jpg\"\/>                <a href=\"https:\/\/anna.fi\/kategoria\/ruoka\" class=\"card__vignette\" rel=\"nofollow noopener\" target=\"_blank\"><br \/>\n            Ruoka          <\/a><\/p>\n<p>      <a href=\"https:\/\/anna.fi\/ruoka\/timo-jutilan-elamantaparemontti\" class=\"card__link-overlay\" rel=\"nofollow noopener\" target=\"_blank\">N\u00e4in Timo Jutila lis\u00e4si 800 grammaa kasviksia lautaselleen \u2013 sitten kilot alkoivat karista<\/a><\/p>\n<\/li>\n<li>\n<p>            <img loading=\"lazy\" decoding=\"async\" class=\"card__image awpo-lqip awpo-lazy\" width=\"2000\" height=\"1333\" src=\"https:\/\/www.europesays.com\/fi\/wp-content\/uploads\/2026\/01\/viva_meiju_suvas30432_edit.jpg\"\/>                <a href=\"https:\/\/anna.fi\/kategoria\/ihmiset\" class=\"card__vignette\" rel=\"nofollow noopener\" target=\"_blank\"><br \/>\n            Ihmiset          <\/a><\/p>\n<p>      <a href=\"https:\/\/anna.fi\/ihmiset\/meiju-suvas-vivassa\" class=\"card__link-overlay\" rel=\"nofollow noopener\" target=\"_blank\">\u00c4iti j\u00e4tti kuolinvuoteellaan poikkeuksellisen j\u00e4ljen Meiju Suvaksen pikkurilliin: \u201dKului vasta v\u00e4hitellen\u201d<\/a><\/p>\n<\/li>\n<li>\n<p>            <img loading=\"lazy\" decoding=\"async\" class=\"card__image awpo-lqip awpo-lazy\" width=\"2000\" height=\"1500\" src=\"https:\/\/www.europesays.com\/fi\/wp-content\/uploads\/2026\/01\/dscf3542.jpg\"\/>                <a href=\"https:\/\/anna.fi\/kategoria\/ihmiset\" class=\"card__vignette\" rel=\"nofollow noopener\" target=\"_blank\"><br \/>\n            Ihmiset          <\/a><\/p>\n<p>      <a href=\"https:\/\/anna.fi\/ihmiset\/sinikka-hurskainen\" class=\"card__link-overlay\" rel=\"nofollow noopener\" target=\"_blank\">Sinikka Hurskaisen avioliitto p\u00e4\u00e4ttyi poikkeuksellisella tavalla: \u201dOlen nainen vailla menneisyytt\u00e4\u201d<\/a><\/p>\n<\/li>\n<\/ol>\n","protected":false},"excerpt":{"rendered":"Kuisma Savisalo rakastui mieheen, meni naimisiin ja sai viisi lasta. Vasta vuosikymmeni\u00e4 my\u00f6hemmin h\u00e4n ymm\u00e4rsi, ettei ole nainen&hellip;\n","protected":false},"author":2,"featured_media":142214,"comment_status":"","ping_status":"","sticky":false,"template":"","format":"standard","meta":{"footnotes":""},"categories":[76],"tags":[79,77,33,31,30,651,32,78,13517],"class_list":{"0":"post-142213","1":"post","2":"type-post","3":"status-publish","4":"format-standard","5":"has-post-thumbnail","7":"category-talous","8":"tag-business","9":"tag-economy","10":"tag-fi","11":"tag-finland","12":"tag-finnish","13":"tag-suhteet","14":"tag-suomi","15":"tag-talous","16":"tag-viva"},"share_on_mastodon":{"url":"https:\/\/pubeurope.com\/@fi\/115894329483446925","error":""},"_links":{"self":[{"href":"https:\/\/www.europesays.com\/fi\/wp-json\/wp\/v2\/posts\/142213","targetHints":{"allow":["GET"]}}],"collection":[{"href":"https:\/\/www.europesays.com\/fi\/wp-json\/wp\/v2\/posts"}],"about":[{"href":"https:\/\/www.europesays.com\/fi\/wp-json\/wp\/v2\/types\/post"}],"author":[{"embeddable":true,"href":"https:\/\/www.europesays.com\/fi\/wp-json\/wp\/v2\/users\/2"}],"replies":[{"embeddable":true,"href":"https:\/\/www.europesays.com\/fi\/wp-json\/wp\/v2\/comments?post=142213"}],"version-history":[{"count":0,"href":"https:\/\/www.europesays.com\/fi\/wp-json\/wp\/v2\/posts\/142213\/revisions"}],"wp:featuredmedia":[{"embeddable":true,"href":"https:\/\/www.europesays.com\/fi\/wp-json\/wp\/v2\/media\/142214"}],"wp:attachment":[{"href":"https:\/\/www.europesays.com\/fi\/wp-json\/wp\/v2\/media?parent=142213"}],"wp:term":[{"taxonomy":"category","embeddable":true,"href":"https:\/\/www.europesays.com\/fi\/wp-json\/wp\/v2\/categories?post=142213"},{"taxonomy":"post_tag","embeddable":true,"href":"https:\/\/www.europesays.com\/fi\/wp-json\/wp\/v2\/tags?post=142213"}],"curies":[{"name":"wp","href":"https:\/\/api.w.org\/{rel}","templated":true}]}}