{"id":142215,"date":"2026-01-14T16:11:08","date_gmt":"2026-01-14T16:11:08","guid":{"rendered":"https:\/\/www.europesays.com\/fi\/142215\/"},"modified":"2026-01-14T16:11:08","modified_gmt":"2026-01-14T16:11:08","slug":"selviaako-havannan-syndrooman-syy-cnn-yhdysvaltojen-tiedustelupalvelut-ovat-tutkineet-vuoden-mystista-laitetta","status":"publish","type":"post","link":"https:\/\/www.europesays.com\/fi\/142215\/","title":{"rendered":"Selvi\u00e4\u00e4k\u00f6 Havannan syndrooman syy? CNN: Yhdysvaltojen tiedustelupalvelut ovat tutkineet vuoden mystist\u00e4 laitetta"},"content":{"rendered":"<p>CNN:n l\u00e4hteen mukaan laitteesta maksettiin miljoonia.<\/p>\n<p class=\"article-body mb-nof-24 px-nof-16\">Yhdysvaltojen puolustusministeri\u00f6 on tutkinut yli vuoden ajan laitetta, joka saattaa paljastaa, mist\u00e4 niin sanottu Havannan syndrooma johtuu, CNN <a class=\"underline underline-offset-[0.12em] [text-decoration-thickness:var(--generic-link-underline-thickness)] [text-decoration-color:var(--generic-link-underline-color)] [text-decoration-skip-ink:var(--generic-link-underline-skip-ink)] break-words\" href=\"https:\/\/edition.cnn.com\/2026\/01\/13\/politics\/havana-syndrome-device-pentagon-hsi?cid=external-feeds_iluminar_flipboard\" rel=\"nofollow noopener\" target=\"_blank\">kertoo<\/a>.<\/p>\n<p class=\"article-body mb-nof-24 px-nof-16\">Havannan syndroomana tunnettu sairaus havaittiin ensimm\u00e4isen kerran vuoden 2016 lopussa, kun joukko Yhdysvaltojen Havannan-suurl\u00e4hetyst\u00f6n ty\u00f6ntekij\u00f6it\u00e4 Kuubassa alkoi raportoida erikoisia oireita, kuten nen\u00e4verenvuotoa, migreeni\u00e4 ja pahoinvointia.<\/p>\n<p class=\"article-body mb-nof-24 px-nof-16\">My\u00f6hemmin vastaavista oireista kerrottiin yhdysvaltalaisl\u00e4hetyst\u00f6ist\u00e4 eri puolilla maailmaa.<\/p>\n<p class=\"article-body mb-nof-24 px-nof-16\">CIA:n silloinen johtaja <a class=\"font-bold underline-offset-[0.12em] [text-decoration:var(--person-link-text-decoration)] ![text-decoration-color:var(--person-link-text-decoration-color)]\" href=\"https:\/\/www.is.fi\/haku\/?query=William%20Burns\" rel=\"nofollow noopener\" target=\"_blank\">William Burns<\/a> kertoi vuonna 2021, ett\u00e4 ainakin yli 200 CIA:n ty\u00f6ntekij\u00e4\u00e4 ja heid\u00e4n perheenj\u00e4sent\u00e4\u00e4n oli sairastunut.<\/p>\n<p class=\"article-body mb-nof-24 px-nof-16\">Lis\u00e4ksi sairastuneiden joukossa on diplomaatteja.<\/p>\n<p><img decoding=\"async\" src=\"https:\/\/www.europesays.com\/fi\/wp-content\/uploads\/2026\/01\/1768407068_358_468.jpg\" alt=\"\" class=\"_Img_1rerz_1\" style=\"aspect-ratio:1.5635179153094463\" loading=\"eager\"\/><\/p>\n<p class=\"article-picture-caption\">Kuva:\u00a0\u00a9 REUTERS FILE PHOTO \/ Reuters<\/p>\n<p class=\"article-body mb-nof-24 px-nof-16\">CNN:n mukaan Yhdysvaltojen kotimaan turvallisuusviraston (DHS) tutkintaosasto hankki laitteen peiteoperaatiossa <a class=\"font-bold underline-offset-[0.12em] [text-decoration:var(--person-link-text-decoration)] ![text-decoration-color:var(--person-link-text-decoration-color)]\" href=\"https:\/\/www.is.fi\/haku\/?query=Joe%20Bidenin\" rel=\"nofollow noopener\" target=\"_blank\">Joe Bidenin<\/a> presidenttikauden viimeisin\u00e4 viikkoina \u201dkahdeksannumeroisella\u201d summalla. Se tarkoittaa, ett\u00e4 laitteesta maksettiin yli 10 miljoonaa dollaria.<\/p>\n<p class=\"article-body mb-nof-24 px-nof-16\">L\u00e4hteet eiv\u00e4t paljasta tarkkaa summaa CNN:lle. L\u00e4hteet eiv\u00e4t my\u00f6sk\u00e4\u00e4n paljasta, mist\u00e4 tai kenelt\u00e4 laite hankittiin.<\/p>\n<p class=\"article-body mb-nof-24 px-nof-16\">Laitetta tutkitaan edelleen. CNN:n mukaan puolustushallinnossa on erimielisyytt\u00e4, voiko se olla mystisten sairastumisten taustalla, mutta osa asiaa tutkivista pit\u00e4\u00e4 mahdollisena, ett\u00e4 laite on sairastumisten taustalla.<\/p>\n<p class=\"article-body mb-nof-24 px-nof-16\">CNN on pyyt\u00e4nyt kommenttia Yhdysvaltojen puolustusministeri\u00f6lt\u00e4, kotimaan turvallisuusvirastolta sek\u00e4 sen tutkintaosastolta. Keskustiedustelupalvelu CIA on kielt\u00e4ytynyt kommentoimasta asiaa.<\/p>\n<p class=\"article-body mb-nof-24 px-nof-16\">Yksi l\u00e4hde kertoo CNN:lle, ett\u00e4 laite l\u00e4hett\u00e4\u00e4 radioaaltopulsseja. Useat virkamiehet ja tutkijat ovat jo pitk\u00e4\u00e4n ep\u00e4illeet, ett\u00e4 kyseiset pulssit voisivat aiheuttaa oireet.<\/p>\n<p class=\"article-body mb-nof-24 px-nof-16\">L\u00e4hteen mukaan laite ei ole ven\u00e4l\u00e4inen, vaikka se sis\u00e4lt\u00e4\u00e4 ven\u00e4l\u00e4isi\u00e4 komponentteja.<\/p>\n<p class=\"article-body mb-nof-24 px-nof-16\">Puolustusviranomaiset raportoivat l\u00f6yd\u00f6ksist\u00e4\u00e4n \u2013 mukaan DHS:n hankkimasta laitteesta \u2013 Yhdysvaltain senaatin ja edustajainhuoneen tiedusteluvaliokunnille vuoden 2025 lopussa.<\/p>\n<p><img decoding=\"async\" src=\"https:\/\/www.europesays.com\/fi\/wp-content\/uploads\/2026\/01\/1768407068_6_468.jpg\" alt=\"Yhdysvaltain Havannan-suurl\u00e4hetyst\u00f6 sijaitsee Malec\u00f3n-rantakadun varrella.\" class=\"_Img_1rerz_1\" style=\"aspect-ratio:1.5035238841033673\" loading=\"eager\"\/><\/p>\n<p class=\"article-picture-caption\">Yhdysvaltain Havannan-suurl\u00e4hetyst\u00f6 sijaitsee Malec\u00f3n-rantakadun varrella. Kuva:\u00a0Lehtikuva \/ AFP<\/p>\n<p class=\"article-body mb-nof-24 px-nof-16\">Vuonna 2024 Saksalaisen Der Spiegel -lehti, yhdysvaltalaisen CBS:n <a class=\"underline underline-offset-[0.12em] [text-decoration-thickness:var(--generic-link-underline-thickness)] [text-decoration-color:var(--generic-link-underline-color)] [text-decoration-skip-ink:var(--generic-link-underline-skip-ink)] break-words\" href=\"https:\/\/www.cbsnews.com\/news\/havana-syndrome-russia-evidence-60-minutes\/\" rel=\"nofollow noopener\" target=\"_blank\">60 Minutes -uutisohjelma<\/a> ja ven\u00e4l\u00e4isen tutkivan verkkosivuston <a class=\"underline underline-offset-[0.12em] [text-decoration-thickness:var(--generic-link-underline-thickness)] [text-decoration-color:var(--generic-link-underline-color)] [text-decoration-skip-ink:var(--generic-link-underline-skip-ink)] break-words\" href=\"https:\/\/theins.ru\/en\/politics\/270425\" rel=\"nofollow noopener\" target=\"_blank\">The Insider<\/a> <a class=\"underline underline-offset-[0.12em] [text-decoration-thickness:var(--generic-link-underline-thickness)] [text-decoration-color:var(--generic-link-underline-color)] [text-decoration-skip-ink:var(--generic-link-underline-skip-ink)] break-words\" href=\"https:\/\/www.is.fi\/ulkomaat\/art-2000010329766.html\" rel=\"nofollow noopener\" target=\"_blank\">kertoivat<\/a>, ett\u00e4 syndrooman taustalta l\u00f6ytyy yhteyksi\u00e4 Ven\u00e4j\u00e4\u00e4n.<\/p>\n<p class=\"article-body mb-nof-24 px-nof-16\">Niiden l\u00f6yt\u00e4mien todisteiden mukaan syndrooman oireet ovat per\u00e4isin Ven\u00e4j\u00e4n sotilastiedustelun k\u00e4ytt\u00e4mist\u00e4 energia-aseista.<\/p>\n<p class=\"article-body mb-nof-24 px-nof-16\">Usealla uhreista on diagnosoitu lievi\u00e4 aivovammoja, selvitys kertoi.<\/p>\n<p class=\"article-body mb-nof-24 px-nof-16\">Kreml <a class=\"underline underline-offset-[0.12em] [text-decoration-thickness:var(--generic-link-underline-thickness)] [text-decoration-color:var(--generic-link-underline-color)] [text-decoration-skip-ink:var(--generic-link-underline-skip-ink)] break-words\" href=\"https:\/\/www.is.fi\/ulkomaat\/art-2000010330057.html\" rel=\"nofollow noopener\" target=\"_blank\">on kiist\u00e4nyt<\/a> medioiden selvitysten tiedot.<\/p>\n<p class=\"article-body mb-nof-24 px-nof-16\">My\u00f6s vuonna 2023 Yhdysvalloissa julkaistun <a class=\"underline underline-offset-[0.12em] [text-decoration-thickness:var(--generic-link-underline-thickness)] [text-decoration-color:var(--generic-link-underline-color)] [text-decoration-skip-ink:var(--generic-link-underline-skip-ink)] break-words\" href=\"https:\/\/www.is.fi\/ulkomaat\/art-2000009427343.html\" rel=\"nofollow noopener\" target=\"_blank\">tiedusteluraportin <\/a>mukaan on ep\u00e4todenn\u00e4k\u00f6ist\u00e4, ett\u00e4 oireet olisivat vihollisen aseen aiheuttamia.<\/p>\n","protected":false},"excerpt":{"rendered":"CNN:n l\u00e4hteen mukaan laitteesta maksettiin miljoonia. Yhdysvaltojen puolustusministeri\u00f6 on tutkinut yli vuoden ajan laitetta, joka saattaa paljastaa, mist\u00e4&hellip;\n","protected":false},"author":2,"featured_media":142216,"comment_status":"","ping_status":"","sticky":false,"template":"","format":"standard","meta":{"footnotes":""},"categories":[14],"tags":[22,23,26,27,33,31,30,17,34,24,25,28,29,15,18,21,32,19,20,56,16,59,60,61],"class_list":{"0":"post-142215","1":"post","2":"type-post","3":"status-publish","4":"format-standard","5":"has-post-thumbnail","7":"category-ulkomaat","8":"tag-breaking-news","9":"tag-breakingnews","10":"tag-featured-news","11":"tag-featurednews","12":"tag-fi","13":"tag-finland","14":"tag-finnish","15":"tag-headlines","16":"tag-ilta-sanomat","17":"tag-latest-news","18":"tag-latestnews","19":"tag-main-news","20":"tag-mainnews","21":"tag-news","22":"tag-otsikot","23":"tag-paauutiset","24":"tag-suomi","25":"tag-top-stories","26":"tag-topstories","27":"tag-ulkomaat","28":"tag-uutiset","29":"tag-world","30":"tag-world-news","31":"tag-worldnews"},"share_on_mastodon":{"url":"https:\/\/pubeurope.com\/@fi\/115894333207869302","error":""},"_links":{"self":[{"href":"https:\/\/www.europesays.com\/fi\/wp-json\/wp\/v2\/posts\/142215","targetHints":{"allow":["GET"]}}],"collection":[{"href":"https:\/\/www.europesays.com\/fi\/wp-json\/wp\/v2\/posts"}],"about":[{"href":"https:\/\/www.europesays.com\/fi\/wp-json\/wp\/v2\/types\/post"}],"author":[{"embeddable":true,"href":"https:\/\/www.europesays.com\/fi\/wp-json\/wp\/v2\/users\/2"}],"replies":[{"embeddable":true,"href":"https:\/\/www.europesays.com\/fi\/wp-json\/wp\/v2\/comments?post=142215"}],"version-history":[{"count":0,"href":"https:\/\/www.europesays.com\/fi\/wp-json\/wp\/v2\/posts\/142215\/revisions"}],"wp:featuredmedia":[{"embeddable":true,"href":"https:\/\/www.europesays.com\/fi\/wp-json\/wp\/v2\/media\/142216"}],"wp:attachment":[{"href":"https:\/\/www.europesays.com\/fi\/wp-json\/wp\/v2\/media?parent=142215"}],"wp:term":[{"taxonomy":"category","embeddable":true,"href":"https:\/\/www.europesays.com\/fi\/wp-json\/wp\/v2\/categories?post=142215"},{"taxonomy":"post_tag","embeddable":true,"href":"https:\/\/www.europesays.com\/fi\/wp-json\/wp\/v2\/tags?post=142215"}],"curies":[{"name":"wp","href":"https:\/\/api.w.org\/{rel}","templated":true}]}}