{"id":142217,"date":"2026-01-14T16:12:08","date_gmt":"2026-01-14T16:12:08","guid":{"rendered":"https:\/\/www.europesays.com\/fi\/142217\/"},"modified":"2026-01-14T16:12:08","modified_gmt":"2026-01-14T16:12:08","slug":"video-nayttaa-jari-saarion-dramaattisen-pelastusoperaation","status":"publish","type":"post","link":"https:\/\/www.europesays.com\/fi\/142217\/","title":{"rendered":"Video n\u00e4ytt\u00e4\u00e4 Jari Saarion dramaattisen pelastusoperaation"},"content":{"rendered":"<p>Laiva oli hakannut jo halkeaman Saarion veneen runkoon.<\/p>\n<p>Video n\u00e4ytt\u00e4\u00e4, kuinka Jari Saario pelastettiin.Video: IS<\/p>\n<p class=\"article-body mb-nof-24 px-nof-16\">Kuvamateriaali <a class=\"font-bold underline-offset-[0.12em] [text-decoration:var(--person-link-text-decoration)] ![text-decoration-color:var(--person-link-text-decoration-color)]\" href=\"https:\/\/www.is.fi\/haku\/?query=Jari%20Saarion\" rel=\"nofollow noopener\" target=\"_blank\">Jari Saarion<\/a> pelastusoperaatiosta n\u00e4ytt\u00e4\u00e4, kuinka Cymona Eagle -aluksen miehist\u00f6 pelasti suomalaissoutajan Atlantin valtamerell\u00e4 viime viikonloppuna.<\/p>\n<p class=\"article-body mb-nof-24 px-nof-16\">Ilta-Sanomat on saanut luvat videomateriaalin julkaisuun.<\/p>\n<p class=\"article-body mb-nof-24 px-nof-16\">Videosta n\u00e4kee, kuinka Saarion vene vedet\u00e4\u00e4n kauppa-aluksen vierelle. Sen j\u00e4lkeen Saario heitt\u00e4ytyy verkkoon, jonka avulla merimiehet nostavat h\u00e4net yl\u00f6s. Kannella merimiehet antavat h\u00e4nelle l\u00e4mmint\u00e4 ylleen.<\/p>\n<p class=\"article-body mb-nof-24 px-nof-16\">Saario kertoi IS:lle keskiviikkona yksityiskohtia dramaattisesta pelastusoperaatiosta.<\/p>\n<p class=\"article-body mb-nof-24 px-nof-16\">\u2013 Kippari kertoi, ett\u00e4 aaltojen korkeus oli ollut yli seitsem\u00e4n metri\u00e4, tuulta 15 metri\u00e4 sekunnissa ja matalapaine suoraan p\u00e4\u00e4ll\u00e4. Koko sen matkan, kun yrittiv\u00e4t heitt\u00e4\u00e4 minulle k\u00f6ytt\u00e4 kannelta, vett\u00e4 oli tullut yl\u00f6s kahdeksaan metriin asti. Tarvittiin mielet\u00f6n m\u00e4\u00e4r\u00e4 ammattitaitoa ja my\u00f6skin satumaista onnea, ett\u00e4 kaikki osui kohdilleen.<\/p>\n<p class=\"article-body mb-nof-24 px-nof-16\">Tuulen ujellus kuuluu my\u00f6s pelastusoperaatiosta kuvatulla videolla.<\/p>\n<p class=\"article-body mb-nof-24 px-nof-16\">\u2013 Tuuli ehti vied\u00e4 k\u00f6ysi\u00e4 v\u00e4h\u00e4n ohi, mutta sitten kapteeni oli k\u00e4\u00e4nt\u00e4nyt laivan p\u00e4in minun soutuvenett\u00e4ni ja toivonut, ett\u00e4 kylki osuu kohdalle. Sain viimeisen mahdollisen k\u00f6yden kiinni per\u00e4st\u00e4.<\/p>\n<p class=\"article-body mb-nof-24 px-nof-16\">Jos laivaa olisi pit\u00e4nyt ohjata Saarion veneen luokse uudelleen, se olisi voinut olla liian my\u00f6h\u00e4ist\u00e4. Laiva oli ehtinyt hakata Saarion veneen runkoon halkeaman.<\/p>\n<p><img decoding=\"async\" src=\"https:\/\/www.europesays.com\/fi\/wp-content\/uploads\/2026\/01\/1768407128_294_468.jpg\" alt=\"Saarion mukaan tarvittiin ammattitaitoa ja onnea, ett\u00e4 h\u00e4n p\u00e4\u00e4si turvallisesti laivan kannelle.\" class=\"_Img_1rerz_1\" style=\"aspect-ratio:1.7777777777777777\" loading=\"eager\"\/><\/p>\n<p class=\"article-picture-caption\">Saarion mukaan tarvittiin ammattitaitoa ja onnea, ett\u00e4 h\u00e4n p\u00e4\u00e4si turvallisesti laivan kannelle. Kuva:\u00a0Heiz Fernandez<\/p>\n<p class=\"article-body mb-nof-24 px-nof-16\">Palomiestaustaisen Jari Saarion tuorein yritys soutaa yli Atlantin katkesi viikonloppuna merih\u00e4t\u00e4\u00e4n. Saario ehti soutaa reilut puolet suunnitellusta matkastaan. H\u00e4nen oli tarkoitus soutaa Etel\u00e4-Amerikan etel\u00e4k\u00e4rjest\u00e4 Kap Hornista Etel\u00e4-Afrikan Kapkaupunkiin.<\/p>\n<p class=\"article-body mb-nof-24 px-nof-16\"><a class=\"underline underline-offset-[0.12em] [text-decoration-thickness:var(--generic-link-underline-thickness)] [text-decoration-color:var(--generic-link-underline-color)] [text-decoration-skip-ink:var(--generic-link-underline-skip-ink)] break-words\" href=\"https:\/\/www.is.fi\/urheilu\/art-2000011745565.html\" rel=\"nofollow noopener\" target=\"_blank\">Saario kertoi IS:lle tiistaina<\/a>, ett\u00e4 h\u00e4nen kajuuttaansa p\u00e4\u00e4si paljon vett\u00e4. Veneen akut kastuivat ja syttyiv\u00e4t palamaan. Saario tyhjensi sammuttimensa akkupaloihin ja laukaisi sen j\u00e4lkeen pelastuslauttansa silt\u00e4 varalta, ett\u00e4 koko vene syttyy palaamaan. Samalla h\u00e4n teki h\u00e4lytyksen.<\/p>\n<p class=\"article-body mb-nof-24 px-nof-16\">L\u00e4himp\u00e4n\u00e4 Saarion sijaintia seilannut Cymona Eagle -kauppa-alus h\u00e4lytettiin Saarion avuksi.<\/p>\n<p class=\"article-body mb-nof-24 px-nof-16\">Nyt vaikuttaa silt\u00e4, ett\u00e4 Saarion souturetket olivat toistaiseksi t\u00e4ss\u00e4.<\/p>\n<p class=\"article-body mb-nof-24 px-nof-16\">\u2013 Uskon, ett\u00e4 t\u00e4m\u00e4 oli minun viimeinen soutuni, Saario kommentoi tiistaina.<\/p>\n","protected":false},"excerpt":{"rendered":"Laiva oli hakannut jo halkeaman Saarion veneen runkoon. Video n\u00e4ytt\u00e4\u00e4, kuinka Jari Saario pelastettiin.Video: IS Kuvamateriaali Jari Saarion&hellip;\n","protected":false},"author":2,"featured_media":142218,"comment_status":"","ping_status":"","sticky":false,"template":"","format":"standard","meta":{"footnotes":""},"categories":[12],"tags":[22,23,26,27,33,31,30,17,34,24,25,28,29,15,18,21,32,19,20,16],"class_list":{"0":"post-142217","1":"post","2":"type-post","3":"status-publish","4":"format-standard","5":"has-post-thumbnail","7":"category-suomi","8":"tag-breaking-news","9":"tag-breakingnews","10":"tag-featured-news","11":"tag-featurednews","12":"tag-fi","13":"tag-finland","14":"tag-finnish","15":"tag-headlines","16":"tag-ilta-sanomat","17":"tag-latest-news","18":"tag-latestnews","19":"tag-main-news","20":"tag-mainnews","21":"tag-news","22":"tag-otsikot","23":"tag-paauutiset","24":"tag-suomi","25":"tag-top-stories","26":"tag-topstories","27":"tag-uutiset"},"share_on_mastodon":{"url":"https:\/\/pubeurope.com\/@fi\/115894337094269345","error":""},"_links":{"self":[{"href":"https:\/\/www.europesays.com\/fi\/wp-json\/wp\/v2\/posts\/142217","targetHints":{"allow":["GET"]}}],"collection":[{"href":"https:\/\/www.europesays.com\/fi\/wp-json\/wp\/v2\/posts"}],"about":[{"href":"https:\/\/www.europesays.com\/fi\/wp-json\/wp\/v2\/types\/post"}],"author":[{"embeddable":true,"href":"https:\/\/www.europesays.com\/fi\/wp-json\/wp\/v2\/users\/2"}],"replies":[{"embeddable":true,"href":"https:\/\/www.europesays.com\/fi\/wp-json\/wp\/v2\/comments?post=142217"}],"version-history":[{"count":0,"href":"https:\/\/www.europesays.com\/fi\/wp-json\/wp\/v2\/posts\/142217\/revisions"}],"wp:featuredmedia":[{"embeddable":true,"href":"https:\/\/www.europesays.com\/fi\/wp-json\/wp\/v2\/media\/142218"}],"wp:attachment":[{"href":"https:\/\/www.europesays.com\/fi\/wp-json\/wp\/v2\/media?parent=142217"}],"wp:term":[{"taxonomy":"category","embeddable":true,"href":"https:\/\/www.europesays.com\/fi\/wp-json\/wp\/v2\/categories?post=142217"},{"taxonomy":"post_tag","embeddable":true,"href":"https:\/\/www.europesays.com\/fi\/wp-json\/wp\/v2\/tags?post=142217"}],"curies":[{"name":"wp","href":"https:\/\/api.w.org\/{rel}","templated":true}]}}