{"id":142219,"date":"2026-01-14T16:13:10","date_gmt":"2026-01-14T16:13:10","guid":{"rendered":"https:\/\/www.europesays.com\/fi\/142219\/"},"modified":"2026-01-14T16:13:10","modified_gmt":"2026-01-14T16:13:10","slug":"annika-saarikko-jattaa-varsinais-suomen-aluevaltuuston-ja-muuttaa-espooseen-kotimaa","status":"publish","type":"post","link":"https:\/\/www.europesays.com\/fi\/142219\/","title":{"rendered":"Annika Saarikko j\u00e4tt\u00e4\u00e4 Varsinais-Suomen aluevaltuuston ja muuttaa Espooseen | Kotimaa"},"content":{"rendered":"<p class=\"aw-1gybjub aw-5vja16 kEtdKx kmuxyA yle__article__paragraph\">Saarikko siirtyi kansanedustajan teht\u00e4v\u00e4st\u00e4 Ylioppilaiden terveyden\u00adhoitos\u00e4\u00e4ti\u00f6n toimitus\u00adjohtajaksi viime syksyn\u00e4.<\/p>\n<p><img decoding=\"async\" alt=\"Annika Saarikko hymyilee istuessaan sohvalla.\" src=\"https:\/\/www.europesays.com\/fi\/wp-content\/uploads\/2026\/01\/39-15641216931489e4ec0b.jpeg\" class=\"aw-1l9m598 hKVVvP\"\/><\/p>\n<p>Avaa kuvien katselu<\/p>\n<p>Annika Saarikko on entinen keskustan puheenjohtaja ja moninkertainen ministeri. Kuva: Parad\/Yle<\/p>\n<p class=\"aw-1gybjub aw-1p7kakr kEtdKx cEmitX yle__article__paragraph\">Keskustan <strong class=\"aw-ak79eh KyCXm yle__article__strong\">Annika Saarikko<\/strong> pyyt\u00e4\u00e4 eroa Varsinais-Suomen aluevaltuustosta paikkakunnalta muuton seurauksena. Orip\u00e4\u00e4ss\u00e4 asunut Saarikko muuttaa perheineen Espooseen.<\/p>\n<p class=\"aw-1gybjub aw-1p7kakr kEtdKx cEmitX yle__article__paragraph\">Saarikko siirtyi kansanedustajan teht\u00e4v\u00e4st\u00e4 Ylioppilaiden terveydenhoitos\u00e4\u00e4ti\u00f6n toimitusjohtajaksi viime syksyn\u00e4. H\u00e4n on entinen keskustan puheenjohtaja ja moninkertainen ministeri.<\/p>\n<p class=\"aw-1gybjub aw-1p7kakr kEtdKx cEmitX yle__article__paragraph\">Aluehallitus k\u00e4sittelee Saarikon eroa maanantaina. Lopullisesti eron my\u00f6nt\u00e4\u00e4 aluevaltuusto.<\/p>\n<p class=\"aw-1gybjub aw-1p7kakr kEtdKx cEmitX yle__article__paragraph\">Saarikon tilalle aluevaltuustoon nousee turkulainen <strong class=\"aw-ak79eh KyCXm yle__article__strong\">Perttu Helin.<\/strong><\/p>\n","protected":false},"excerpt":{"rendered":"Saarikko siirtyi kansanedustajan teht\u00e4v\u00e4st\u00e4 Ylioppilaiden terveyden\u00adhoitos\u00e4\u00e4ti\u00f6n toimitus\u00adjohtajaksi viime syksyn\u00e4. Avaa kuvien katselu Annika Saarikko on entinen keskustan puheenjohtaja&hellip;\n","protected":false},"author":2,"featured_media":142220,"comment_status":"","ping_status":"","sticky":false,"template":"","format":"standard","meta":{"footnotes":""},"categories":[5],"tags":[8439,22,23,26,27,33,31,30,17,2218,71,24,25,28,29,15,22115,18,21,888,1561,32,19,20,662,16,4406,663],"class_list":{"0":"post-142219","1":"post","2":"type-post","3":"status-publish","4":"format-standard","5":"has-post-thumbnail","7":"category-otsikot","8":"tag-annika-saarikko","9":"tag-breaking-news","10":"tag-breakingnews","11":"tag-featured-news","12":"tag-featurednews","13":"tag-fi","14":"tag-finland","15":"tag-finnish","16":"tag-headlines","17":"tag-hyvinvointialueet","18":"tag-kotimaa","19":"tag-latest-news","20":"tag-latestnews","21":"tag-main-news","22":"tag-mainnews","23":"tag-news","24":"tag-oripaa","25":"tag-otsikot","26":"tag-paauutiset","27":"tag-suomalaiset-poliitikot","28":"tag-suomen-keskusta","29":"tag-suomi","30":"tag-top-stories","31":"tag-topstories","32":"tag-turku","33":"tag-uutiset","34":"tag-varsinais-suomen-hyvinvointialue","35":"tag-varsinais-suomi"},"share_on_mastodon":{"url":"https:\/\/pubeurope.com\/@fi\/115894340997158440","error":""},"_links":{"self":[{"href":"https:\/\/www.europesays.com\/fi\/wp-json\/wp\/v2\/posts\/142219","targetHints":{"allow":["GET"]}}],"collection":[{"href":"https:\/\/www.europesays.com\/fi\/wp-json\/wp\/v2\/posts"}],"about":[{"href":"https:\/\/www.europesays.com\/fi\/wp-json\/wp\/v2\/types\/post"}],"author":[{"embeddable":true,"href":"https:\/\/www.europesays.com\/fi\/wp-json\/wp\/v2\/users\/2"}],"replies":[{"embeddable":true,"href":"https:\/\/www.europesays.com\/fi\/wp-json\/wp\/v2\/comments?post=142219"}],"version-history":[{"count":0,"href":"https:\/\/www.europesays.com\/fi\/wp-json\/wp\/v2\/posts\/142219\/revisions"}],"wp:featuredmedia":[{"embeddable":true,"href":"https:\/\/www.europesays.com\/fi\/wp-json\/wp\/v2\/media\/142220"}],"wp:attachment":[{"href":"https:\/\/www.europesays.com\/fi\/wp-json\/wp\/v2\/media?parent=142219"}],"wp:term":[{"taxonomy":"category","embeddable":true,"href":"https:\/\/www.europesays.com\/fi\/wp-json\/wp\/v2\/categories?post=142219"},{"taxonomy":"post_tag","embeddable":true,"href":"https:\/\/www.europesays.com\/fi\/wp-json\/wp\/v2\/tags?post=142219"}],"curies":[{"name":"wp","href":"https:\/\/api.w.org\/{rel}","templated":true}]}}