{"id":142221,"date":"2026-01-14T16:25:10","date_gmt":"2026-01-14T16:25:10","guid":{"rendered":"https:\/\/www.europesays.com\/fi\/142221\/"},"modified":"2026-01-14T16:25:10","modified_gmt":"2026-01-14T16:25:10","slug":"sydney-sweeney-valloitti-suomen-lippukassat-avatar-jai-kyydista","status":"publish","type":"post","link":"https:\/\/www.europesays.com\/fi\/142221\/","title":{"rendered":"Sydney Sweeney valloitti Suomen lippukassat \u2013 Avatar j\u00e4i kyydist\u00e4"},"content":{"rendered":"<p><strong>Sydney Sweeneyn <\/strong>t\u00e4hditt\u00e4m\u00e4 Kotiapulainen oli menneen viikonlopun katsotuin elokuva Suomen teattereissa.<\/p>\n<p>Eroottinen trilleri ker\u00e4si viikonloppuna 14\u00a0742 katsojaa. Yhteens\u00e4 elokuvaa on k\u00e4yty katsomassa jo l\u00e4hes 50\u00a0000 kertaa ja se on tuottanut globaalisti jo yli 146 miljoonaa dollaria.<\/p>\n<p>Lue my\u00f6s: <a href=\"https:\/\/www.episodi.fi\/uutiset\/siina-ei-paljoa-polya-kerailty-sydney-sweeneyn-tuore-hittitrilleri-saa-jatko-osan\/\" title=\"Siin\u00e4 ei paljoa p\u00f6ly\u00e4 ker\u00e4ilty: Sydney Sweeneyn tuore hittitrilleri saa jatko-osan\" class=\"underline-custom !font-montserrat !font-bold !underline-offset-4 !decoration-4 !decoration-episodi-blue !text-md\" rel=\"nofollow noopener\" target=\"_blank\">Siin\u00e4 ei paljoa p\u00f6ly\u00e4 ker\u00e4ilty: Sydney Sweeneyn tuore hittitrilleri saa jatko-osan<\/a><\/p>\n<p>Lue my\u00f6s: <a href=\"https:\/\/www.episodi.fi\/uutiset\/sydney-sweeneylla-on-yllaan-pelkkaa-kultamaalia-vihjataanko-talla-007-ja-kultasormi-elokuvaan\/\" title=\"Sydney Sweeneyll\u00e4 on yll\u00e4\u00e4n pelkk\u00e4\u00e4 kultamaalia \u2013 vihjataanko t\u00e4ll\u00e4 007 ja Kultasormi -elokuvaan?\" class=\"underline-custom !font-montserrat !font-bold !underline-offset-4 !decoration-4 !decoration-episodi-blue !text-md\" rel=\"nofollow noopener\" target=\"_blank\">Sydney Sweeneyll\u00e4 on yll\u00e4\u00e4n pelkk\u00e4\u00e4 kultamaalia \u2013 vihjataanko t\u00e4ll\u00e4 007 ja Kultasormi -elokuvaan?<\/a><\/p>\n<p>Viikonlopun kakkonen Avatar: Fire and Ash ei ole l\u00e4htenyt Suomessa odotettuun liitoon. <\/p>\n<p>Joulukuun puoliv\u00e4liss\u00e4 ensi-iltansa saanut j\u00e4ttituotanto on ker\u00e4nnyt kotimaassa vain noin 150\u00a0000 katsojaa. Vertailun vuoksi Avatar (2009) ker\u00e4si yli 430\u00a0000 katsojaa ja Avatar: The Way of Water (2022) l\u00e4hes 360\u00a0000 katsojaa. Yhteens\u00e4 leffa on kuitenkin tuottanut jo yli 1,2 miljardia.<\/p>\n<p><strong>Pamela Tolan <\/strong>ohjaama Ter\u00e4sleidit on ker\u00e4nnyt jo mukavat 60\u00a0387 katsojaa.<\/p>\n<p><img loading=\"lazy\" decoding=\"async\" alt=\"YouTube video\" width=\"480\" height=\"360\" data-pin-nopin=\"true\" nopin=\"nopin\" class=\"perfmatters-lazy\" src=\"https:\/\/www.europesays.com\/fi\/wp-content\/uploads\/2026\/01\/1768407910_749_hqdefault.jpg\"\/><\/p>\n<p>L\u00e4hde: <a href=\"https:\/\/www.ses.fi\/ajankohtaista\/top-20-viikko-sitten-listakakkosena-debytoinut-kotiapulainen-nousi-listan-karkeen\/\" rel=\"nofollow noopener\" target=\"_blank\">SES<\/a><\/p>\n","protected":false},"excerpt":{"rendered":"Sydney Sweeneyn t\u00e4hditt\u00e4m\u00e4 Kotiapulainen oli menneen viikonlopun katsotuin elokuva Suomen teattereissa. Eroottinen trilleri ker\u00e4si viikonloppuna 14\u00a0742 katsojaa. Yhteens\u00e4&hellip;\n","protected":false},"author":2,"featured_media":135393,"comment_status":"","ping_status":"","sticky":false,"template":"","format":"standard","meta":{"footnotes":""},"categories":[136],"tags":[407,137,33,31,30,408,21521,4497,32,109],"class_list":{"0":"post-142221","1":"post","2":"type-post","3":"status-publish","4":"format-standard","5":"has-post-thumbnail","7":"category-julkkikset","8":"tag-celebrities","9":"tag-entertainment","10":"tag-fi","11":"tag-finland","12":"tag-finnish","13":"tag-julkkikset","14":"tag-kotiapulainen","15":"tag-suomen-katsotuimmat","16":"tag-suomi","17":"tag-viihde"},"share_on_mastodon":{"url":"https:\/\/pubeurope.com\/@fi\/115894388201548360","error":""},"_links":{"self":[{"href":"https:\/\/www.europesays.com\/fi\/wp-json\/wp\/v2\/posts\/142221","targetHints":{"allow":["GET"]}}],"collection":[{"href":"https:\/\/www.europesays.com\/fi\/wp-json\/wp\/v2\/posts"}],"about":[{"href":"https:\/\/www.europesays.com\/fi\/wp-json\/wp\/v2\/types\/post"}],"author":[{"embeddable":true,"href":"https:\/\/www.europesays.com\/fi\/wp-json\/wp\/v2\/users\/2"}],"replies":[{"embeddable":true,"href":"https:\/\/www.europesays.com\/fi\/wp-json\/wp\/v2\/comments?post=142221"}],"version-history":[{"count":0,"href":"https:\/\/www.europesays.com\/fi\/wp-json\/wp\/v2\/posts\/142221\/revisions"}],"wp:featuredmedia":[{"embeddable":true,"href":"https:\/\/www.europesays.com\/fi\/wp-json\/wp\/v2\/media\/135393"}],"wp:attachment":[{"href":"https:\/\/www.europesays.com\/fi\/wp-json\/wp\/v2\/media?parent=142221"}],"wp:term":[{"taxonomy":"category","embeddable":true,"href":"https:\/\/www.europesays.com\/fi\/wp-json\/wp\/v2\/categories?post=142221"},{"taxonomy":"post_tag","embeddable":true,"href":"https:\/\/www.europesays.com\/fi\/wp-json\/wp\/v2\/tags?post=142221"}],"curies":[{"name":"wp","href":"https:\/\/api.w.org\/{rel}","templated":true}]}}