{"id":142226,"date":"2026-01-14T16:34:10","date_gmt":"2026-01-14T16:34:10","guid":{"rendered":"https:\/\/www.europesays.com\/fi\/142226\/"},"modified":"2026-01-14T16:34:10","modified_gmt":"2026-01-14T16:34:10","slug":"pihoilla-kayskennellyt-susi-ammuttiin","status":"publish","type":"post","link":"https:\/\/www.europesays.com\/fi\/142226\/","title":{"rendered":"Pihoilla k\u00e4yskennellyt susi ammuttiin"},"content":{"rendered":"<p>Susi vieraili toistuvasti piha-alueilla. Se my\u00f6s karkotettiin kaksi kertaa alueelta.<\/p>\n<p><img decoding=\"async\" class=\"image image-show image-preview\" src=\"https:\/\/www.europesays.com\/fi\/wp-content\/uploads\/2026\/01\/14978077350ad2840e89125970033f4857b7352285d3424cb61b58fa60acd6b8.jpg\" alt=\"\"\/><img decoding=\"async\" class=\"image image-show\" src=\"https:\/\/www.europesays.com\/fi\/wp-content\/uploads\/2026\/01\/1768408450_719_14978077350ad2840e89125970033f4857b7352285d3424cb61b58fa60acd6b8.jpg\" alt=\"\"\/><\/p>\n<p>Poliisin mukaan muita vaihtoehtoja ei en\u00e4\u00e4 ollut kuin lopettaa susi. Kuvan susi ei liity tapaukseen. Wikimedia commons<\/p>\n<p class=\"paragraph\">Joensuussa piha-alueilla k\u00e4yskennellyt susi lopetettiin poliisin m\u00e4\u00e4r\u00e4yksell\u00e4. Poliisin tiedotteen mukaan susi aiheutti vaaraa alueen ihmisten hengelle ja terveydelle.<\/p>\n<p class=\"paragraph\">Susi vieraili piha-alueilla toistuvasti tammikuussa. Poliisi reagoi asiaan ensin karkotusp\u00e4\u00e4t\u00f6ksell\u00e4 4. tammikuuta.<\/p>\n<p class=\"paragraph\">Paikallinen suurriistavirka-apu (SRVA) karkotti suden kaksi kertaa onnistuneesti kauemmas piha-alueilta 4.1. ja 13.1. Karkotuksilla ei saatu toivottua vaikutusta, joten poliisi m\u00e4\u00e4r\u00e4si suden lopetettavaksi.<\/p>\n<p class=\"paragraph\">SRVA-toimijat lopettivat suden tiistaina 14.1. Poliisin mukaan suden uhka ihmisten hengelle ja terveydelle oli v\u00e4lit\u00f6n ja vakava, eik\u00e4 lievempi\u00e4 keinoja en\u00e4\u00e4 ollut.<\/p>\n<p class=\"paragraph\">Kuten susimets\u00e4styksess\u00e4kin, el\u00e4in toimitetaan Ruokavirastoon tutkittavaksi. Susien ymp\u00e4rivuotinen rauhoitus poistui t\u00e4m\u00e4n vuoden alussa.<\/p>\n<p class=\"paragraph\">Yhteens\u00e4 sata sutta saa mets\u00e4st\u00e4\u00e4 16 kiinti\u00f6alueella eri puolilla maata. Mets\u00e4stys on p\u00e4\u00e4ttynyt jo valtaosalla alueista.<\/p>\n<p class=\"paragraph\">Suden mets\u00e4styskausi loppuu 10. helmikuuta.<\/p>\n","protected":false},"excerpt":{"rendered":"Susi vieraili toistuvasti piha-alueilla. Se my\u00f6s karkotettiin kaksi kertaa alueelta. Poliisin mukaan muita vaihtoehtoja ei en\u00e4\u00e4 ollut kuin&hellip;\n","protected":false},"author":2,"featured_media":142227,"comment_status":"","ping_status":"","sticky":false,"template":"","format":"standard","meta":{"footnotes":""},"categories":[112],"tags":[35,404,33,31,30,72,785,118,591,32,119,534],"class_list":{"0":"post-142226","1":"post","2":"type-post","3":"status-publish","4":"format-standard","5":"has-post-thumbnail","7":"category-tiede","8":"tag-24h","9":"tag-elaimet","10":"tag-fi","11":"tag-finland","12":"tag-finnish","13":"tag-luonto","14":"tag-nisakkaat","15":"tag-science","16":"tag-selkarankaiset","17":"tag-suomi","18":"tag-tiede","19":"tag-ymparisto-ja-luonto"},"share_on_mastodon":{"url":"https:\/\/pubeurope.com\/@fi\/115894423594815315","error":""},"_links":{"self":[{"href":"https:\/\/www.europesays.com\/fi\/wp-json\/wp\/v2\/posts\/142226","targetHints":{"allow":["GET"]}}],"collection":[{"href":"https:\/\/www.europesays.com\/fi\/wp-json\/wp\/v2\/posts"}],"about":[{"href":"https:\/\/www.europesays.com\/fi\/wp-json\/wp\/v2\/types\/post"}],"author":[{"embeddable":true,"href":"https:\/\/www.europesays.com\/fi\/wp-json\/wp\/v2\/users\/2"}],"replies":[{"embeddable":true,"href":"https:\/\/www.europesays.com\/fi\/wp-json\/wp\/v2\/comments?post=142226"}],"version-history":[{"count":0,"href":"https:\/\/www.europesays.com\/fi\/wp-json\/wp\/v2\/posts\/142226\/revisions"}],"wp:featuredmedia":[{"embeddable":true,"href":"https:\/\/www.europesays.com\/fi\/wp-json\/wp\/v2\/media\/142227"}],"wp:attachment":[{"href":"https:\/\/www.europesays.com\/fi\/wp-json\/wp\/v2\/media?parent=142226"}],"wp:term":[{"taxonomy":"category","embeddable":true,"href":"https:\/\/www.europesays.com\/fi\/wp-json\/wp\/v2\/categories?post=142226"},{"taxonomy":"post_tag","embeddable":true,"href":"https:\/\/www.europesays.com\/fi\/wp-json\/wp\/v2\/tags?post=142226"}],"curies":[{"name":"wp","href":"https:\/\/api.w.org\/{rel}","templated":true}]}}