{"id":142230,"date":"2026-01-14T16:37:08","date_gmt":"2026-01-14T16:37:08","guid":{"rendered":"https:\/\/www.europesays.com\/fi\/142230\/"},"modified":"2026-01-14T16:37:08","modified_gmt":"2026-01-14T16:37:08","slug":"yhdysvallat-evakuoi-henkilostoaan-qatarista-uutisia-lyhyesti","status":"publish","type":"post","link":"https:\/\/www.europesays.com\/fi\/142230\/","title":{"rendered":"Yhdysvallat evakuoi henkil\u00f6st\u00f6\u00e4\u00e4n Qatarista | Uutisia lyhyesti"},"content":{"rendered":"<p><img decoding=\"async\" alt=\"Al-Udeidin lentotukikohta Qatarissa.\" src=\"https:\/\/www.europesays.com\/fi\/wp-content\/uploads\/2026\/01\/39-15814116967a825c094a.jpeg\" class=\"aw-1l9m598 hKVVvP\"\/><\/p>\n<p>Avaa kuvien katselu<\/p>\n<p>Al-Udeidin lentotukikohta Qatarissa. Arkistokuva vuodelta 2021. Kuva: U.S. Air Force \/ AOP<\/p>\n<p>16:12\u2022P\u00e4ivitetty 16:24<\/p>\n<p class=\"aw-1gybjub aw-1p7kakr kEtdKx cEmitX yle__article__paragraph\">Yhdysvallat on pyyt\u00e4nyt osaa henkil\u00f6kunnastaan poistumaan Al-Udeidin lentotukikohdasta Qatarissa. M\u00e4\u00e4r\u00e4ys tuli sen j\u00e4lkeen, kun Yhdysvallat uhkasi vastata Iranin hallituksen v\u00e4kivaltaan kansalaisiaan kohtaan.<\/p>\n<p class=\"aw-1gybjub aw-1p7kakr kEtdKx cEmitX yle__article__paragraph\">Asiasta kertoo kaksi nimet\u00f6nt\u00e4 l\u00e4hdett\u00e4 uutistoimisto AFP:lle. My\u00f6s <a class=\"aw-iao6s4 iHOxEa yle__article__link\" href=\"https:\/\/www.wsj.com\/world\/middle-east\/u-s-evacuates-some-personnel-from-qatar-air-base-as-trump-weighs-iran-strike-662b1e8e?mod=hp_lead_pos1\" role=\"link\" rel=\"nofollow noopener\" target=\"_blank\">Wall Street Journal<\/a> -lehti kirjoittaa evakuoinnista.<\/p>\n<p class=\"aw-1gybjub aw-1p7kakr kEtdKx cEmitX yle__article__paragraph\">Qatarin valtion mukaan kyseess\u00e4 on varotoimi alueellisten j\u00e4nnitteiden lis\u00e4\u00e4ntymisen vuoksi.<\/p>\n<p class=\"aw-1gybjub aw-1p7kakr kEtdKx cEmitX yle__article__paragraph\">L\u00e4hde: AFP, AP<\/p>\n","protected":false},"excerpt":{"rendered":"Avaa kuvien katselu Al-Udeidin lentotukikohta Qatarissa. Arkistokuva vuodelta 2021. Kuva: U.S. Air Force \/ AOP 16:12\u2022P\u00e4ivitetty 16:24 Yhdysvallat&hellip;\n","protected":false},"author":2,"featured_media":142231,"comment_status":"","ping_status":"","sticky":false,"template":"","format":"standard","meta":{"footnotes":"","_share_on_mastodon":"0"},"categories":[14],"tags":[22,23,2264,26,27,33,31,30,17,3648,992,24,25,28,29,15,18,21,7560,32,19,20,56,16,59,60,61,619],"class_list":["post-142230","post","type-post","status-publish","format-standard","has-post-thumbnail","category-ulkomaat","tag-breaking-news","tag-breakingnews","tag-evakuointi","tag-featured-news","tag-featurednews","tag-fi","tag-finland","tag-finnish","tag-headlines","tag-iran","tag-lahi-ita","tag-latest-news","tag-latestnews","tag-main-news","tag-mainnews","tag-news","tag-otsikot","tag-paauutiset","tag-qatar","tag-suomi","tag-top-stories","tag-topstories","tag-ulkomaat","tag-uutiset","tag-world","tag-world-news","tag-worldnews","tag-yhdysvallat"],"share_on_mastodon":{"url":"https:\/\/pubeurope.com\/@fi\/115894435429358912","error":""},"_links":{"self":[{"href":"https:\/\/www.europesays.com\/fi\/wp-json\/wp\/v2\/posts\/142230","targetHints":{"allow":["GET"]}}],"collection":[{"href":"https:\/\/www.europesays.com\/fi\/wp-json\/wp\/v2\/posts"}],"about":[{"href":"https:\/\/www.europesays.com\/fi\/wp-json\/wp\/v2\/types\/post"}],"author":[{"embeddable":true,"href":"https:\/\/www.europesays.com\/fi\/wp-json\/wp\/v2\/users\/2"}],"replies":[{"embeddable":true,"href":"https:\/\/www.europesays.com\/fi\/wp-json\/wp\/v2\/comments?post=142230"}],"version-history":[{"count":0,"href":"https:\/\/www.europesays.com\/fi\/wp-json\/wp\/v2\/posts\/142230\/revisions"}],"wp:featuredmedia":[{"embeddable":true,"href":"https:\/\/www.europesays.com\/fi\/wp-json\/wp\/v2\/media\/142231"}],"wp:attachment":[{"href":"https:\/\/www.europesays.com\/fi\/wp-json\/wp\/v2\/media?parent=142230"}],"wp:term":[{"taxonomy":"category","embeddable":true,"href":"https:\/\/www.europesays.com\/fi\/wp-json\/wp\/v2\/categories?post=142230"},{"taxonomy":"post_tag","embeddable":true,"href":"https:\/\/www.europesays.com\/fi\/wp-json\/wp\/v2\/tags?post=142230"}],"curies":[{"name":"wp","href":"https:\/\/api.w.org\/{rel}","templated":true}]}}