{"id":142236,"date":"2026-01-14T16:51:09","date_gmt":"2026-01-14T16:51:09","guid":{"rendered":"https:\/\/www.europesays.com\/fi\/142236\/"},"modified":"2026-01-14T16:51:09","modified_gmt":"2026-01-14T16:51:09","slug":"tanssija-saana-akiola-yllattaa-avantouimarina-kuvat","status":"publish","type":"post","link":"https:\/\/www.europesays.com\/fi\/142236\/","title":{"rendered":"Tanssija Saana Akiola yll\u00e4tt\u00e4\u00e4 avantouimarina &#8211; kuvat!"},"content":{"rendered":"<p>            ATTE KAJOVA\n        <\/p>\n<p class=\"subtitle \">Selviytyj\u00e4t voittanut Saana on osoittautunut melkoiseksi hurjap\u00e4\u00e4ksi. Tanssija kertoo Seiskalle, mist\u00e4 innostus hyiseen harrastukseen sai alkunsa.<\/p>\n<p class=\"article-content article-content-width !bg-background\">Tanssija , 39, saavutti vuonna 2025 jotain, johon vai harva on ylt\u00e4nyt. H\u00e4n sinnitteli Malesian kuumuudessa Selviytyj\u00e4t Suomi -ohjelman voittoon.\u00a0<\/p>\n<p class=\"font-weight-bold m-font-weight-bold article-content article-content-width !bg-background\">Video: Seiskan haastattelussa Saana ja Laura Akiola:<\/p>\n<p class=\"article-content article-content-width !bg-background\">Ilmeisesti Saana ei saanut kuvausten tuoksinnassa \u00e4\u00e4riolosuhteista viel\u00e4 tarpeekseen. Tanssii t\u00e4htien kanssa -ohjelman opettajanakin tunnettu Saana on nimitt\u00e4in heitt\u00e4ytynyt mukaan talviseen extremelajiin.\u00a0<\/p>\n<p>My\u00f6h\u00e4styneet uimarit<\/p>\n<p class=\"article-content article-content-width !bg-background\">Kokkilassa j\u00e4rjestettiin 10. tammikuuta avantouintikisat. <a href=\"https:\/\/www.salonseudunavantouimarit.fi\/kokkilan-kisat\/\" target=\"_blank\" rel=\"nofollow noopener\">Kilpailijat uivat merivedess\u00e4 25 metrin mittaisilla radoilla<\/a>. Tammikuu on Suomen merill\u00e4 vuoden hyisint\u00e4 aikaa, joten kisaolosuhteet olivat virkist\u00e4v\u00e4t. Pikkupakkanen ei Saanaa pelottanut, sill\u00e4 h\u00e4n osallistui joukkueensa kanssa viestikisaan.\u00a0<\/p>\n<p class=\"article-content article-content-width !bg-background\">Uintiskabaa paikan p\u00e4\u00e4ll\u00e4 seurannut Seiskan pitk\u00e4aikainen lukija tunnisti tv:st\u00e4 tutun Saanan v\u00e4litt\u00f6m\u00e4sti t\u00e4m\u00e4n tepasteltua kisapaikalle. Aivan tapahtuman alkutunneille Saana seurueineen ei kuitenkaan rynnist\u00e4nyt.<\/p>\n<p>                <img decoding=\"async\" src=\"https:\/\/www.europesays.com\/fi\/wp-content\/uploads\/2026\/01\/2045823.webp.jpeg\" width=\"576\" height=\"639\" alt=\"Saana tovereineen ehti juuri ja juuri viestikisaansa.\" loading=\"lazy\" \/>            <\/p>\n<p>\n            Saana tovereineen ehti juuri ja juuri viestikisaansa.<br \/>\n            Lukijan kuva\n        <\/p>\n<p class=\"article-content article-content-width !bg-background\">\u2013 He my\u00f6h\u00e4styiv\u00e4t yksil\u00f6lajeista, joihin olivat nimilistan perusteella ilmoittautuneet, j\u00e4\u00e4tik\u00f6n reunalta kuiskitaan.\u00a0<\/p>\n<p>J\u00e4iv\u00e4t mitalitta<\/p>\n<p class=\"article-content article-content-width !bg-background\">Saanan lis\u00e4ksi nelihenkiseen viestitiimiin kuului h\u00e4nen siskonsa . H\u00e4net n\u00e4htiin joulukuussa Saanan ja  rinnalla Selviytyjien finaalikolmikossa.\u00a0<\/p>\n<p class=\"article-content article-content-width !bg-background\">Avantouinnissa mitalisijat sen sijaan j\u00e4iv\u00e4t haaveeksi. Naisnelikko tuli sarjassaan viidenneksi.<\/p>\n<p class=\"article-content article-content-width !bg-background\">\u2013 Kyll\u00e4 uinti heilt\u00e4 ihan sujui, mutta k\u00e4rkikahinoihin ei viel\u00e4 ollut asiaa, Kokkilasta kerrotaan.<\/p>\n<p>                <img decoding=\"async\" src=\"https:\/\/www.europesays.com\/fi\/wp-content\/uploads\/2026\/01\/2045827.webp.jpeg\" width=\"576\" height=\"692\" alt=\"Kisayleis\u00f6st\u00e4 kerrotaan Saanan her\u00e4tt\u00e4neen huomiota ulkon\u00e4\u00f6ll\u00e4\u00e4n, sill\u00e4 useimmista uimareista poiketen h\u00e4nell\u00e4 oli huulipunaa.\" loading=\"lazy\" \/>            <\/p>\n<p>\n            Kisayleis\u00f6st\u00e4 kerrotaan Saanan her\u00e4tt\u00e4neen huomiota ulkon\u00e4\u00f6ll\u00e4\u00e4n, sill\u00e4 useimmista uimareista poiketen h\u00e4nell\u00e4 oli huulipunaa.<br \/>\n            Lukijan kuva\n        <\/p>\n<p class=\"article-content article-content-width !bg-background\">\u2013 Saana jutteli tapahtuman tohinassa yst\u00e4v\u00e4llisesti my\u00f6s yleis\u00f6n kanssa. H\u00e4n ja muu seurue poistuivat pian palkintojenjaon alettua.\u00a0<\/p>\n<p>N\u00e4in Saana kommentoi<\/p>\n<p class=\"article-content article-content-width !bg-background\">Seiska tavoitti Saanan, joka kertoi kisojen olleen viestijoukkueelle kolmannet. Kerta kerralta sijoitus on noussut.<\/p>\n<p class=\"article-content article-content-width !bg-background\">\u2013 Olimme viidensi\u00e4, ja joukkueita oli muistaakseni kymmenkunta. Olimme todella onnellisia, sill\u00e4 suurin osa muista joukkueista oli miesvaltaisia ja p\u00e4rj\u00e4simme nelj\u00e4n naisen voimin n\u00e4in hienosti, Saana iloitsee.\u00a0<\/p>\n<p class=\"article-content article-content-width !bg-background\">\u2013 Min\u00e4h\u00e4n en siis tykk\u00e4\u00e4 uida. Nyt kuitenkin pit\u00e4\u00e4 ehk\u00e4 alkaa sit\u00e4kin treenaamaan enemm\u00e4n, h\u00e4n nauraa.<\/p>\n<p>Innostus tarttui<\/p>\n<p class=\"article-content article-content-width !bg-background\">Joukkuekisoja ei ole takana montaa. Saanan avantoinnostus sen sijaan juontaa juurensa jo vuosien taa.<\/p>\n<p class=\"article-content article-content-width !bg-background\">\u2013 \u00c4itini on innokas avannossa k\u00e4vij\u00e4 ja h\u00e4n sai ensin houkuteltua Laura-siskoni mukaansa.<\/p>\n<p class=\"article-content article-content-width !bg-background\">\u2013 Ensimm\u00e4inen kertani oli varmaan aika tavanomainen, hirve\u00e4 kiljuminen ja paniikki ja \u00e4kki\u00e4 pois. My\u00f6hemmin yst\u00e4v\u00e4ni kuitenkin vei minut Furuvikin rantasaunalle, jossa vihdoin tajusin, ett\u00e4 t\u00e4m\u00e4h\u00e4n onkin siisti\u00e4, Saana muistelee.<\/p>\n","protected":false},"excerpt":{"rendered":"ATTE KAJOVA Selviytyj\u00e4t voittanut Saana on osoittautunut melkoiseksi hurjap\u00e4\u00e4ksi. Tanssija kertoo Seiskalle, mist\u00e4 innostus hyiseen harrastukseen sai alkunsa.&hellip;\n","protected":false},"author":2,"featured_media":142237,"comment_status":"","ping_status":"","sticky":false,"template":"","format":"standard","meta":{"footnotes":""},"categories":[136],"tags":[9725,407,137,33,31,30,8227,408,4478,3066,6208,3098,2766,2658,32,903,3868,1667,24469,109],"class_list":{"0":"post-142236","1":"post","2":"type-post","3":"status-publish","4":"format-standard","5":"has-post-thumbnail","7":"category-julkkikset","8":"tag-avantouinti","9":"tag-celebrities","10":"tag-entertainment","11":"tag-fi","12":"tag-finland","13":"tag-finnish","14":"tag-harrastus","15":"tag-julkkikset","16":"tag-kaak","17":"tag-kilpailu","18":"tag-kuva","19":"tag-laura-akiola","20":"tag-saana-akiola","21":"tag-selviytyjat-suomi","22":"tag-suomi","23":"tag-tanssii-tahtien-kanssa","24":"tag-tanssija","25":"tag-tapahtumat","26":"tag-viestijoukkue","27":"tag-viihde"},"share_on_mastodon":{"url":"https:\/\/pubeurope.com\/@fi\/115894490409309146","error":""},"_links":{"self":[{"href":"https:\/\/www.europesays.com\/fi\/wp-json\/wp\/v2\/posts\/142236","targetHints":{"allow":["GET"]}}],"collection":[{"href":"https:\/\/www.europesays.com\/fi\/wp-json\/wp\/v2\/posts"}],"about":[{"href":"https:\/\/www.europesays.com\/fi\/wp-json\/wp\/v2\/types\/post"}],"author":[{"embeddable":true,"href":"https:\/\/www.europesays.com\/fi\/wp-json\/wp\/v2\/users\/2"}],"replies":[{"embeddable":true,"href":"https:\/\/www.europesays.com\/fi\/wp-json\/wp\/v2\/comments?post=142236"}],"version-history":[{"count":0,"href":"https:\/\/www.europesays.com\/fi\/wp-json\/wp\/v2\/posts\/142236\/revisions"}],"wp:featuredmedia":[{"embeddable":true,"href":"https:\/\/www.europesays.com\/fi\/wp-json\/wp\/v2\/media\/142237"}],"wp:attachment":[{"href":"https:\/\/www.europesays.com\/fi\/wp-json\/wp\/v2\/media?parent=142236"}],"wp:term":[{"taxonomy":"category","embeddable":true,"href":"https:\/\/www.europesays.com\/fi\/wp-json\/wp\/v2\/categories?post=142236"},{"taxonomy":"post_tag","embeddable":true,"href":"https:\/\/www.europesays.com\/fi\/wp-json\/wp\/v2\/tags?post=142236"}],"curies":[{"name":"wp","href":"https:\/\/api.w.org\/{rel}","templated":true}]}}