{"id":142254,"date":"2026-01-14T17:18:08","date_gmt":"2026-01-14T17:18:08","guid":{"rendered":"https:\/\/www.europesays.com\/fi\/142254\/"},"modified":"2026-01-14T17:18:08","modified_gmt":"2026-01-14T17:18:08","slug":"ruokolahti-osti-jaakko-aikaksen-kupariveistokset-uuteen-puistoon-kunta-pysyy-kauppasummasta-vaiti-paikalliset","status":"publish","type":"post","link":"https:\/\/www.europesays.com\/fi\/142254\/","title":{"rendered":"Ruokolahti osti Jaakko \u00c4ik\u00e4ksen kupariveistokset uuteen puistoon\u2009\u2013\u2009Kunta pysyy kauppasummasta vaiti | Paikalliset"},"content":{"rendered":"<p>Ruokolahden kunta allekirjoitti maanantaina kauppakirjan <strong>Jaakko \u00c4ik\u00e4ksen<\/strong> kupariveistoksista t\u00e4m\u00e4n tytt\u00e4ren <strong>Anna-Maija \u00c4ik\u00e4ksen<\/strong> kanssa.<\/p>\n<p>\u2013\u2009Kunta lunasti kymmenen suurinta veistosta. Kauppasumma on liikesalaisuus, kunnan kulttuuriasioiden parissa ty\u00f6skentelev\u00e4 <strong>Jaana Hyrkk\u00e4nen<\/strong> kertoo.<\/p>\n<p>Kunta p\u00e4\u00e4tti syksyll\u00e4 kehitt\u00e4\u00e4 uusitun satama-alueen ja tapahtuma-aukion yhteyteen perustettavaa puistoa korostaen paikallista kulttuuria ja taidetta.<\/p>\n<p>Ruokolahden kunnanhallituksen puheenjohtaja <strong>Heli Virtanen<\/strong> muistuttaa, ett\u00e4 kuntastrategiassa korostetaan ruokolahtelaisuuden ja kulttuuriperinteiden arvostamista sek\u00e4 yhteis\u00f6llisyyden vahvistamista.<\/p>\n<p>\u2013\u2009Olemme kiitollisia mahdollisuudesta sopia teosten luovutuksesta kunnalle \u00c4ik\u00e4ksen perillisten kanssa. Paikalliskulttuuria ja ruokolahtelaisuutta korostavan taiteen tuominen osaksi kunnan keskustan ymp\u00e4rist\u00f6\u00e4 on t\u00e4ysin linjassa kuntastrategiamme kanssa, h\u00e4n sanoo kunnan tiedotteessa.<\/p>\n<p>\t\t<a class=\"diks-gallery__link\" href=\"https:\/\/i.media.fi\/incoming\/n1cis9\/11124062.jpg\/alternates\/FREE_1440\/11124062.jpg\" data-thumbnail=\"\" data-sub-html=\"Jaakko \u00c4ik\u00e4s teki kuparipatsaita, joista monet ovat luonnollisen kokoisia ihmishahmoja. Patsaat tulevat esille Rasilan kulttuuripuistoon. Jaana Hyrkk\u00e4nen\" aria-label=\"Katso isompi kuva\" rel=\"nofollow noopener\" target=\"_blank\"><br \/>\n\t\t\t\t<img class=\"diks-figure__image\" src=\"https:\/\/www.europesays.com\/fi\/wp-content\/uploads\/2026\/01\/11124062.jpg\" loading=\"lazy\" decoding=\"sync\" alt=\"\"\/><\/p>\n<p>\t\t\t<\/a><br \/>\n\t\t\t\t\tJaakko \u00c4ik\u00e4s teki kuparipatsaita, joista monet ovat luonnollisen kokoisia ihmishahmoja. Patsaat tulevat esille Rasilan kulttuuripuistoon. Jaana Hyrkk\u00e4nen<\/p>\n<p><strong class=\"diks-storyline__impact\">Kauppakirjat allekirjoitettiin<\/strong> Kontion leivintuvalla. Samassa yhteydess\u00e4 Anna-Maija \u00c4ik\u00e4s kertoi tarinoita is\u00e4st\u00e4\u00e4n sek\u00e4 t\u00e4m\u00e4n ty\u00f6st\u00e4 kupariveistosten parissa.<\/p>\n<p>Kuntakeskukseen sijoittuvan kulttuuripuiston kehitt\u00e4minen etenee seuraavaksi hankerahoituksen hakemisella.<\/p>\n<p>\u2013\u2009Hankerahoitusta haetaan, jotta tulevasta puistosta saadaan rakennettua monipuolisesti saavutettava kulttuuripuisto \u00c4ik\u00e4ksen veistosten ymp\u00e4rille, Hyrkk\u00e4nen kertoo.<\/p>\n<p>Kulttuuripuisto on paikan ty\u00f6nimi, ei lopullinen nimi.<\/p>\n<p>\u2013\u2009Meille tulee kev\u00e4\u00e4n aikana nimikilpailu. Toivomme kuntalaisilta hyvi\u00e4 ehdotuksia. Patsaspuistoa emme halua k\u00e4ytt\u00e4\u00e4, ettei paikka sekoitu Parikkalan patsaspuistoon.<\/p>\n<p>Aikataulu puiston perustamiseen on kunnianhimoinen.<\/p>\n<p>\u2013\u2009Tavoitteena on, ett\u00e4 syksyll\u00e4 olisi valmista. Puistoalueen tontti on uudisrakennuksen ty\u00f6maan k\u00e4yt\u00f6ss\u00e4 alkukes\u00e4\u00e4n asti. Sen j\u00e4lkeen aloitamme puiston perustusten teon ja veistosten laittamisen, Hyrkk\u00e4nen kertoo.<\/p>\n<p><strong class=\"diks-storyline__impact\">Jaakko \u00c4ik\u00e4s<\/strong> (1932\u20132002) oli ruokolahtelainen s\u00e4hk\u00f6asentaja ja kuvanveist\u00e4j\u00e4. H\u00e4n oli Ruokolahden taideyhdistyksen perustajaj\u00e4sen ja toimi sen johtokunnassa kahdeksan vuotta.<\/p>\n<p>\u00c4ik\u00e4ksen taiteellinen ura alkoi 1960-luvulla kuparinpakotuskurssilla. El\u00e4m\u00e4ns\u00e4 aikana h\u00e4n teki parikymment\u00e4 suurta kupariveistosta sek\u00e4 runsaasti pienempi\u00e4 teoksia.<\/p>\n<p>\u00c4ik\u00e4s ei pit\u00e4nyt itse\u00e4\u00e4n taiteilijana, eik\u00e4 h\u00e4n j\u00e4rjest\u00e4nyt koskaan yksityisn\u00e4yttely\u00e4. Silti h\u00e4nen teoksiaan on ollut esill\u00e4 Suomessa, Ruotsissa ja Saksassa.<\/p>\n<p>Tunnetuimmat teokset lienev\u00e4t Kurki Ruokolahden Osuuspankissa, Kastemalja Ruokolahden kirkossa sek\u00e4 Rautakoura Falunin maakuntakirjastossa.<\/p>\n<p>\u00c4ik\u00e4s sai Ruokolahden kunnan tunnustuspalkinnon vuonna 1983.<\/p>\n<p><strong>Lue my\u00f6s<\/strong>: <a href=\"https:\/\/www.uutisvuoksi.fi\/paikalliset\/8961058\" rel=\"nofollow noopener\" target=\"_blank\">Ruokolahti kaavailee paikallisen taiteilijan kupariteoksista omaa patsaspuistoa\u2009\u2013\u2009&#8221;Olisi kulttuuriteko&#8221;<\/a><\/p>\n","protected":false},"excerpt":{"rendered":"Ruokolahden kunta allekirjoitti maanantaina kauppakirjan Jaakko \u00c4ik\u00e4ksen kupariveistoksista t\u00e4m\u00e4n tytt\u00e4ren Anna-Maija \u00c4ik\u00e4ksen kanssa. \u2013\u2009Kunta lunasti kymmenen suurinta veistosta.&hellip;\n","protected":false},"author":2,"featured_media":142255,"comment_status":"","ping_status":"","sticky":false,"template":"","format":"standard","meta":{"footnotes":""},"categories":[135],"tags":[389,387,388,390,137,19695,33,31,30,16631,5779,32,394,393,391,392,398,109],"class_list":{"0":"post-142254","1":"post","2":"type-post","3":"status-publish","4":"format-standard","5":"has-post-thumbnail","7":"category-taiteet-ja-suunnittelu","8":"tag-arts","9":"tag-arts-and-design","10":"tag-artsanddesign","11":"tag-design","12":"tag-entertainment","13":"tag-falun","14":"tag-fi","15":"tag-finland","16":"tag-finnish","17":"tag-ruokolahden-kunta","18":"tag-ruokolahti","19":"tag-suomi","20":"tag-suunnittelu","21":"tag-taiteet","22":"tag-taiteet-ja-suunnittelu","23":"tag-taiteetsuunnittelu","24":"tag-taiteilija","25":"tag-viihde"},"share_on_mastodon":{"url":"https:\/\/pubeurope.com\/@fi\/115894596625508073","error":""},"_links":{"self":[{"href":"https:\/\/www.europesays.com\/fi\/wp-json\/wp\/v2\/posts\/142254","targetHints":{"allow":["GET"]}}],"collection":[{"href":"https:\/\/www.europesays.com\/fi\/wp-json\/wp\/v2\/posts"}],"about":[{"href":"https:\/\/www.europesays.com\/fi\/wp-json\/wp\/v2\/types\/post"}],"author":[{"embeddable":true,"href":"https:\/\/www.europesays.com\/fi\/wp-json\/wp\/v2\/users\/2"}],"replies":[{"embeddable":true,"href":"https:\/\/www.europesays.com\/fi\/wp-json\/wp\/v2\/comments?post=142254"}],"version-history":[{"count":0,"href":"https:\/\/www.europesays.com\/fi\/wp-json\/wp\/v2\/posts\/142254\/revisions"}],"wp:featuredmedia":[{"embeddable":true,"href":"https:\/\/www.europesays.com\/fi\/wp-json\/wp\/v2\/media\/142255"}],"wp:attachment":[{"href":"https:\/\/www.europesays.com\/fi\/wp-json\/wp\/v2\/media?parent=142254"}],"wp:term":[{"taxonomy":"category","embeddable":true,"href":"https:\/\/www.europesays.com\/fi\/wp-json\/wp\/v2\/categories?post=142254"},{"taxonomy":"post_tag","embeddable":true,"href":"https:\/\/www.europesays.com\/fi\/wp-json\/wp\/v2\/tags?post=142254"}],"curies":[{"name":"wp","href":"https:\/\/api.w.org\/{rel}","templated":true}]}}