{"id":142260,"date":"2026-01-14T17:25:07","date_gmt":"2026-01-14T17:25:07","guid":{"rendered":"https:\/\/www.europesays.com\/fi\/142260\/"},"modified":"2026-01-14T17:25:07","modified_gmt":"2026-01-14T17:25:07","slug":"poliisit-24-7-on-kuin-rekrytointivideo-poliisin-messuosastolla","status":"publish","type":"post","link":"https:\/\/www.europesays.com\/fi\/142260\/","title":{"rendered":"Poliisit 24\/7 on kuin rekrytointivideo poliisin messuosastolla"},"content":{"rendered":"<p>Televisioarvio|Poliisit 24\/7 -sarja seuraa h\u00e4tk\u00e4hdytt\u00e4vi\u00e4 tilanteita mutta k\u00e4rsii kuvausrajoituksista.<\/p>\n<p class=\"article-body mb-nof-24 px-nof-16\">Poliisit 24\/7. Ruutu. \u2605\u2605<\/p>\n<p class=\"article-body mb-nof-24 px-nof-16\">Oululaiset poliisit naureskelevat autossaan omille vitseilleen. Letke\u00e4 musiikki vaihtuu uhkaavaksi. Joku h\u00e4irik\u00f6i kauppakeskuksessa, kertoo toinen poliiseista studiohaastattelussa.<\/p>\n<p class=\"article-body mb-nof-24 px-nof-16\">Naamaltaan sumennettu mies alkaa uhkailla my\u00f6s poliiseja. H\u00e4irikk\u00f6 laitetaan poliisiauton takapenkille, ja kiva musiikki voi taas soida.<\/p>\n","protected":false},"excerpt":{"rendered":"Televisioarvio|Poliisit 24\/7 -sarja seuraa h\u00e4tk\u00e4hdytt\u00e4vi\u00e4 tilanteita mutta k\u00e4rsii kuvausrajoituksista. Poliisit 24\/7. Ruutu. \u2605\u2605 Oululaiset poliisit naureskelevat autossaan omille&hellip;\n","protected":false},"author":2,"featured_media":142261,"comment_status":"","ping_status":"","sticky":false,"template":"","format":"standard","meta":{"footnotes":""},"categories":[130],"tags":[137,33,31,30,46,32,109],"class_list":{"0":"post-142260","1":"post","2":"type-post","3":"status-publish","4":"format-standard","5":"has-post-thumbnail","7":"category-viihde","8":"tag-entertainment","9":"tag-fi","10":"tag-finland","11":"tag-finnish","12":"tag-helsingin-sanomat","13":"tag-suomi","14":"tag-viihde"},"share_on_mastodon":{"url":"https:\/\/pubeurope.com\/@fi\/115894624098944579","error":""},"_links":{"self":[{"href":"https:\/\/www.europesays.com\/fi\/wp-json\/wp\/v2\/posts\/142260","targetHints":{"allow":["GET"]}}],"collection":[{"href":"https:\/\/www.europesays.com\/fi\/wp-json\/wp\/v2\/posts"}],"about":[{"href":"https:\/\/www.europesays.com\/fi\/wp-json\/wp\/v2\/types\/post"}],"author":[{"embeddable":true,"href":"https:\/\/www.europesays.com\/fi\/wp-json\/wp\/v2\/users\/2"}],"replies":[{"embeddable":true,"href":"https:\/\/www.europesays.com\/fi\/wp-json\/wp\/v2\/comments?post=142260"}],"version-history":[{"count":0,"href":"https:\/\/www.europesays.com\/fi\/wp-json\/wp\/v2\/posts\/142260\/revisions"}],"wp:featuredmedia":[{"embeddable":true,"href":"https:\/\/www.europesays.com\/fi\/wp-json\/wp\/v2\/media\/142261"}],"wp:attachment":[{"href":"https:\/\/www.europesays.com\/fi\/wp-json\/wp\/v2\/media?parent=142260"}],"wp:term":[{"taxonomy":"category","embeddable":true,"href":"https:\/\/www.europesays.com\/fi\/wp-json\/wp\/v2\/categories?post=142260"},{"taxonomy":"post_tag","embeddable":true,"href":"https:\/\/www.europesays.com\/fi\/wp-json\/wp\/v2\/tags?post=142260"}],"curies":[{"name":"wp","href":"https:\/\/api.w.org\/{rel}","templated":true}]}}