{"id":142262,"date":"2026-01-14T17:28:07","date_gmt":"2026-01-14T17:28:07","guid":{"rendered":"https:\/\/www.europesays.com\/fi\/142262\/"},"modified":"2026-01-14T17:28:07","modified_gmt":"2026-01-14T17:28:07","slug":"huomasitko-hesburgerilta-iso-muutos-seuraa-nyt-makkaria-tamperelainen","status":"publish","type":"post","link":"https:\/\/www.europesays.com\/fi\/142262\/","title":{"rendered":"Huomasitko? Hesburgerilta iso muutos \u2013 seuraa nyt M\u00e4kk\u00e4ri\u00e4 &#8211; Tamperelainen"},"content":{"rendered":"<ol>\n<li><a href=\"https:\/\/news.google.com\/rss\/articles\/CBMiXEFVX3lxTE5WQ1lTZDRKQ1FuZ2l6N2l3cGRqc0loWjVzbE9lOTV5VmpIcVoyQlhYQVhwSENXUE81cld0UEdtUXpHLWJkVXlwZXY0OUk2MUN6dXE2Ql9kT05TRnY2?oc=5\" target=\"_blank\" rel=\"nofollow noopener\">Huomasitko? Hesburgerilta iso muutos \u2013 seuraa nyt M\u00e4kk\u00e4ri\u00e4<\/a>&nbsp;&nbsp;Tamperelainen<\/li>\n<li><a href=\"https:\/\/news.google.com\/rss\/articles\/CBMivwFBVV95cUxOb1NZQVVqbnIzaXR2ei1ZY0w4NVVzeGIzbU5jaEFoTUNPbkFrRkZWVDl3MkNrdy1yS1B4djM4YVFSa0FKYnl2WTJ6XzVQZ2EwZHE2bXFscVhLM25QdDlKakVSdzJtSVJBZTlHcHFyZ19VSFltcms2RVZiaVY3WDB5aFF2RHY1RWVyQloteWhRYVdvR2dJeExkZ192bFNIUXZURDV6LVcxbE5KbEhYY3pROGFqcUMzSXNRNGNZLVhFQQ?oc=5\" target=\"_blank\" rel=\"nofollow noopener\">Hesburgerista saa nyt r\u00e4\u00e4t\u00e4l\u00f6ityj\u00e4 hampurilaisia &#8211; suomalaisten suosituimmat t\u00e4ytteet selvisiv\u00e4t<\/a>&nbsp;&nbsp;Voice.fi<\/li>\n<li><a href=\"https:\/\/news.google.com\/rss\/articles\/CBMiYEFVX3lxTE1Mc1BiWGpZSk1LREt6a0JFZjFqLV9LUXJGVUo4RmRXYUlhRi1VT1BxcXdnbDJ1ei1SbGQzUk5taG9JUWt1U3pUcjNjR0dCdlhrN0FGOGxocUdnaGNzQTBpVg?oc=5\" target=\"_blank\" rel=\"nofollow noopener\">Hesburgerilta iso muutos \u2013 seurasi M\u00e4kk\u00e4ri\u00e4 | Paikalliset<\/a>&nbsp;&nbsp;Helsingin Uutiset<\/li>\n<li><a href=\"https:\/\/news.google.com\/rss\/articles\/CBMiTEFVX3lxTFBCWDMwTS1LTHdteFdrZEczQVpqaUtkdVZzTEk2THNuTTJEZVRrc0N5cGFvRWR3S3VvdDQ1R3kxZEx4SzN3TjNsV1ZHbmY?oc=5\" target=\"_blank\" rel=\"nofollow noopener\">Hesburger toi valikoimaan r\u00e4\u00e4t\u00e4l\u00f6it\u00e4v\u00e4t hampurilaiset<\/a>&nbsp;&nbsp;aamuset.fi<\/li>\n<li><a href=\"https:\/\/news.google.com\/rss\/articles\/CBMiggJBVV95cUxOdEhKcm1FaS1HWTJWRUIza0FNX1IyNnM0bmhKTEUteUJMQVNRbHpacHE5VThJTTloUURjSWdEU2tETlVnZ2JabGc5NUlDN0U4Q1EzV2RpYks5c1piSXIzaTdiLUh5NVRnUFh0MkpjU1JqZHlId3J0cTBLYTdLZ0hDc2lvRzhUMkJiR09lZUVxZ0l3MjgweG9yYnJqUmFPcWdWcDZDcXZEWVUtTjdOUEVWRWRvN2dUR1hHT1hQbjZ5MXNoNnB5NW9ma3pNSkdzSks3X2tSTXk0ZWN4T082ZHY2NW9mZElCV1k5S3J1MHRQeU9iTkdEQk9nR0FINGcwRWVialE?oc=5\" target=\"_blank\" rel=\"nofollow noopener\">Hesburger toi valikoimaan r\u00e4\u00e4t\u00e4l\u00f6it\u00e4v\u00e4t hampurilaiset \u2013 t\u00e4ss\u00e4 ovat suomalaisten suosituimmat lis\u00e4t\u00e4ytteet<\/a>&nbsp;&nbsp;STT Info<\/li>\n<\/ol>\n","protected":false},"excerpt":{"rendered":"Huomasitko? Hesburgerilta iso muutos \u2013 seuraa nyt M\u00e4kk\u00e4ri\u00e4&nbsp;&nbsp;Tamperelainen Hesburgerista saa nyt r\u00e4\u00e4t\u00e4l\u00f6ityj\u00e4 hampurilaisia &#8211; suomalaisten suosituimmat t\u00e4ytteet selvisiv\u00e4t&nbsp;&nbsp;Voice.fi&hellip;\n","protected":false},"author":2,"featured_media":142263,"comment_status":"","ping_status":"","sticky":false,"template":"","format":"standard","meta":{"footnotes":""},"categories":[76],"tags":[79,77,33,31,30,5966,20184,4997,900,2331,32,78],"class_list":{"0":"post-142262","1":"post","2":"type-post","3":"status-publish","4":"format-standard","5":"has-post-thumbnail","7":"category-talous","8":"tag-business","9":"tag-economy","10":"tag-fi","11":"tag-finland","12":"tag-finnish","13":"tag-hesburger","14":"tag-paprika","15":"tag-ruoanlaitto","16":"tag-ruoka","17":"tag-ruoka-ja-juoma","18":"tag-suomi","19":"tag-talous"},"share_on_mastodon":{"url":"https:\/\/pubeurope.com\/@fi\/115894635944877474","error":""},"_links":{"self":[{"href":"https:\/\/www.europesays.com\/fi\/wp-json\/wp\/v2\/posts\/142262","targetHints":{"allow":["GET"]}}],"collection":[{"href":"https:\/\/www.europesays.com\/fi\/wp-json\/wp\/v2\/posts"}],"about":[{"href":"https:\/\/www.europesays.com\/fi\/wp-json\/wp\/v2\/types\/post"}],"author":[{"embeddable":true,"href":"https:\/\/www.europesays.com\/fi\/wp-json\/wp\/v2\/users\/2"}],"replies":[{"embeddable":true,"href":"https:\/\/www.europesays.com\/fi\/wp-json\/wp\/v2\/comments?post=142262"}],"version-history":[{"count":0,"href":"https:\/\/www.europesays.com\/fi\/wp-json\/wp\/v2\/posts\/142262\/revisions"}],"wp:featuredmedia":[{"embeddable":true,"href":"https:\/\/www.europesays.com\/fi\/wp-json\/wp\/v2\/media\/142263"}],"wp:attachment":[{"href":"https:\/\/www.europesays.com\/fi\/wp-json\/wp\/v2\/media?parent=142262"}],"wp:term":[{"taxonomy":"category","embeddable":true,"href":"https:\/\/www.europesays.com\/fi\/wp-json\/wp\/v2\/categories?post=142262"},{"taxonomy":"post_tag","embeddable":true,"href":"https:\/\/www.europesays.com\/fi\/wp-json\/wp\/v2\/tags?post=142262"}],"curies":[{"name":"wp","href":"https:\/\/api.w.org\/{rel}","templated":true}]}}