{"id":14227,"date":"2025-08-23T16:22:09","date_gmt":"2025-08-23T16:22:09","guid":{"rendered":"https:\/\/www.europesays.com\/fi\/14227\/"},"modified":"2025-08-23T16:22:09","modified_gmt":"2025-08-23T16:22:09","slug":"odd-fellow-veljeskunta-tayttaa-100-vuotta-jaseneksi-paasee-vain-suosittelun-kautta-pohjanmaa","status":"publish","type":"post","link":"https:\/\/www.europesays.com\/fi\/14227\/","title":{"rendered":"Odd Fellow -veljeskunta t\u00e4ytt\u00e4\u00e4 100 vuotta \u2013 j\u00e4seneksi p\u00e4\u00e4see vain suosittelun kautta | Pohjanmaa"},"content":{"rendered":"<p class=\"sc-jYczwO sc-dNFkOE bUKqJd eiHPxO yle__article__paragraph\">Pitk\u00e4\u00e4 perinnett\u00e4 varjostaa hieman j\u00e4senkato, sill\u00e4 v\u00e4en vanhentuessa uusia j\u00e4seni\u00e4 ei saada en\u00e4\u00e4 mukaan kuten ennen.<\/p>\n<p><img decoding=\"async\" alt=\"Kaksi tummiin pukuihin pukeutunutta miest\u00e4 istuu juhlasalissa ja katsoo kameraan.\" src=\"https:\/\/www.europesays.com\/fi\/wp-content\/uploads\/2025\/08\/39-151016568a693fdec294.jpeg\" class=\"sc-dntSTA iywpZY\"\/><\/p>\n<p>Avaa kuvien katselu<\/p>\n<p>T\u00e4lt\u00e4 n\u00e4ytt\u00e4v\u00e4t Odd Fellowsin tilat ja loosisali Vaasassa. Vasemmalla istuva M\u00e5rten L\u00f6vdahl ja Volter H\u00f6gback ovat viett\u00e4neet salin kokouksissa ja toiminnan parissa aikaa jo yli parikymment\u00e4 vuotta ja heille siit\u00e4 on tullut el\u00e4m\u00e4ntapa. Kuva: Antti Haavisto \/ Yle<\/p>\n<p>18:34\u2022P\u00e4ivitetty 19:11<\/p>\n<p>Juttu tiivistettyn\u00e4<\/p>\n<ul class=\"sc-dMmcxd iwejNa yle__article__list yle__article__list--ul\">\n<li class=\"sc-fGqoZs ftBuqH\">Odd Fellow -veljeskuntatoiminta t\u00e4ytt\u00e4\u00e4 Suomessa 100 vuotta. Toiminta alkoi Vaasasta 1925.<\/li>\n<li class=\"sc-fGqoZs ftBuqH\">Odd Fellow&#8217;n tilat Vaasan Rantakadulla ovat olleet vuokralla yli 45 vuotta. Tilat ovat salaiset ja perinteikk\u00e4\u00e4t.<\/li>\n<li class=\"sc-fGqoZs ftBuqH\">J\u00e4senyytt\u00e4 haetaan suosituksen kautta, mutta my\u00f6s internetin kautta. Veljeskunnassa kehitet\u00e4\u00e4n ihmisten hyvi\u00e4 ominaisuuksia.<\/li>\n<li class=\"sc-fGqoZs ftBuqH\">Veljeskunnan j\u00e4senm\u00e4\u00e4r\u00e4t ovat laskussa, ja nuoria halutaan mukaan.<\/li>\n<\/ul>\n<p class=\"sc-jYczwO sc-ciCoXh bUKqJd cIOueB yle__article__paragraph\">T\u00e4m\u00e4 on teko\u00e4lyn avulla tuotettu, toimittajan tarkistama tiivistelm\u00e4.<\/p>\n<p class=\"sc-jYczwO sc-ciCoXh bUKqJd cIOueB yle__article__paragraph\">Odd Fellow -veljeskuntatoiminta t\u00e4ytt\u00e4\u00e4 Suomessa 100 vuotta. Toiminta sai alkunsa Vaasasta 8. elokuuta vuonna 1925, jolloin perustettiin ensimm\u00e4inen loosi, Logen 1 Wasa.<\/p>\n<p class=\"sc-jYczwO sc-ciCoXh bUKqJd cIOueB yle__article__paragraph\">Logen 1 Wasan nykyinen puheenjohtaja ja ylimestari <strong class=\"sc-eEHciv gtNhAX yle__article__strong\">Volter H\u00f6gback<\/strong> sek\u00e4 aikanaan samaa pesti\u00e4 hoitanut <strong class=\"sc-eEHciv gtNhAX yle__article__strong\">M\u00e5rten L\u00f6vdahl<\/strong> esittelev\u00e4t Odd Fellow&#8217;n tiloja Rantakadulla. Paikka on toiminut Odd Fellow&#8217;n vuokratilana jo yli 45 vuoden ajan.<\/p>\n<p><img decoding=\"async\" alt=\"Vanhan kivitalorakennuksen kaunista julkisivua jossa n\u00e4kyy suuri p\u00e4\u00e4ovi sek\u00e4 py\u00f6re\u00e4 koristeellinen valaisin.\" src=\"https:\/\/www.europesays.com\/fi\/wp-content\/uploads\/2025\/08\/39-151047768a6f8c00eaf2.jpeg\" loading=\"lazy\" class=\"sc-dntSTA iywpZY\"\/><\/p>\n<p>Avaa kuvien katselu<\/p>\n<p>Odd Fellow&#8217;n k\u00e4ytt\u00e4m\u00e4t tilat sijaitsevat Vaasassa vanhassa arvokiinteist\u00f6ss\u00e4 Rantakadulla aivan Svenska Klubbenin vieress\u00e4. Oven p\u00e4\u00e4ll\u00e4 n\u00e4kyv\u00e4 silmukkatunnus kuvaa veljeskunnan kolmea t\u00e4rke\u00e4\u00e4 arvoa, jotka ovat yst\u00e4vyys, rakkaus ja totuus. Kuva: Antti Haavisto \/ Yle<\/p>\n<p class=\"sc-jYczwO sc-ciCoXh bUKqJd cIOueB yle__article__paragraph\">Vanhan arvokiinteist\u00f6n tiloihin ei p\u00e4\u00e4se kuka tahansa, ja sama p\u00e4tee my\u00f6s itse veljeskunnan toimintaan. Hierarkkisesti ja historiallisesti siin\u00e4 on paljon samankaltaisuuksia vapaamuuraritoiminnan kanssa, miss\u00e4 toimitaan my\u00f6s looseissa.<\/p>\n<p class=\"sc-jYczwO sc-ciCoXh bUKqJd cIOueB yle__article__paragraph\">Mutta mit\u00e4 muuta t\u00e4m\u00e4 monelle mystiseksi j\u00e4\u00e4nyt veljeskunta tekee ja millaisia ihmisi\u00e4 siihen otetaan mukaan? M\u00e5rten L\u00f6vdahlin mukaan 1800-luvun alussa syntynyt veljeskunta Odd Fellow oli senaikainen ammatillinen intressij\u00e4rjest\u00f6, jossa kaikki auttoivat toisiaan.<\/p>\n<p class=\"sc-jYczwO sc-ciCoXh bUKqJd cIOueB yle__article__paragraph\">\u2013 T\u00e4m\u00e4 periaate on tavallaan s\u00e4ilynyt meid\u00e4n s\u00e4\u00e4nn\u00f6iss\u00e4mmekin eli edelleenkin uudet j\u00e4senet saavat kutsun joltain tuttavalta tai meid\u00e4n vanhoilta j\u00e4senilt\u00e4mme. Siihen ei hakeuduta noin vain kadulta, h\u00e4n sanoo.<\/p>\n<p class=\"sc-jYczwO sc-ciCoXh bUKqJd cIOueB yle__article__paragraph\">Silti Odd Fellow&#8217;n veljeskunnan j\u00e4senyytt\u00e4 voi hakea my\u00f6s internetin kautta. Hakemukset k\u00e4yd\u00e4\u00e4n kuitenkin tarkoin l\u00e4pi eik\u00e4 t\u00e4ysin ventovieraalla ole ilman suosittelijaa veljeskuntaan oikein asiaa.<\/p>\n<p class=\"sc-jYczwO sc-ciCoXh bUKqJd cIOueB yle__article__paragraph\">Toimintaideana on kehitt\u00e4\u00e4 ihmisten hyvi\u00e4 ominaisuuksia ja eri ihmisten yhteenkuuluvuutta.<\/p>\n<p class=\"sc-jYczwO sc-ciCoXh bUKqJd cIOueB yle__article__paragraph\">\u2013 Kaikki me olemme samanlaisia. Oletpa sitten k\u00e4sity\u00f6l\u00e4isduunari tai jonkin ison firman johtaja, me olemme kaikki samanarvoisia loosissa ja autamme ja tuemme toisiamme, Volter H\u00f6gback sanoo.<\/p>\n<p><img decoding=\"async\" alt=\"Tuoli ja kaksi korotettua p\u00f6yt\u00e4\u00e4 juhlasalissa.\" src=\"https:\/\/www.europesays.com\/fi\/wp-content\/uploads\/2025\/08\/39-151018868a6a8687d57b.jpeg\" loading=\"lazy\" class=\"sc-dntSTA iywpZY\"\/><\/p>\n<p>Avaa kuvien katselu<\/p>\n<p>Jokaisella hallituksen j\u00e4senell\u00e4 on loosikokouksessa oma tarkka roolinsa. Ne on merkitty kuvassa n\u00e4kyvill\u00e4 punaisilla antependiumeilla, jotka muistuttavat kirkkotekstiilej\u00e4. Kuva: Antti Haavisto \/ YleMystisess\u00e4 maineessa on puolensa<\/p>\n<p class=\"sc-jYczwO sc-ciCoXh bUKqJd cIOueB yle__article__paragraph\">Rantakadun tilojen eteishuoneessa on vaatekaappi, jossa roikkuu n\u00e4ytt\u00e4vi\u00e4 k\u00e4\u00e4tyj\u00e4. Ne ovat regaaleja, joihin j\u00e4senet kokouksissa pukeutuvat. Niit\u00e4 koristavat symbolit ja v\u00e4rit vaihtelevat sen mukaan, mill\u00e4 tasolla loosin j\u00e4senet hierarkkisesti ovat.<\/p>\n<p class=\"sc-jYczwO sc-ciCoXh bUKqJd cIOueB yle__article__paragraph\">Loosikokouksissa kahdesti kuukaudessa jokaisella hallituksen j\u00e4senell\u00e4 ylimestarista kirjuriin on oma tarkka paikkansa salissa. Paikat on merkitty punaisilla, kirkkotekstiilej\u00e4 muistuttavilla antependiumeilla.<\/p>\n<p><img decoding=\"async\" alt=\"Tummiin pukeutunut mies esittelem\u00e4ss\u00e4 pienen juhlasalin urkuja.\" src=\"https:\/\/www.europesays.com\/fi\/wp-content\/uploads\/2025\/08\/39-151018268a69dfc3a7fb.jpeg\" loading=\"lazy\" class=\"sc-dntSTA iywpZY\"\/><\/p>\n<p>Avaa kuvien katselu<\/p>\n<p>M\u00e5rten L\u00f6vdahl esittelee Vaasan loosisalissa olevia urkuja, joita k\u00e4ytet\u00e4\u00e4n s\u00e4\u00e4nn\u00f6llisesti muun muassa loosikokouksissa. Kuva: Antti Haavisto \/ Yle<\/p>\n<p class=\"sc-jYczwO sc-ciCoXh bUKqJd cIOueB yle__article__paragraph\">Kokoukset noudattavat vanhoja rituaalikirjoja ja tietty\u00e4 protokollaa. Salissa on urut sek\u00e4 erilaisia pitki\u00e4, hieman keih\u00e4st\u00e4 muistuttavia koristeellisia sauvoja. Ajatukset hakeutuvat v\u00e4ist\u00e4m\u00e4tt\u00e4 kirkonmenoihin.<\/p>\n<p class=\"sc-jYczwO sc-ciCoXh bUKqJd cIOueB yle__article__paragraph\">\u2013 Meill\u00e4 ei ole uskonnollista sanomaa eik\u00e4 toimintaa, mutta j\u00e4senen\u00e4 meill\u00e4 et voi olla ateisti. Jumalasta ei tehd\u00e4 pilkkaa eik\u00e4 presidentist\u00e4, H\u00f6gback sanoo.<\/p>\n<p class=\"sc-jYczwO sc-ciCoXh bUKqJd cIOueB yle__article__paragraph\">T\u00e4llaiseen suljettuun yhteis\u00f6\u00f6n ymp\u00e4rist\u00f6ineen liitet\u00e4\u00e4n helposti mystiikkaa ja ehk\u00e4 ep\u00e4luuloisuuttakin.<\/p>\n<p class=\"sc-jYczwO sc-ciCoXh bUKqJd cIOueB yle__article__paragraph\">\u2013 Mystiikka on tavallaan hyv\u00e4 asia. Esimerkiksi mystiikka t\u00e4ss\u00e4 k\u00e4ytt\u00e4m\u00e4ss\u00e4mme astej\u00e4rjestelm\u00e4ss\u00e4 on t\u00e4rke\u00e4\u00e4. Jos sin\u00e4 tied\u00e4t kaiken etuk\u00e4teen, niin se ei ole samalla tavalla uniikki el\u00e4mys, Volter H\u00f6gback sanoo.<\/p>\n<p><img decoding=\"async\" alt=\"Kaksi tummiin pukuihin pukeutunutta miest\u00e4 istumassa pieness\u00e4 juhlasalissa. \" src=\"https:\/\/www.europesays.com\/fi\/wp-content\/uploads\/2025\/08\/39-151017168a697405e053.jpeg\" loading=\"lazy\" class=\"sc-dntSTA iywpZY\"\/><\/p>\n<p>Avaa kuvien katselu<\/p>\n<p>T\u00e4ss\u00e4 loosisalissa Odd Fellow&#8217;n j\u00e4senet kokoustavat s\u00e4\u00e4nn\u00f6llisesti. M\u00e5rten L\u00f6vdahl ja Volter H\u00f6gback ovat molemmat toimineet oman, Suomen vanhimman Odd Fellow -loosinsa puheenjohtajina sek\u00e4 ylimestareina. Kuvassa oikealla oleva H\u00f6gback on Logen 1 Wasa -loosin nykyinen puheenjohtaja ja ylimestari. Kuva: Antti Haavisto \/ YleToiminta kaipaa uusia j\u00e4seni\u00e4<\/p>\n<p class=\"sc-jYczwO sc-ciCoXh bUKqJd cIOueB yle__article__paragraph\">Vaikka Vaasassa Odd Fellow&#8217;lla on yhdeks\u00e4n eri loosia ja noin 900 j\u00e4sent\u00e4, ovat j\u00e4senm\u00e4\u00e4r\u00e4t olleet laskussa jo usean vuoden ajan.<\/p>\n<p class=\"sc-jYczwO sc-ciCoXh bUKqJd cIOueB yle__article__paragraph\">Lis\u00e4ksi v\u00e4ki vanhenee eik\u00e4 uusia nuorempia tahdota saada toivottua tahtia mukaan. Moni Logen 1 Wasan j\u00e4sen on i\u00e4lt\u00e4\u00e4n jo l\u00e4hemp\u00e4n\u00e4 seitsem\u00e4\u00e4kymment\u00e4.<\/p>\n<p class=\"sc-jYczwO sc-ciCoXh bUKqJd cIOueB yle__article__paragraph\">\u2013 Tarvitsisimme nuorempaa v\u00e4ke\u00e4 mukaan. Keskim\u00e4\u00e4rin onnistumme v\u00e4rv\u00e4\u00e4m\u00e4\u00e4n ehk\u00e4 yhdest\u00e4 nelj\u00e4\u00e4n uutta j\u00e4sent\u00e4 vuodessa ja heit\u00e4 saisi olla enemm\u00e4n, Volter H\u00f6gback sanoo.<\/p>\n<p class=\"sc-jYczwO sc-ciCoXh bUKqJd cIOueB yle__article__paragraph\">Nyt loosissa on j\u00e4seni\u00e4 108, kun viel\u00e4 muutama vuosi sitten m\u00e4\u00e4r\u00e4 oli 120. Moni vanhempi j\u00e4sen on jo nukkunut pois. Veljeskunnan alaik\u00e4raja on 21 vuotta.<\/p>\n<p><img decoding=\"async\" alt=\"Marmorinen huoneentaulu Odd Fellow-yhteis\u00f6n kokoustiloissa Vaasassa.\" src=\"https:\/\/www.europesays.com\/fi\/wp-content\/uploads\/2025\/08\/39-151017468a69a3730c41.jpeg\" loading=\"lazy\" class=\"sc-dntSTA iywpZY\"\/><\/p>\n<p>Avaa kuvien katselu<\/p>\n<p>Odd Fellow&#8217;ssa tehd\u00e4\u00e4n paljon avustusty\u00f6t\u00e4 sek\u00e4 vieraillaan my\u00f6s sairaiden j\u00e4senten luona. T\u00e4st\u00e4 muistuttaa my\u00f6s loosisalin huoneentaulu. Kuva: Antti Haavisto \/ Yle<\/p>\n<p class=\"sc-jYczwO sc-ciCoXh bUKqJd cIOueB yle__article__paragraph\">Monilla looseilla on my\u00f6s muuta, kokousten ulkopuolista toimintaa, ja veljeys on tuonut mukanaan pitki\u00e4 yst\u00e4vyyssuhteita.<\/p>\n<p class=\"sc-jYczwO sc-ciCoXh bUKqJd cIOueB yle__article__paragraph\">\u2013 Teemme retki\u00e4, j\u00e4rjest\u00e4mme golfturnauksia tai k\u00e4ymme yhdess\u00e4 elokuvateatterissa tai j\u00e4rjest\u00e4mme illallisia sukulaisten kanssa, M\u00e5rten L\u00f6vdahl kertoo.<\/p>\n<p class=\"sc-jYczwO sc-ciCoXh bUKqJd cIOueB yle__article__paragraph\">Lis\u00e4ksi Odd Fellow tekee s\u00e4\u00e4nn\u00f6llisesti hiljaista avustus- ja hyv\u00e4ntekev\u00e4isyysty\u00f6t\u00e4 sit\u00e4 erikseen mainostamatta.<\/p>\n<p class=\"sc-jYczwO sc-ciCoXh bUKqJd cIOueB yle__article__paragraph\">T\u00e4m\u00e4n viikonlopun juhlamuistamiset lauantain suuressa 100-vuotisjuhlassa on sovittu osoitettavaksi yhteis\u00f6n omalle lapsis\u00e4\u00e4ti\u00f6n tilille. Juhlia vietet\u00e4\u00e4n noin kolmensadan hengen joukolla kirkossa sek\u00e4 Rantakadun omissa tiloissa.<\/p>\n<p class=\"sc-jYczwO sc-ciCoXh bUKqJd cIOueB yle__article__paragraph\"><strong class=\"sc-eEHciv gtNhAX yle__article__strong\">Kuuntele: Perttu H\u00e4kkinen ja Panu Hietaneva tutustuvat Odd Fellow&#8217;n Kauniaisten temppeliin ohjelmassa vuodelta 2015.<\/strong><\/p>\n<p><img decoding=\"async\" alt=\"\" src=\"https:\/\/www.europesays.com\/fi\/wp-content\/uploads\/2025\/08\/13-12-1021-4-62330-main.jpeg\" class=\"sc-dntSTA iywpZY\"\/><\/p>\n","protected":false},"excerpt":{"rendered":"Pitk\u00e4\u00e4 perinnett\u00e4 varjostaa hieman j\u00e4senkato, sill\u00e4 v\u00e4en vanhentuessa uusia j\u00e4seni\u00e4 ei saada en\u00e4\u00e4 mukaan kuten ennen. Avaa kuvien&hellip;\n","protected":false},"author":2,"featured_media":14228,"comment_status":"","ping_status":"","sticky":false,"template":"","format":"standard","meta":{"footnotes":""},"categories":[12],"tags":[22,23,26,27,33,31,30,17,71,24,25,28,29,15,5761,5762,18,21,5760,449,5763,32,19,20,16,859],"class_list":{"0":"post-14227","1":"post","2":"type-post","3":"status-publish","4":"format-standard","5":"has-post-thumbnail","7":"category-suomi","8":"tag-breaking-news","9":"tag-breakingnews","10":"tag-featured-news","11":"tag-featurednews","12":"tag-fi","13":"tag-finland","14":"tag-finnish","15":"tag-headlines","16":"tag-kotimaa","17":"tag-latest-news","18":"tag-latestnews","19":"tag-main-news","20":"tag-mainnews","21":"tag-news","22":"tag-odd-fellow-jarjestot","23":"tag-oddfellows","24":"tag-otsikot","25":"tag-paauutiset","26":"tag-perinteet","27":"tag-pohjanmaa","28":"tag-suljetut-yhteisot","29":"tag-suomi","30":"tag-top-stories","31":"tag-topstories","32":"tag-uutiset","33":"tag-vaasa"},"share_on_mastodon":{"url":"","error":""},"_links":{"self":[{"href":"https:\/\/www.europesays.com\/fi\/wp-json\/wp\/v2\/posts\/14227","targetHints":{"allow":["GET"]}}],"collection":[{"href":"https:\/\/www.europesays.com\/fi\/wp-json\/wp\/v2\/posts"}],"about":[{"href":"https:\/\/www.europesays.com\/fi\/wp-json\/wp\/v2\/types\/post"}],"author":[{"embeddable":true,"href":"https:\/\/www.europesays.com\/fi\/wp-json\/wp\/v2\/users\/2"}],"replies":[{"embeddable":true,"href":"https:\/\/www.europesays.com\/fi\/wp-json\/wp\/v2\/comments?post=14227"}],"version-history":[{"count":0,"href":"https:\/\/www.europesays.com\/fi\/wp-json\/wp\/v2\/posts\/14227\/revisions"}],"wp:featuredmedia":[{"embeddable":true,"href":"https:\/\/www.europesays.com\/fi\/wp-json\/wp\/v2\/media\/14228"}],"wp:attachment":[{"href":"https:\/\/www.europesays.com\/fi\/wp-json\/wp\/v2\/media?parent=14227"}],"wp:term":[{"taxonomy":"category","embeddable":true,"href":"https:\/\/www.europesays.com\/fi\/wp-json\/wp\/v2\/categories?post=14227"},{"taxonomy":"post_tag","embeddable":true,"href":"https:\/\/www.europesays.com\/fi\/wp-json\/wp\/v2\/tags?post=14227"}],"curies":[{"name":"wp","href":"https:\/\/api.w.org\/{rel}","templated":true}]}}