{"id":142278,"date":"2026-01-14T17:54:11","date_gmt":"2026-01-14T17:54:11","guid":{"rendered":"https:\/\/www.europesays.com\/fi\/142278\/"},"modified":"2026-01-14T17:54:11","modified_gmt":"2026-01-14T17:54:11","slug":"taaperoiden-aidit-etsivat-leikkipaikkaa-lapsilleen-syntyikin-hiekkaleikkipaikka-kauppakeskukseen","status":"publish","type":"post","link":"https:\/\/www.europesays.com\/fi\/142278\/","title":{"rendered":"Taaperoiden \u00e4idit etsiv\u00e4t leikkipaikkaa lapsilleen \u2013 Syntyikin hiekkaleikkipaikka kauppakeskukseen"},"content":{"rendered":"<p class=\"gb-ingress__content\">\n\t\t\t\tSis\u00e4hiekkaleikkipaikka Sandiksen perustajaosakkaat Maiju Hasko-Halonen, Matilda Sankamo ja Isabella Vanhanen ovat kaikki pienten, 1-vuotiaiden poikien \u00e4itej\u00e4. \t\t\t<\/p>\n<p>Kolmikko etsi lapsille kehitt\u00e4v\u00e4\u00e4, rauhallista leikkipaikkaa ja p\u00e4\u00e4tyi perustamaan sellaisen itse. Kauppakeskus Lippulaivassa Espoossa aukeaa tammikuun lopussa ensimm\u00e4inen sis\u00e4hiekkaleikkipuisto Euroopassa.<\/p>\n<p>\u2013 Puhtaasti alle 7-vuotiaille suunnattuja kaupallisia leikkipaikkoja ei k\u00e4yt\u00e4nn\u00f6ss\u00e4 ole, ja Euroopassa ei ole ainuttakaan laadukkaasti konseptoitua sis\u00e4hiekkaleikkipaikkaa. Yhdysvalloissa t\u00e4m\u00e4n kaltaiset konseptit ovat kovassa kasvussa, sanoo <strong>Maiju Hasko-Halonen<\/strong>, yksi perustajista.<\/p>\n<p>Tutkimusten mukaan vapaa leikki luonnollisilla materiaaleilla tukee lapsen kokonaisvaltaista kehityst\u00e4 merkitt\u00e4v\u00e4sti paremmin kuin strukturoidut toiminnot tai ruudut.<\/p>\n<p>\u2013 Nykyiset sis\u00e4leikkipaikat ovat usein keinotekoisia, v\u00e4rikk\u00e4it\u00e4 ja t\u00e4ynn\u00e4 \u00e4rsykkeit\u00e4, vaikka pienet lapset hy\u00f6tyisiv\u00e4t eniten rauhallisesta, vapaasta leikist\u00e4. Tutkimusten mukaan lapsen hermosto kaipaa aivan muuta kuin muovia ja kirkkaita v\u00e4rej\u00e4, Hasko-Halonen jatkaa.<\/p>\n<p>Materiaalit luonnonmukaisia<\/p>\n<p>Sandiksen tilat on suunnitellut Franz design. Kaikki materiaalit ovat luonnonmukaisia, ja visuaalisesti tila on suunniteltu rauhalliseksi pohjoismaisen muotoilun hengess\u00e4.<\/p>\n<p>Sandiksen tilat on yhteens\u00e4 200 neli\u00f6metri\u00e4, josta hiekkalaatikot viev\u00e4t noin 65 neli\u00f6metrin pinta-alan.<\/p>\n<p>Sandiksessa k\u00e4ytett\u00e4v\u00e4 hiekka on suomalaista, sertifioitua luonnonhiekkaa. Hiekka on pesty\u00e4, l\u00e4mp\u00f6k\u00e4sitelty\u00e4 ja p\u00f6ly\u00e4m\u00e4t\u00f6nt\u00e4. Se ei sis\u00e4ll\u00e4 kvartsip\u00f6ly\u00e4, allergeeneja tai kemikaaleja.<\/p>\n<p>Leikkialueella lapset leikkiv\u00e4t paljain jaloin puhtauden ja turvallisuuden vuoksi. Aikuisilla pit\u00e4\u00e4 olla sukat jalassa leikkialueella.<\/p>\n<p>\u2013 Keskustelemme jo seuraavien yksik\u00f6iden avauksista, ja tavoitteenamme on laajentua koko Eurooppaan. My\u00f6s Aasia lapsiin panostavana ja suomalaista designia arvostavana kulttuurina kiinnostaa ehdottomasti meit\u00e4.<\/p>\n<p>\t\t\t\t\t\tVinkkaa meille juttuaihe!<\/p>\n<p>                            Vinkkaa meille juttuaihe!<\/p>\n","protected":false},"excerpt":{"rendered":"Sis\u00e4hiekkaleikkipaikka Sandiksen perustajaosakkaat Maiju Hasko-Halonen, Matilda Sankamo ja Isabella Vanhanen ovat kaikki pienten, 1-vuotiaiden poikien \u00e4itej\u00e4. Kolmikko etsi&hellip;\n","protected":false},"author":2,"featured_media":142279,"comment_status":"","ping_status":"","sticky":false,"template":"","format":"standard","meta":{"footnotes":""},"categories":[76],"tags":[79,77,33,31,30,4631,32,78],"class_list":{"0":"post-142278","1":"post","2":"type-post","3":"status-publish","4":"format-standard","5":"has-post-thumbnail","7":"category-talous","8":"tag-business","9":"tag-economy","10":"tag-fi","11":"tag-finland","12":"tag-finnish","13":"tag-startup","14":"tag-suomi","15":"tag-talous"},"share_on_mastodon":{"url":"https:\/\/pubeurope.com\/@fi\/115894738923041736","error":""},"_links":{"self":[{"href":"https:\/\/www.europesays.com\/fi\/wp-json\/wp\/v2\/posts\/142278","targetHints":{"allow":["GET"]}}],"collection":[{"href":"https:\/\/www.europesays.com\/fi\/wp-json\/wp\/v2\/posts"}],"about":[{"href":"https:\/\/www.europesays.com\/fi\/wp-json\/wp\/v2\/types\/post"}],"author":[{"embeddable":true,"href":"https:\/\/www.europesays.com\/fi\/wp-json\/wp\/v2\/users\/2"}],"replies":[{"embeddable":true,"href":"https:\/\/www.europesays.com\/fi\/wp-json\/wp\/v2\/comments?post=142278"}],"version-history":[{"count":0,"href":"https:\/\/www.europesays.com\/fi\/wp-json\/wp\/v2\/posts\/142278\/revisions"}],"wp:featuredmedia":[{"embeddable":true,"href":"https:\/\/www.europesays.com\/fi\/wp-json\/wp\/v2\/media\/142279"}],"wp:attachment":[{"href":"https:\/\/www.europesays.com\/fi\/wp-json\/wp\/v2\/media?parent=142278"}],"wp:term":[{"taxonomy":"category","embeddable":true,"href":"https:\/\/www.europesays.com\/fi\/wp-json\/wp\/v2\/categories?post=142278"},{"taxonomy":"post_tag","embeddable":true,"href":"https:\/\/www.europesays.com\/fi\/wp-json\/wp\/v2\/tags?post=142278"}],"curies":[{"name":"wp","href":"https:\/\/api.w.org\/{rel}","templated":true}]}}