{"id":142288,"date":"2026-01-14T18:16:07","date_gmt":"2026-01-14T18:16:07","guid":{"rendered":"https:\/\/www.europesays.com\/fi\/142288\/"},"modified":"2026-01-14T18:16:07","modified_gmt":"2026-01-14T18:16:07","slug":"jani-hakanpaa-palaa-karppiin","status":"publish","type":"post","link":"https:\/\/www.europesays.com\/fi\/142288\/","title":{"rendered":"Jani Hakanp\u00e4\u00e4 palaa K\u00e4rppiin!"},"content":{"rendered":"<p>K\u00e4rp\u00e4t saa merkitt\u00e4v\u00e4n vahvistuksen puolustukseensa, kun Jani Hakanp\u00e4\u00e4, 33, liittyy joukkueeseen. Seuran ja pelaajan v\u00e4linen loppukauden sopimus sis\u00e4lt\u00e4\u00e4 NHL-option.<\/p>\n<p>Hakanp\u00e4\u00e4 palaa Ouluun kuuden NHL-kauden j\u00e4lkeen. Tuona aikana h\u00e4n on pelannut 290 runkosarjaottelua ja 33 playoffs-ottelua maailman kovimmassa kiekkoliigassa. H\u00e4n on edustanut Anaheim Ducksia, Carolina Hurricanesia, Dallas Starsia ja viimeisimp\u00e4n\u00e4 Toronto Maple Leafsia.<\/p>\n<p>Hakanp\u00e4\u00e4 on edustanut Suomea sek\u00e4 nuorten ett\u00e4 miesten maajoukkueissa. Vuonna 2019 h\u00e4n voitti A-maajoukkueessa MM-kultaa. H\u00e4n on Kiekko-Vantaan kasvatti ja seuran historian ensimm\u00e4inen NHL:\u00e4\u00e4n varattu pelaaja.<\/p>\n<p>Liiga-debyyttins\u00e4 Hakanp\u00e4\u00e4 teki Espoon Bluesin riveiss\u00e4 kaudella 2011\u20132012. K\u00e4rpiss\u00e4 h\u00e4n pelasi kaudet 2015\u20132019, joiden aikana mies voitti SM-kultaa, -hopeaa ja -pronssia sek\u00e4 CHL-hopeaa.<\/p>\n<p>Puolustajan mennyt syksy on ollut treenien t\u00e4yteinen.<\/p>\n<p>\u201dKuten Petri (Karjalainen) sanoi aamulla kopissa, niin saatiin maailman pisin try out p\u00e4\u00e4t\u00f6kseen. Ilmeisesti ollut sen verran hyv\u00e4t n\u00e4yt\u00f6t, ett\u00e4 saatiin sopimus aikaan\u201d,<\/p>\n<p>Hakanp\u00e4\u00e4 kertoo hymyillen.<\/p>\n<p>\u201dOlen kiitollinen siit\u00e4, ett\u00e4 saan olla taas mukana t\u00e4ss\u00e4 yhteis\u00f6ss\u00e4. Laitetaan homma rokkaamaan \u2013 menn\u00e4\u00e4n sata lasissa, isolla tunteella, niin varmasti hyv\u00e4 tulee!\u201d,<\/p>\n<p>h\u00e4n l\u00e4hett\u00e4\u00e4 terveisens\u00e4 seuraajille.<\/p>\n<p>\u201dJani tuo meille valtavasti kokemusta ja johtajuutta. H\u00e4n on fyysinen, luotettava puolustaja, joka pystyy tukemaan nuorempia pelaajia. Joukkueen arkeen sopeutuminen on Janille varsin helppoa, sill\u00e4 onhan h\u00e4n harjoitellut mukanamme l\u00e4pi kauden.<\/p>\n<p>T\u00e4m\u00e4 sopimus on iso asia koko seuralle sek\u00e4 kannattajille\u201d,<\/p>\n<p>kommentoi urheilujohtaja Kimmo Kapanen.<\/p>\n<p>T\u00e4m\u00e4nhetkisten suunnitelmien mukaan Hakanp\u00e4\u00e4n on tarkoitus pukea pelipaita ylleen ensi viikon vieraskiertueella.<\/p>\n","protected":false},"excerpt":{"rendered":"K\u00e4rp\u00e4t saa merkitt\u00e4v\u00e4n vahvistuksen puolustukseensa, kun Jani Hakanp\u00e4\u00e4, 33, liittyy joukkueeseen. Seuran ja pelaajan v\u00e4linen loppukauden sopimus sis\u00e4lt\u00e4\u00e4&hellip;\n","protected":false},"author":2,"featured_media":142289,"comment_status":"","ping_status":"","sticky":false,"template":"","format":"standard","meta":{"footnotes":""},"categories":[158],"tags":[33,31,30,159,32,160],"class_list":{"0":"post-142288","1":"post","2":"type-post","3":"status-publish","4":"format-standard","5":"has-post-thumbnail","7":"category-urheilu","8":"tag-fi","9":"tag-finland","10":"tag-finnish","11":"tag-sports","12":"tag-suomi","13":"tag-urheilu"},"share_on_mastodon":{"url":"https:\/\/pubeurope.com\/@fi\/115894824905670602","error":""},"_links":{"self":[{"href":"https:\/\/www.europesays.com\/fi\/wp-json\/wp\/v2\/posts\/142288","targetHints":{"allow":["GET"]}}],"collection":[{"href":"https:\/\/www.europesays.com\/fi\/wp-json\/wp\/v2\/posts"}],"about":[{"href":"https:\/\/www.europesays.com\/fi\/wp-json\/wp\/v2\/types\/post"}],"author":[{"embeddable":true,"href":"https:\/\/www.europesays.com\/fi\/wp-json\/wp\/v2\/users\/2"}],"replies":[{"embeddable":true,"href":"https:\/\/www.europesays.com\/fi\/wp-json\/wp\/v2\/comments?post=142288"}],"version-history":[{"count":0,"href":"https:\/\/www.europesays.com\/fi\/wp-json\/wp\/v2\/posts\/142288\/revisions"}],"wp:featuredmedia":[{"embeddable":true,"href":"https:\/\/www.europesays.com\/fi\/wp-json\/wp\/v2\/media\/142289"}],"wp:attachment":[{"href":"https:\/\/www.europesays.com\/fi\/wp-json\/wp\/v2\/media?parent=142288"}],"wp:term":[{"taxonomy":"category","embeddable":true,"href":"https:\/\/www.europesays.com\/fi\/wp-json\/wp\/v2\/categories?post=142288"},{"taxonomy":"post_tag","embeddable":true,"href":"https:\/\/www.europesays.com\/fi\/wp-json\/wp\/v2\/tags?post=142288"}],"curies":[{"name":"wp","href":"https:\/\/api.w.org\/{rel}","templated":true}]}}