{"id":142290,"date":"2026-01-14T18:17:08","date_gmt":"2026-01-14T18:17:08","guid":{"rendered":"https:\/\/www.europesays.com\/fi\/142290\/"},"modified":"2026-01-14T18:17:08","modified_gmt":"2026-01-14T18:17:08","slug":"claudia-barsk-jatti-maksamatta-apurilleen-talla-hetkella-tililla-on-28-euroa","status":"publish","type":"post","link":"https:\/\/www.europesays.com\/fi\/142290\/","title":{"rendered":"Claudia Barsk j\u00e4tti maksamatta apurilleen: &#8221;T\u00e4ll\u00e4 hetkell\u00e4 tilill\u00e4 on 28 euroa&#8221;"},"content":{"rendered":"<p class=\"subtitle \">Transnainen Claudia Barsk ei kovista puheistaan huolimatta voittanut rappiostriimaajaa kohuottelussa.<\/p>\n<p class=\"article-content article-content-width !bg-background\">Joulukuussa Pasilan liikuntahallissa n\u00e4htiin erikoinen n\u00e4ytelm\u00e4.<\/p>\n<p class=\"font-weight-bold m-font-weight-bold article-content article-content-width !bg-background\">Arkistovideo: Seiska kertoi syksyll\u00e4 2025 tulevasta rappiostriimaajan ja transnaisen nyrkkeilymatsista.<\/p>\n<p class=\"article-content article-content-width !bg-background\">1vs1 Fighting -tapahtumassa ottelivat nimitt\u00e4in ainoastaan somesta tunnetut hahmot.<\/p>\n<p class=\"article-content article-content-width !bg-background\">Illan p\u00e4\u00e4ottelussa n\u00e4htiin rappiostriimaaja \u201dPulliksen\u201d, eli \u00a0ja transnaisen  v\u00e4linen \u201dThe Rumble in Pasila\u201d.<\/p>\n<p class=\"article-content article-content-width !bg-background\">Ottelu oli nopeasti ohi, sill\u00e4 kovista puheista eiv\u00e4t j\u00e4\u00e4neet toden totta j\u00e4ljelle kuin puheet.\u00a0<\/p>\n<p class=\"article-content article-content-width !bg-background\">Claudia vaikutti &#8221;kovasta kokemuksestaan&#8221; huolimatta olevan v\u00e4\u00e4r\u00e4ss\u00e4 paikassa. Lopulta h\u00e4n luovutti, ja viinill\u00e4 tapahtumaan valmistautunut Pullis vei voiton.<\/p>\n<p>        <a itemprop=\"url\" href=\"https:\/\/www.seiska.fi\/rikos\/rappiostriimajan-synkka-tausta-puukotti-miesta-rintaan-ja-kuvasi-pikkulasta-vessassa\/2027916\" rel=\"nofollow noopener\" target=\"_blank\"><\/p>\n<p>\nRappiostriimajan synkk\u00e4 tausta\n<\/p>\n<p class=\"section-date\">\n        <strong class=\"article-section\" data-section=\"rikos\"><br \/>\n            rikos<br \/>\n        <\/strong><br \/>\n        30.12.2025 06:30\n    <\/p>\n<p>Rappiostriimajan synkk\u00e4 tausta: Puukotti miest\u00e4 rintaan ja kuvasi pikkulasta vessassa\n    <\/p>\n<p itemprop=\"description\" class=\"subtitle \">\n    Rappiostriimaaja &#8221;Pullis&#8221; eli Atte Karttunen voitti transnaisen hupiottelussa.\n<\/p>\n<p>        <\/a><\/p>\n<p>Voimamies<\/p>\n<p class=\"article-content article-content-width !bg-background\">Claudian kulmamiehen\u00e4 n\u00e4htiin muuan .\u00a0<\/p>\n<p class=\"article-content article-content-width !bg-background\">Suomen vahvin mies vuosimallia 2010\u00a0on tuttu eri kamppailutapahtumista, sill\u00e4 h\u00e4n on toiminut esimerkiksi turvamiehen\u00e4 sek\u00e4 Ice Cagessa ett\u00e4 \u00a0Training Centerin junnujen vapaapainin SM-kisoissa.<\/p>\n<p>\n            Ei se osannut otella eik\u00e4 se osannut edes pit\u00e4\u00e4 lupauksiaan.\n            <\/p>\n<p class=\"article-content article-content-width !bg-background\">Claudia oli pyyt\u00e4nyt kaveriaan tulemaan kulmaan, johon t\u00e4m\u00e4 olikin suostunut, kunhan Claudia maksaa lupaamansa kilometrikorvaukset ja ruoat.<\/p>\n<p class=\"article-content article-content-width !bg-background\">\u2013 Joo, no mulla meni 200 euroa: eli 120 euroa bensaan kahdessa p\u00e4iv\u00e4ss\u00e4, 20 euroa parkkimaksuihin sek\u00e4 noin 50 euroa ruokaan.<\/p>\n<p>                <img decoding=\"async\" src=\"https:\/\/www.europesays.com\/fi\/wp-content\/uploads\/2026\/01\/2046059.webp.jpeg\" width=\"576\" height=\"428\" alt=\"Claudia valmistui koitokseen somen mukaan kovalla treenill\u00e4, Pullis alkoholilla.\" loading=\"lazy\" \/>            <\/p>\n<p>\n            Claudia valmistui koitokseen somen mukaan kovalla treenill\u00e4, Pullis alkoholilla.<br \/>\n            Panu H\u00f6rkk\u00f6\n        <\/p>\n<p>&#8221;Itse pyysi minua&#8221;<\/p>\n<p class=\"article-content article-content-width !bg-background\">Claudia oli Pedron mukaan antanut tapahtumaa edelt\u00e4v\u00e4n\u00e4 iltana 48 euroa ja ottelup\u00e4iv\u00e4n\u00e4 35 euroa sek\u00e4 ottelun j\u00e4lkeisen\u00e4 p\u00e4iv\u00e4n\u00e4 viel\u00e4 toiset 35 euroa.<\/p>\n<p class=\"article-content article-content-width !bg-background\">\u2013 Mutta sen j\u00e4lkeen en ole saanut mit\u00e4\u00e4n h\u00e4nelt\u00e4. Eli 118 euroa olen h\u00e4nelt\u00e4 saanut, ja se lupasi maksaa minun kuluni sek\u00e4 v\u00e4h\u00e4n ekstraa, Pedro huokaa Seiskalle.<\/p>\n<p class=\"article-content article-content-width !bg-background\">\u2013 Claudia siis nimenomaan itse pyysi minua henkivartijaksi mediapunnitukseen, joka oli p\u00e4iv\u00e4\u00e4 aiemmin.<\/p>\n<p>        <a itemprop=\"url\" href=\"https:\/\/www.seiska.fi\/urheilu\/vau-mika-vaaleanpunainen-pantteri-tassa-on-kohuotteluun-osallistuvan-transnainen-claudian-kaara\/1961760\" rel=\"nofollow noopener\" target=\"_blank\"><\/p>\n<p>\nKohuotteluun osallistuvan transnainen\n<\/p>\n<p class=\"section-date\">\n        <strong class=\"article-section\" data-section=\"urheilu\"><br \/>\n            urheilu<br \/>\n        <\/strong><br \/>\n        19.10.2025 17:00\n    <\/p>\n<p>Vau, mik\u00e4 Vaaleanpunainen pantteri \u2013 t\u00e4ss\u00e4 on kohuotteluun osallistuvan transnainen Claudian kaara!\n    <\/p>\n<p itemprop=\"description\" class=\"subtitle \">\n    Transnaisen ja rappiostriimaajan v\u00e4linen kohuottelu on her\u00e4tt\u00e4nyt ennakkoon paljon tuohtumusta. Claudia muistuttaa er\u00e4\u00e4st\u00e4 tietyst\u00e4 faktasta.\n<\/p>\n<p>        <\/a><\/p>\n<p>&#8221;Ei se osannut otella&#8221;<\/p>\n<p class=\"article-content article-content-width !bg-background\">T\u00e4m\u00e4n vuoksi Pedro kaasutteli kotinsa ja Helsingin v\u00e4li\u00e4 kahden p\u00e4iv\u00e4n aikana yli 700 kilometrin edest\u00e4. Pedro on pahoillaan asiasta sen takia, ett\u00e4 piti Claudiaa luotettuna yst\u00e4v\u00e4n\u00e4\u00e4n.<\/p>\n<p class=\"article-content article-content-width !bg-background\">\u2013 Mutta helppoa on luvata, kun ei n\u00e4ht\u00e4v\u00e4sti ole ollut tarkoitus maksaa edes sit\u00e4, mit\u00e4 minulla menee kuluihin. Onneksi en ottanut hotellia, kun olisi minulla mennyt viel\u00e4 enemm\u00e4n rahaa kuin bensaan.<\/p>\n<p>\n            T\u00e4ll\u00e4 hetkell\u00e4 tilill\u00e4 on 28 euroa, sill\u00e4 ei paljon maksella.\n            <\/p>\n<p class=\"article-content article-content-width !bg-background\">Pedro on kertonut asiasta my\u00f6s Tiktok-tilill\u00e4\u00e4n ja sanoo saaneensa eri henkil\u00f6ilt\u00e4 yhteydenottoja siit\u00e4, ettei t\u00e4m\u00e4 ole ainoa, jolle Claudia on velkaa.<\/p>\n<p class=\"article-content article-content-width !bg-background\">\u2013 Ei se osannut otella eik\u00e4 se osannut edes pit\u00e4\u00e4 lupauksiaan, Pedro linjaa.<\/p>\n<p>                <img decoding=\"async\" src=\"https:\/\/www.europesays.com\/fi\/wp-content\/uploads\/2026\/01\/2046067.webp.jpeg\" width=\"576\" height=\"639\" alt=\"Pedro haluaa rahansa, jotka Claudia oli h\u00e4nelle luvannut.\" loading=\"lazy\" \/>            <\/p>\n<p>\n            Pedro haluaa rahansa, jotka Claudia oli h\u00e4nelle luvannut.<br \/>\n            Pedro Karlssonin kotialbumi\n        <\/p>\n<p>&#8221;Tilill\u00e4 28 euroa&#8221;<\/p>\n<p class=\"article-content article-content-width !bg-background\">Seiska tavoitti luonnollisesti my\u00f6s Claudian.<\/p>\n<p class=\"article-content article-content-width !bg-background\">\u2013 Kyll\u00e4, se pit\u00e4\u00e4 paikkaansa.<\/p>\n<p class=\"article-content article-content-width !bg-background\">\u2013 Olen vissiin 50\u201360 euroa viel\u00e4 velkaa Pedrolle.<\/p>\n<p class=\"article-content article-content-width !bg-background\">Claudia on est\u00e4nyt Pedron somessa, mutta vakuuttaa maksavansa \u2013 onhan kyseess\u00e4 velka.<\/p>\n<p class=\"article-content article-content-width !bg-background\">\u2013 Tietenkin maksan, kunhan vain itse saan taas rahaa.<\/p>\n<p class=\"article-content article-content-width !bg-background\">\u2013 T\u00e4ll\u00e4 hetkell\u00e4 tilill\u00e4 on 28 euroa, sill\u00e4 ei paljon maksella, h\u00e4n huokaa.<\/p>\n<p>        <a itemprop=\"url\" href=\"https:\/\/www.seiska.fi\/kotimaa\/taas-uusi-kohuottelu-rappiostriimaaja-vastaan-transnainen-kehaan-peruukissa-ja-taydessa-meikissa-video\/1925931\" rel=\"nofollow noopener\" target=\"_blank\"><\/p>\n<p>\nRappiostriimaaja vs. transnainen\n<\/p>\n<p class=\"section-date\">\n        <strong class=\"article-section\" data-section=\"kotimaa\"><br \/>\n            kotimaa<br \/>\n        <\/strong><br \/>\n        30.9.2025 08:26\n    <\/p>\n<p>Taas uusi kohuottelu! Rappiostriimaaja vastaan transnainen: &#8221;Keh\u00e4\u00e4n peruukissa ja t\u00e4ydess\u00e4 meikiss\u00e4&#8221; \u2013 video!\n    <\/p>\n<p itemprop=\"description\" class=\"subtitle \">\n    Ex-portsari Claudia ja rappiotubettaja Pullis ottavat pian yhteen.\n<\/p>\n<p>        <\/a><\/p>\n<p>                <img decoding=\"async\" src=\"https:\/\/www.europesays.com\/fi\/wp-content\/uploads\/2026\/01\/2046071.webp.jpeg\" width=\"576\" height=\"322\" alt=\"Claudia vakuuttaa maksavansa velkansa.\" loading=\"lazy\" \/>            <\/p>\n<p>\n            Claudia vakuuttaa maksavansa velkansa.<br \/>\n            Panu H\u00f6rkk\u00f6\n        <\/p>\n","protected":false},"excerpt":{"rendered":"Transnainen Claudia Barsk ei kovista puheistaan huolimatta voittanut rappiostriimaajaa kohuottelussa. Joulukuussa Pasilan liikuntahallissa n\u00e4htiin erikoinen n\u00e4ytelm\u00e4. Arkistovideo: Seiska&hellip;\n","protected":false},"author":2,"featured_media":142291,"comment_status":"","ping_status":"","sticky":false,"template":"","format":"standard","meta":{"footnotes":""},"categories":[130],"tags":[22827,22826,137,33,31,30,3270,24471,32,1667,9112,109],"class_list":{"0":"post-142290","1":"post","2":"type-post","3":"status-publish","4":"format-standard","5":"has-post-thumbnail","7":"category-viihde","8":"tag-atte-karttunen","9":"tag-claudia-barsk","10":"tag-entertainment","11":"tag-fi","12":"tag-finland","13":"tag-finnish","14":"tag-nyrkkeily","15":"tag-pedro-karlsson","16":"tag-suomi","17":"tag-tapahtumat","18":"tag-velka","19":"tag-viihde"},"share_on_mastodon":{"url":"https:\/\/pubeurope.com\/@fi\/115894828707968270","error":""},"_links":{"self":[{"href":"https:\/\/www.europesays.com\/fi\/wp-json\/wp\/v2\/posts\/142290","targetHints":{"allow":["GET"]}}],"collection":[{"href":"https:\/\/www.europesays.com\/fi\/wp-json\/wp\/v2\/posts"}],"about":[{"href":"https:\/\/www.europesays.com\/fi\/wp-json\/wp\/v2\/types\/post"}],"author":[{"embeddable":true,"href":"https:\/\/www.europesays.com\/fi\/wp-json\/wp\/v2\/users\/2"}],"replies":[{"embeddable":true,"href":"https:\/\/www.europesays.com\/fi\/wp-json\/wp\/v2\/comments?post=142290"}],"version-history":[{"count":0,"href":"https:\/\/www.europesays.com\/fi\/wp-json\/wp\/v2\/posts\/142290\/revisions"}],"wp:featuredmedia":[{"embeddable":true,"href":"https:\/\/www.europesays.com\/fi\/wp-json\/wp\/v2\/media\/142291"}],"wp:attachment":[{"href":"https:\/\/www.europesays.com\/fi\/wp-json\/wp\/v2\/media?parent=142290"}],"wp:term":[{"taxonomy":"category","embeddable":true,"href":"https:\/\/www.europesays.com\/fi\/wp-json\/wp\/v2\/categories?post=142290"},{"taxonomy":"post_tag","embeddable":true,"href":"https:\/\/www.europesays.com\/fi\/wp-json\/wp\/v2\/tags?post=142290"}],"curies":[{"name":"wp","href":"https:\/\/api.w.org\/{rel}","templated":true}]}}