{"id":142302,"date":"2026-01-14T18:35:07","date_gmt":"2026-01-14T18:35:07","guid":{"rendered":"https:\/\/www.europesays.com\/fi\/142302\/"},"modified":"2026-01-14T18:35:07","modified_gmt":"2026-01-14T18:35:07","slug":"vaikea-ymmartaa-etta-noin-kaunis-nainen-voi-olla-noin-fiksukin-sointu-borgin-tunteikas-avautuminen-sai-sosiaalisen-median-liekkeihin","status":"publish","type":"post","link":"https:\/\/www.europesays.com\/fi\/142302\/","title":{"rendered":"&#8221;Vaikea ymm\u00e4rt\u00e4\u00e4 ett\u00e4 noin kaunis nainen voi olla noin fiksukin&#8221; \u2013 Sointu Borgin tunteikas avautuminen sai sosiaalisen median liekkeihin"},"content":{"rendered":"<p>Yritt\u00e4j\u00e4 sek\u00e4 mediapersoona <strong>Sointu Borg<\/strong> esiintyy veljens\u00e4, Kirjolla-ohjelmasta tutun <strong>Topi Borgin<\/strong> kanssa uudessa tv-sarjassa Topi ja Sointu lomalla.<\/p>\n<p>Sarjassa sisarukset matkustavat suomalaisten suosikkilomakohteeseen Gran Canarialle, ja paikalliseen kulttuuriin tutustumisen lis\u00e4ksi ohjelmassa on luvassa parivaljakon syd\u00e4mellist\u00e4 ja hersyv\u00e4\u00e4 keskustelua monenlaisista aiheista.<\/p>\n<p>Sointu jakoi <a href=\"https:\/\/www.instagram.com\/sointuorvokki\/\" target=\"_blank\" rel=\"noreferrer noopener nofollow\">Instagram-tilill\u00e4\u00e4n<\/a> sarjasta videop\u00e4tk\u00e4n, jossa h\u00e4n kertoo surullisena saamastaan kritiikist\u00e4 koskien h\u00e4nen puhetyyli\u00e4\u00e4n velje\u00e4\u00e4n kohtaan.<\/p>\n<p>Lue my\u00f6s: <a href=\"https:\/\/www.voice.fi\/viihde\/sointu-borg-avautuu-veljelleen-yleison-raadollisuudesta-se-satuttaa\" title=\"Sointu Borg avautuu veljelleen yleis\u00f6n raadollisuudesta: \u201cSe satuttaa\u201d\" class=\"underline-custom !font-montserrat !font-bold !underline-offset-4 !decoration-4 !decoration-tilt-light !text-md\" rel=\"nofollow noopener\" target=\"_blank\">Sointu Borg avautuu veljelleen yleis\u00f6n raadollisuudesta: \u201cSe satuttaa\u201d<\/a><\/p>\n<p>Lue my\u00f6s: <a href=\"https:\/\/www.voice.fi\/viihde\/miksi-he-varastaisivat-jos-he-eivat-halua-vaatteita-topi-ja-sointu-borg-nudistirannalla\" title=\"\u201dMiksi he varastaisivat, jos he eiv\u00e4t halua vaatteita?\u201d \u2013 Topi ja Sointu Borg nudistirannalla\" class=\"underline-custom !font-montserrat !font-bold !underline-offset-4 !decoration-4 !decoration-tilt-light !text-md\" rel=\"nofollow noopener\" target=\"_blank\">\u201dMiksi he varastaisivat, jos he eiv\u00e4t halua vaatteita?\u201d \u2013 Topi ja Sointu Borg nudistirannalla<\/a><\/p>\n<p>\u2013 Se on satuttanut minua joskus, ett\u00e4 jotkut ovat sanoneet, ett\u00e4 puhun sinulle kuin lapselle.<\/p>\n<p>Videolla Topi lohduttaa sisartaan viisaaseen tapaansa:<\/p>\n<p>\u2013 Rakkautesi ei ole v\u00e4\u00e4rin. \u00c4l\u00e4 v\u00e4lit\u00e4 heist\u00e4, he ovat ikuisesti v\u00e4\u00e4r\u00e4ss\u00e4 ja sin\u00e4 olet oikeassa.<\/p>\n<p>\u2013 V\u00e4lit\u00e4 kolmesta metrist\u00e4si maailman sijaan, sisko.<\/p>\n<p>P\u00e4ivityksens\u00e4 saatetekstiss\u00e4 Sointu kiitt\u00e4\u00e4 saamistaan viesteist\u00e4 koskien videon teemaa.<\/p>\n<p>\u2013 Sill\u00e4 on ollut parantava voima.\u00a0<\/p>\n<p>H\u00e4n kertoo tuntemattomien viljelemist\u00e4 kommenteista koskien sisarusten v\u00e4list\u00e4 dynamiikkaa, ja sanoo osan viesteist\u00e4 olleen \u201cilkeit\u00e4 ja kamalia\u201d.<\/p>\n<p>\u2013 Osa kommentoijista ei ole edes ymm\u00e4rt\u00e4nyt toimivansa satuttavalla tavalla. Se sekoitti p\u00e4\u00e4ni joksikin aikaa. Romutti jopa itsetuntoni sisarena.<\/p>\n<p>Rehellinen p\u00e4ivitys on ker\u00e4nnyt valtavan m\u00e4\u00e4r\u00e4n reaktioita ja kommentteja.<\/p>\n<p>\u2013 Ei vitsit mun tuli itku. S\u00e4 et tied\u00e4k\u00e4\u00e4n, miten iso esikuva oot mulle juuri siin\u00e4 sun siskon roolissa, koska mulla on my\u00f6s kirjolla oleva veli, ja n\u00e4it\u00e4 samoja keloja on k\u00e4yty l\u00e4pi my\u00f6s meid\u00e4n perheess\u00e4. Olette ihania ja upeita.<\/p>\n<p>\u2013 Olispa mullakin joku joka harjoittelisi noita tilanteita ja sanallistaisi niit\u00e4 s\u00e4\u00e4nt\u00f6j\u00e4. Mun el\u00e4m\u00e4 olis ollu niin paljon helpompaa ja v\u00e4hemm\u00e4n kuormittavaa.\u00a0T\u00e4\u00e4 on iso ja t\u00e4rke\u00e4 asia tehd\u00e4 l\u00e4heiselle.<\/p>\n<p>\u2013 Ootte ihana kaksikko ja teid\u00e4n v\u00e4linen suhde on ihailtavaa. Ihmiset ovat l\u00e4ht\u00f6kohtasesti kateellisia ja purkavat huonoa oloaan. Heid\u00e4n on vaikea ymm\u00e4rt\u00e4\u00e4 ett\u00e4 noin kaunis nainen voi olla noin fiksukin viel\u00e4. Erityislapsen \u00e4itin\u00e4 n\u00e4m\u00e4 teid\u00e4n videot l\u00e4mmitt\u00e4\u00e4 erityisesti syd\u00e4nt\u00e4 ja tuo uskoa paremmasta ja suvaitsevaisemmasta\/ ymm\u00e4rt\u00e4v\u00e4isemm\u00e4st\u00e4 maailmasta.<\/p>\n<p>My\u00f6s julkisuudesta tutut henkil\u00f6t ovat liittyneet tukijoiden kuoroon.<\/p>\n<p>N\u00e4yttelij\u00e4-juontaja <strong>Christoffer Strandberg<\/strong> kommentoi:<\/p>\n<p>\u2013 \u201dRakkautesi ei ole v\u00e4\u00e4rin\u201d. Kiitos kun jaoit t\u00e4m\u00e4n, ja kiitos kun te rohkeudellanne valistatte ja murratte niin ennakkoluuloja kuin henkisi\u00e4 muureja.<\/p>\n<p>Lue my\u00f6s: <a href=\"https:\/\/www.voice.fi\/viihde\/topi-ja-sointu-borg-saavat-oman-tv-sarjan\" title=\"Topi ja Sointu Borg saavat oman tv-sarjan\" class=\"underline-custom !font-montserrat !font-bold !underline-offset-4 !decoration-4 !decoration-tilt-light !text-md\" rel=\"nofollow noopener\" target=\"_blank\">Topi ja Sointu Borg saavat oman tv-sarjan<\/a><\/p>\n<p>Lue my\u00f6s: <a href=\"https:\/\/www.voice.fi\/viihde\/sointu-borg-valitti-veljensa-iloiset-uutiset-suurin-unelmasi-toteutui\" title=\"Sointu Borg v\u00e4litti veljens\u00e4 iloiset uutiset \u2013 \u201dSuurin unelmasi toteutui\u201d\" class=\"underline-custom !font-montserrat !font-bold !underline-offset-4 !decoration-4 !decoration-tilt-light !text-md\" rel=\"nofollow noopener\" target=\"_blank\">Sointu Borg v\u00e4litti veljens\u00e4 iloiset uutiset \u2013 \u201dSuurin unelmasi toteutui\u201d<\/a><\/p>\n<p>My\u00f6s sosiaalisen median vaikuttaja <strong>Mikael Renwall<\/strong> osoittaa my\u00f6t\u00e4tuntoaan:<\/p>\n<p>\u2013 Kukaan ulkopuolinen ei voi ymm\u00e4rt\u00e4\u00e4 teij\u00e4n v\u00e4list\u00e4 dynamiikkaa ja kommunikointitapaa paremmin, kuin te. Ihanat, kun pid\u00e4tte aina toistenne puolia.<\/p>\n<p>N\u00e4yttelij\u00e4 <strong>Sanna Stellan<\/strong> haluaisi liitty\u00e4 perheeseen:<\/p>\n<p>\u2013 Voisitteko adoptoida mut siskoksenne?<\/p>\n<p>Juontaja <strong>Vappu Pimi\u00e4<\/strong> ymm\u00e4rt\u00e4\u00e4, milt\u00e4 somekritiikki tuntuu:<\/p>\n<p>\u2013 Mahtava! Ja tunnistan niin t\u00e4m\u00e4n, sill\u00e4 saan s\u00e4\u00e4nn\u00f6llisesti viesti\u00e4, ett\u00e4 kohtelen aviomiest\u00e4ni huonosti, kun h\u00e4n ei puhu somessa mit\u00e4\u00e4n. N\u00e4ille \u201dit\u00e4maan tiet\u00e4jille\u201d ei tule mieleen, ett\u00e4 se on kenties h\u00e4nen oma valinta ja ihmisten huumorintajuissa ja huumorissa on eroja\u2026<\/p>\n<p>My\u00f6s yritt\u00e4j\u00e4 ja tv-esiintyj\u00e4 <strong>Michele Murphy-Kaulanen<\/strong> liittyy tukijoiden joukkoon:<\/p>\n<p>\u2013 \u201dHe ovat ikuisesti v\u00e4\u00e4r\u00e4ss\u00e4.\u201d N\u00e4in. Te ootte iso ispiraatio kaikille!<\/p>\n<p>My\u00f6s lukuisat muut julkisuuden henkil\u00f6t sek\u00e4 Borgin someseuraajat osoittavat tukeaan ja my\u00f6t\u00e4tuntoaan kipeiden tunteiden kanssa kamppailussa.<\/p>\n<p>Narsismiin perehtynyt psykiatrinen sairaanhoitaja sek\u00e4 terapeutti <strong>Jenni Kiviniemi<\/strong> kiteytt\u00e4\u00e4 kansan mietteet pariin lauseeseen:<\/p>\n<p>\u2013 Voi miten kaunista keskustelua ja toisen tukemista! Ja ne jotka ovat puhuneet kontrolloinnista ja alentavasta kohtelusta eiv\u00e4t nyt kyll\u00e4 ihan taida edes tiet\u00e4\u00e4 mit\u00e4 ne todellisuudessa tarkoittavat\/n\u00e4ytt\u00e4ytyv\u00e4t.<\/p>\n<p>\t\t\t\t<script async src=\"\/\/www.instagram.com\/embed.js\"><\/script><\/p>\n","protected":false},"excerpt":{"rendered":"Yritt\u00e4j\u00e4 sek\u00e4 mediapersoona Sointu Borg esiintyy veljens\u00e4, Kirjolla-ohjelmasta tutun Topi Borgin kanssa uudessa tv-sarjassa Topi ja Sointu lomalla.&hellip;\n","protected":false},"author":2,"featured_media":142303,"comment_status":"","ping_status":"","sticky":false,"template":"","format":"standard","meta":{"footnotes":""},"categories":[136],"tags":[407,137,33,31,30,408,4697,2680,2341,32,8272,12600,109],"class_list":{"0":"post-142302","1":"post","2":"type-post","3":"status-publish","4":"format-standard","5":"has-post-thumbnail","7":"category-julkkikset","8":"tag-celebrities","9":"tag-entertainment","10":"tag-fi","11":"tag-finland","12":"tag-finnish","13":"tag-julkkikset","14":"tag-kritiikki","15":"tag-sointu-borg","16":"tag-some","17":"tag-suomi","18":"tag-topi-borg","19":"tag-tuki","20":"tag-viihde"},"share_on_mastodon":{"url":"https:\/\/pubeurope.com\/@fi\/115894899462973966","error":""},"_links":{"self":[{"href":"https:\/\/www.europesays.com\/fi\/wp-json\/wp\/v2\/posts\/142302","targetHints":{"allow":["GET"]}}],"collection":[{"href":"https:\/\/www.europesays.com\/fi\/wp-json\/wp\/v2\/posts"}],"about":[{"href":"https:\/\/www.europesays.com\/fi\/wp-json\/wp\/v2\/types\/post"}],"author":[{"embeddable":true,"href":"https:\/\/www.europesays.com\/fi\/wp-json\/wp\/v2\/users\/2"}],"replies":[{"embeddable":true,"href":"https:\/\/www.europesays.com\/fi\/wp-json\/wp\/v2\/comments?post=142302"}],"version-history":[{"count":0,"href":"https:\/\/www.europesays.com\/fi\/wp-json\/wp\/v2\/posts\/142302\/revisions"}],"wp:featuredmedia":[{"embeddable":true,"href":"https:\/\/www.europesays.com\/fi\/wp-json\/wp\/v2\/media\/142303"}],"wp:attachment":[{"href":"https:\/\/www.europesays.com\/fi\/wp-json\/wp\/v2\/media?parent=142302"}],"wp:term":[{"taxonomy":"category","embeddable":true,"href":"https:\/\/www.europesays.com\/fi\/wp-json\/wp\/v2\/categories?post=142302"},{"taxonomy":"post_tag","embeddable":true,"href":"https:\/\/www.europesays.com\/fi\/wp-json\/wp\/v2\/tags?post=142302"}],"curies":[{"name":"wp","href":"https:\/\/api.w.org\/{rel}","templated":true}]}}