{"id":142306,"date":"2026-01-14T18:39:07","date_gmt":"2026-01-14T18:39:07","guid":{"rendered":"https:\/\/www.europesays.com\/fi\/142306\/"},"modified":"2026-01-14T18:39:07","modified_gmt":"2026-01-14T18:39:07","slug":"tassa-he-ovat-umk-kilpailijat-julki","status":"publish","type":"post","link":"https:\/\/www.europesays.com\/fi\/142306\/","title":{"rendered":"T\u00e4ss\u00e4 he ovat! UMK-kilpailijat julki"},"content":{"rendered":"<p>Iltalehti seurasi Ylen Uuden musiikin kilpailun artistijulkistusta hetki hetkelt\u00e4 t\u00e4ss\u00e4 artikkelissa.<\/p>\n<p><img decoding=\"async\" class=\"image image-show image-preview\" src=\"https:\/\/www.europesays.com\/fi\/wp-content\/uploads\/2026\/01\/13c68f4329a09fd021d346a5edf08c41e4c83f480c88f087e8097c1b0345c715.jpg\" alt=\"\"\/><img decoding=\"async\" class=\"image image-show\" src=\"https:\/\/www.europesays.com\/fi\/wp-content\/uploads\/2026\/01\/1768415947_328_13c68f4329a09fd021d346a5edf08c41e4c83f480c88f087e8097c1b0345c715.jpg\" alt=\"\"\/><\/p>\n<p>Vuoden 2026 Uuden musiikin kilpailun osallistujat julkistettiin 14. tammikuuta. Mukana kisassa ovat Sinikka Monte (alarivi vas.), Chachi Hild\u00e9n, Kiki, Antti Paalanen, Pete Parkkonen yhdess\u00e4 Linda Lampeniuksen kanssa, Etta (alaoik.) sek\u00e4 Komiat-yhtye (yl\u00e4rivi). Elle Laitila<\/p>\n<p class=\"paragraph\">Uuden musiikin kilpailussa mukana olevat artistit julkaistiin keskiviikkona Ylen suorassa l\u00e4hetyksess\u00e4.<\/p>\n<p class=\"paragraph\">Vuoden 2026 UMK:ssa kilpailevat Komiat-yhtye, <strong>Chachi Hild\u00e9n<\/strong>, <strong>Antti Paalanen<\/strong>, <strong>Linda Lampenius <\/strong>ja <strong>Pete Parkkonen<\/strong>, <strong>Etta<\/strong>, <strong>Kiki<\/strong> sek\u00e4 <strong>Sinikka Monte.<\/strong><\/p>\n<p class=\"paragraph\">Mukana suorassa l\u00e4hetyksess\u00e4 UMK-artistien lis\u00e4ksi olivat <a href=\"https:\/\/www.iltalehti.fi\/henkilot\/Mikko Silvennoinen\" class=\"article-link-person-page\" rel=\"nofollow noopener\" target=\"_blank\">Mikko Silvennoinen<\/a>, <a href=\"https:\/\/www.iltalehti.fi\/henkilot\/Jasmin Beloued\" class=\"article-link-person-page\" rel=\"nofollow noopener\" target=\"_blank\">Jasmin Beloued<\/a>, <a href=\"https:\/\/www.iltalehti.fi\/henkilot\/Katri Norrlin\" class=\"article-link-person-page\" rel=\"nofollow noopener\" target=\"_blank\">Katri Norrlin<\/a>, <a href=\"https:\/\/www.iltalehti.fi\/henkilot\/Eva Frantz\" class=\"article-link-person-page\" rel=\"nofollow noopener\" target=\"_blank\">Eva Frantz<\/a>, <a href=\"https:\/\/www.iltalehti.fi\/henkilot\/Bess\" class=\"article-link-person-page\" rel=\"nofollow noopener\" target=\"_blank\">Bess<\/a>, <strong>Samuli V\u00e4\u00e4n\u00e4nen<\/strong> ja <a href=\"https:\/\/www.iltalehti.fi\/henkilot\/DJ Orkidea\" class=\"article-link-person-page\" rel=\"nofollow noopener\" target=\"_blank\">DJ Orkidea<\/a>.<\/p>\n<p class=\"paragraph\">Uuden musiikin kilpailu k\u00e4yd\u00e4\u00e4n lauantaina 28. helmikuuta Tampereen Nokia-areenalla. UMK:n voittaja edustaa Suomea toukokuussa Euroviisuissa It\u00e4vallan Wieniss\u00e4.<\/p>\n<p class=\"paragraph\">Iltalehti seurasi artistijulkistuksen k\u00e4\u00e4nteit\u00e4 t\u00e4ss\u00e4 artikkelissa. Mukana on my\u00f6s UMK-artistien tunnelmointia kilpailusta.<\/p>\n<p>Ei vanhempia p\u00e4ivityksi\u00e4<\/p>\n","protected":false},"excerpt":{"rendered":"Iltalehti seurasi Ylen Uuden musiikin kilpailun artistijulkistusta hetki hetkelt\u00e4 t\u00e4ss\u00e4 artikkelissa. Vuoden 2026 Uuden musiikin kilpailun osallistujat julkistettiin&hellip;\n","protected":false},"author":2,"featured_media":142307,"comment_status":"","ping_status":"","sticky":false,"template":"","format":"standard","meta":{"footnotes":""},"categories":[132],"tags":[35,137,33,31,30,1511,763,1616,195,47,32,397,484,109],"class_list":{"0":"post-142306","1":"post","2":"type-post","3":"status-publish","4":"format-standard","5":"has-post-thumbnail","7":"category-musiikki","8":"tag-24h","9":"tag-entertainment","10":"tag-fi","11":"tag-finland","12":"tag-finnish","13":"tag-joukkoviestinta","14":"tag-kulttuuri-ja-viihde","15":"tag-media-viestinta","16":"tag-music","17":"tag-musiikki","18":"tag-suomi","19":"tag-taide","20":"tag-taiteellinen-ilmaisu-ja-mediat","21":"tag-viihde"},"share_on_mastodon":{"url":"https:\/\/pubeurope.com\/@fi\/115894915112241330","error":""},"_links":{"self":[{"href":"https:\/\/www.europesays.com\/fi\/wp-json\/wp\/v2\/posts\/142306","targetHints":{"allow":["GET"]}}],"collection":[{"href":"https:\/\/www.europesays.com\/fi\/wp-json\/wp\/v2\/posts"}],"about":[{"href":"https:\/\/www.europesays.com\/fi\/wp-json\/wp\/v2\/types\/post"}],"author":[{"embeddable":true,"href":"https:\/\/www.europesays.com\/fi\/wp-json\/wp\/v2\/users\/2"}],"replies":[{"embeddable":true,"href":"https:\/\/www.europesays.com\/fi\/wp-json\/wp\/v2\/comments?post=142306"}],"version-history":[{"count":0,"href":"https:\/\/www.europesays.com\/fi\/wp-json\/wp\/v2\/posts\/142306\/revisions"}],"wp:featuredmedia":[{"embeddable":true,"href":"https:\/\/www.europesays.com\/fi\/wp-json\/wp\/v2\/media\/142307"}],"wp:attachment":[{"href":"https:\/\/www.europesays.com\/fi\/wp-json\/wp\/v2\/media?parent=142306"}],"wp:term":[{"taxonomy":"category","embeddable":true,"href":"https:\/\/www.europesays.com\/fi\/wp-json\/wp\/v2\/categories?post=142306"},{"taxonomy":"post_tag","embeddable":true,"href":"https:\/\/www.europesays.com\/fi\/wp-json\/wp\/v2\/tags?post=142306"}],"curies":[{"name":"wp","href":"https:\/\/api.w.org\/{rel}","templated":true}]}}