{"id":142308,"date":"2026-01-14T18:42:07","date_gmt":"2026-01-14T18:42:07","guid":{"rendered":"https:\/\/www.europesays.com\/fi\/142308\/"},"modified":"2026-01-14T18:42:07","modified_gmt":"2026-01-14T18:42:07","slug":"entinen-f1-kuljettaja-antonio-pizzonia-pidatettiin-karu-video-leviaa","status":"publish","type":"post","link":"https:\/\/www.europesays.com\/fi\/142308\/","title":{"rendered":"Entinen F1-kuljettaja Antonio Pizzonia pid\u00e4tettiin \u2013 karu video levi\u00e4\u00e4"},"content":{"rendered":"<p>Mediat kertovat entisen F1-miehen pid\u00e4tyksest\u00e4 Yhdysvalloissa.<\/p>\n<p class=\"article-body mb-nof-24 px-nof-16\">Entinen F1-kuljettaja <a class=\"font-bold underline-offset-[0.12em] [text-decoration:var(--person-link-text-decoration)] ![text-decoration-color:var(--person-link-text-decoration-color)]\" href=\"https:\/\/www.is.fi\/haku\/?query=Antonio%20Pizzonia\" rel=\"nofollow noopener\" target=\"_blank\">Antonio Pizzonia<\/a> on selvitellyt pid\u00e4tykseens\u00e4 johtaneita syit\u00e4 sosiaalisessa mediassa, kertoo muun muassa <a class=\"underline underline-offset-[0.12em] [text-decoration-thickness:var(--generic-link-underline-thickness)] [text-decoration-color:var(--generic-link-underline-color)] [text-decoration-skip-ink:var(--generic-link-underline-skip-ink)] break-words\" href=\"https:\/\/www.aol.com\/articles\/axed-f1-driver-permanently-released-111050261.html?guccounter=1&amp;guce_referrer=aHR0cHM6Ly93d3cuZ29vZ2xlLmNvbS8&amp;guce_referrer_sig=AQAAAEc8qLhmNeUa-GNWnvmay443gaUcL6OcgZgZEdoYR8i27KgsorH3rOl-xA1VrnIHhId5_69b98MvAaDlVL9J2Cbepq2wOGjX7nqxvWOwqO5MeAYB1OBqaemNCt1m8W7RGhyX5WPDlPdG9BIWOEK8Y3SolQ78aPHPETHOM1r1stSB\" rel=\"nofollow noopener\" target=\"_blank\">Aol.com -sivusto<\/a>.<\/p>\n<p class=\"article-body mb-nof-24 px-nof-16\">Pizzonia, 45, pid\u00e4tettiin viikonloppuna Yhdysvaltain Texasissa ep\u00e4iltyn\u00e4 pahoinpitelyst\u00e4 kartingkilpailun yhteydess\u00e4, raportoi muun muassa <a class=\"underline underline-offset-[0.12em] [text-decoration-thickness:var(--generic-link-underline-thickness)] [text-decoration-color:var(--generic-link-underline-color)] [text-decoration-skip-ink:var(--generic-link-underline-skip-ink)] break-words\" href=\"https:\/\/www.tmz.com\/2026\/01\/12\/antonio-pizzonia-arrested-formula-one\/\" rel=\"nofollow noopener\" target=\"_blank\">TMZ<\/a> ja <a class=\"underline underline-offset-[0.12em] [text-decoration-thickness:var(--generic-link-underline-thickness)] [text-decoration-color:var(--generic-link-underline-color)] [text-decoration-skip-ink:var(--generic-link-underline-skip-ink)] break-words\" href=\"https:\/\/www.independent.co.uk\/f1\/antonio-pizzonia-texas-f1-williams-b2899558.html\" rel=\"nofollow noopener\" target=\"_blank\">The Independent<\/a>.<\/p>\n<p class=\"article-body mb-nof-24 px-nof-16\">Pizzonian kerrottiin hy\u00f6k\u00e4nneen miehen kimppuun ja potkaisseen ja ly\u00f6neen t\u00e4t\u00e4.<\/p>\n<p class=\"article-body mb-nof-24 px-nof-16\">Netiss\u00e4 on levinnyt <a class=\"underline underline-offset-[0.12em] [text-decoration-thickness:var(--generic-link-underline-thickness)] [text-decoration-color:var(--generic-link-underline-color)] [text-decoration-skip-ink:var(--generic-link-underline-skip-ink)] break-words\" href=\"https:\/\/x.com\/Jhoneonboa46140\/status\/2010834610200977666?ref_src=twsrc%5Etfw%7Ctwcamp%5Etweetembed%7Ctwterm%5E2010834610200977666%7Ctwgr%5Ecddd88efc3d37fca92ec6de64ec50b943550feaa%7Ctwcon%5Es1_&amp;ref_url=https%3A%2F%2Fwww.iltalehti.fi%2Fformulat%2Fa%2F224904e7-bf65-4ed6-93ac-0b50fa3738b5\" rel=\"nofollow\">video<\/a> v\u00e4itetyst\u00e4 tapahtumasta. Videolla n\u00e4kyy, kun mies toruu sanallisesti ja elehtien jotakuta, kun h\u00e4nen kimppuunsa k\u00e4y toinen mies. Paikalle rient\u00e4nyt mies potkaisee ja ly\u00f6 toista miest\u00e4.<\/p>\n<p class=\"article-body mb-nof-24 px-nof-16\">\u2013 Oli tapaus, johon olisin voinut reagoida toisella tapaa. Sill\u00e4 hetkell\u00e4 ymm\u00e4rsin, ett\u00e4 toinen aikuinen uhkaili poikaani \u2013 lasta. Vaistonvaraisesti puolustin h\u00e4nt\u00e4, Pizzonia ilmoitti Aol.comin mukaan sosiaalisessa mediassa.<\/p>\n<p class=\"article-body mb-nof-24 px-nof-16\">Mediatietojen mukaan Pizzonian poika ajoi kilpaa kyseisess\u00e4 kartingkilpailussa.<\/p>\n<p class=\"article-body mb-nof-24 px-nof-16\">Antonio Pizzonialle kirjattiin parikymment\u00e4 F1-kilpailua 2000-luvun alkupuolella ilman suuria mainetekoja. H\u00e4n kilpaili Jaguarin ja Williamsin F1-ajokeilla.<\/p>\n","protected":false},"excerpt":{"rendered":"Mediat kertovat entisen F1-miehen pid\u00e4tyksest\u00e4 Yhdysvalloissa. Entinen F1-kuljettaja Antonio Pizzonia on selvitellyt pid\u00e4tykseens\u00e4 johtaneita syit\u00e4 sosiaalisessa mediassa, kertoo&hellip;\n","protected":false},"author":2,"featured_media":142309,"comment_status":"","ping_status":"","sticky":false,"template":"","format":"standard","meta":{"footnotes":""},"categories":[158],"tags":[33,31,30,34,159,32,160],"class_list":{"0":"post-142308","1":"post","2":"type-post","3":"status-publish","4":"format-standard","5":"has-post-thumbnail","7":"category-urheilu","8":"tag-fi","9":"tag-finland","10":"tag-finnish","11":"tag-ilta-sanomat","12":"tag-sports","13":"tag-suomi","14":"tag-urheilu"},"share_on_mastodon":{"url":"https:\/\/pubeurope.com\/@fi\/115894927011285184","error":""},"_links":{"self":[{"href":"https:\/\/www.europesays.com\/fi\/wp-json\/wp\/v2\/posts\/142308","targetHints":{"allow":["GET"]}}],"collection":[{"href":"https:\/\/www.europesays.com\/fi\/wp-json\/wp\/v2\/posts"}],"about":[{"href":"https:\/\/www.europesays.com\/fi\/wp-json\/wp\/v2\/types\/post"}],"author":[{"embeddable":true,"href":"https:\/\/www.europesays.com\/fi\/wp-json\/wp\/v2\/users\/2"}],"replies":[{"embeddable":true,"href":"https:\/\/www.europesays.com\/fi\/wp-json\/wp\/v2\/comments?post=142308"}],"version-history":[{"count":0,"href":"https:\/\/www.europesays.com\/fi\/wp-json\/wp\/v2\/posts\/142308\/revisions"}],"wp:featuredmedia":[{"embeddable":true,"href":"https:\/\/www.europesays.com\/fi\/wp-json\/wp\/v2\/media\/142309"}],"wp:attachment":[{"href":"https:\/\/www.europesays.com\/fi\/wp-json\/wp\/v2\/media?parent=142308"}],"wp:term":[{"taxonomy":"category","embeddable":true,"href":"https:\/\/www.europesays.com\/fi\/wp-json\/wp\/v2\/categories?post=142308"},{"taxonomy":"post_tag","embeddable":true,"href":"https:\/\/www.europesays.com\/fi\/wp-json\/wp\/v2\/tags?post=142308"}],"curies":[{"name":"wp","href":"https:\/\/api.w.org\/{rel}","templated":true}]}}