{"id":142310,"date":"2026-01-14T18:43:08","date_gmt":"2026-01-14T18:43:08","guid":{"rendered":"https:\/\/www.europesays.com\/fi\/142310\/"},"modified":"2026-01-14T18:43:08","modified_gmt":"2026-01-14T18:43:08","slug":"santtu-matias-rouvali-tarjoutui-aamulehden-haastattelussa-musiikkikoulutuksen-tueksi-pirkanmaan-musiikkiopisto-ehti-kysya-ensimmaisena","status":"publish","type":"post","link":"https:\/\/www.europesays.com\/fi\/142310\/","title":{"rendered":"Santtu-Matias Rouvali tarjoutui Aamulehden haastattelussa musiikkikoulutuksen tueksi \u2013 Pirkanmaan musiikkiopisto ehti kysy\u00e4 ensimm\u00e4isen\u00e4"},"content":{"rendered":"<p>Rouvalin ja tamperelaisten musiikkioppilaitosten yhteisty\u00f6 k\u00e4ynnistyy t\u00e4n\u00e4 vuonna kahdella projektilla.<\/p>\n<p class=\"article-body mb-nof-24 px-nof-16\">Aamulehti<\/p>\n<p>Lue tiivistelm\u00e4<\/p>\n<p class=\"article-body mb-nof-24 px-nof-16 sndp-summary-bullet-point-font\">Kapellimestari Santtu-Matias Rouvali aloittaa yhteisty\u00f6n tamperelaisten musiikkioppilaitosten kanssa t\u00e4n\u00e4 vuonna.<\/p>\n<p class=\"article-body mb-nof-24 px-nof-16 sndp-summary-bullet-point-font\">Pirkanmaan musiikkiopiston rehtori Jouni Auramo otti yhteytt\u00e4 Rouvaliin v\u00e4litt\u00f6m\u00e4sti, kun t\u00e4m\u00e4 ilmaisi viime kes\u00e4n\u00e4 halukkuutensa tukea paikallista musiikkikoulutusta.<\/p>\n<p class=\"article-body mb-nof-24 px-nof-16 sndp-summary-bullet-point-font\">Yhteisty\u00f6 k\u00e4ynnistyy maaliskuussa orkesterikonserteilla ja jatkuu lokakuussa, kun Rouvali mentoroi Sibelius-Akatemian kapellimestariluokan vierailua.<\/p>\n<p class=\"article-body mb-nof-24 px-nof-16 sndp-summary-bullet-point-font\">Rouvali palaa t\u00e4ll\u00e4 viikolla johtamaan Tampere Filharmoniaa ensimm\u00e4ist\u00e4 kertaa sen j\u00e4lkeen, kun h\u00e4nen ylikapellimestarikautensa p\u00e4\u00e4ttyi kes\u00e4ll\u00e4 2023.<\/p>\n<p class=\"article-body mb-nof-24 px-nof-16\">Joskus asiat etenev\u00e4t yll\u00e4tt\u00e4v\u00e4nkin vaivattomasti. Kun yl\u00f6j\u00e4rvel\u00e4inen kapellimestari <a class=\"font-bold underline-offset-[0.12em] [text-decoration:var(--person-link-text-decoration)] ![text-decoration-color:var(--person-link-text-decoration-color)]\" href=\"https:\/\/www.aamulehti.fi\/haku\/?query=Santtu-Matias%20Rouvali\" rel=\"nofollow noopener\" target=\"_blank\">Santtu-Matias Rouvali<\/a> viime kes\u00e4n\u00e4 Aamulehden haastattelussa ilmaisi halukkuutensa osallistua jollakin k\u00e4yt\u00e4nn\u00f6llisell\u00e4 tavalla paikallisen musiikkikoulutuksen tukemiseen, Pirkanmaan musiikkiopiston rehtori <a class=\"font-bold underline-offset-[0.12em] [text-decoration:var(--person-link-text-decoration)] ![text-decoration-color:var(--person-link-text-decoration-color)]\" href=\"https:\/\/www.aamulehti.fi\/haku\/?query=Jouni%20Auramo\" rel=\"nofollow noopener\" target=\"_blank\">Jouni Auramo<\/a> tarttui t\u00e4kyyn v\u00e4litt\u00f6m\u00e4sti.<\/p>\n<p class=\"article-body mb-nof-24 px-nof-16\">Rouvali totesi haastattelussa: \u201dSemmoinen ajatus on tullut, ett\u00e4 olisi kiva tehd\u00e4 jotakin koulutuksellista toimintaa Tampereella.\u201d<\/p>\n<p class=\"article-body mb-nof-24 px-nof-16\">Auramo oli kes\u00e4lomalla kuullessaan Rouvalin julkisesta tarjouksesta. \u201dOlin saaristossa, kun sain vinkin Santun haastattelussa esitt\u00e4m\u00e4st\u00e4 ideasta. Viestitin h\u00e4nelle saman tien, ja jo viikon p\u00e4\u00e4st\u00e4 tavattiin ja aloitettiin suunnittelu\u201d, Auramo kertoo.<\/p>\n<p class=\"article-body mb-nof-24 px-nof-16\">Rouvalin perheess\u00e4 taas j\u00e4nnitettiin, kuka mahtaisi olla ensimm\u00e4inen kysyj\u00e4 \u2013 tai kiinnostaisiko tarjous ylip\u00e4\u00e4t\u00e4\u00e4n ket\u00e4\u00e4n. \u201dJouni otti heti aktiivisesti yhteytt\u00e4. Se kertoo, ett\u00e4 musiikkiopistolla on halua kehitt\u00e4\u00e4 t\u00e4t\u00e4 hommaa\u201d, Rouvali sanoo.<\/p>\n<p class=\"article-body mb-nof-24 px-nof-16\">Kansainv\u00e4lisell\u00e4 huippukapellimestarilla puolestaan on tahtoa jakaa omaa osaamistaan nuorten hy\u00f6dyksi. H\u00e4n on liikkeell\u00e4 talkoohengess\u00e4. \u201dHaluan antaa tamperelaisille musiikinopiskelijoille jotakin vapaaviikoillani.\u201d<\/p>\n<p>Monessa roolissa<\/p>\n<p class=\"article-body mb-nof-24 px-nof-16\">Koulutushanke k\u00e4ynnistyy maaliskuussa yhteisty\u00f6ss\u00e4 Pirkanmaan musiikkiopiston orkestereiden ja Tampere-talon kanssa. Konsertin teemanimen\u00e4 on Santun kanssa lavalla: Suuri orkesterikavalkadi.<\/p>\n<p class=\"article-body mb-nof-24 px-nof-16\">Tampere-talon Isossa salissa 25. maaliskuuta esiintyv\u00e4t Pirkanmaan musiikkiopiston eri-ik\u00e4isist\u00e4 soittajista koostuvat jousiorkesterit ja puhallinorkesterit. Mukana on my\u00f6s Ikaalisten Nuoriso-orkesteri INO. Kaikkiaan projektissa on esiintyji\u00e4 noin 400.<\/p>\n<p class=\"article-body mb-nof-24 px-nof-16\">Rouvali on tapahtuman suojelijan roolissa, mutta h\u00e4nt\u00e4 kuullaan osassa ohjelmistoa my\u00f6s ly\u00f6m\u00e4soittajana ja kapellimestarina. H\u00e4n korostaa haluavansa antaa oppilaille henkist\u00e4 tukea ja my\u00f6s innostaa nuoria yhteissoiton saloihin. \u201dHaemme positiivista tsemppausta. Olen sen viikon k\u00e4ytett\u00e4viss\u00e4 miss\u00e4 tahansa roolissa halutaan.\u201d<\/p>\n<p class=\"article-body mb-nof-24 px-nof-16\">Tapahtumassa paitsi soitetaan my\u00f6s keskustellaan musiikkikoulutuksen tilasta ja haasteista.<\/p>\n<p>Paluu Filharmonian eteen<\/p>\n<p class=\"article-body mb-nof-24 px-nof-16\">Alkuvaiheessa koulutusorganisaationa on Pirkanmaan musiikkiopisto, mutta jatkossa mukaan tulevat my\u00f6s alueen muut keskeiset musiikkioppilaitokset.<\/p>\n<p class=\"article-body mb-nof-24 px-nof-16\">\u201dSanoin heti alkuun, ett\u00e4 otetaan t\u00e4h\u00e4n kaikki mukaan, ettei t\u00e4m\u00e4 ole mik\u00e4\u00e4n Pirkanmaan musiikkiopiston omima juttu. Halusin, ett\u00e4 t\u00e4h\u00e4n osallistuvat my\u00f6s Tampereen konservatorio ja Tampereen ammattikorkeakoulu. Ne eiv\u00e4t p\u00e4\u00e4llekk\u00e4isyyksien takia viel\u00e4 ehtineet t\u00e4h\u00e4n kev\u00e4\u00e4n viikolle\u201d, Jouni Auramo sanoo.<\/p>\n<p class=\"article-body mb-nof-24 px-nof-16\">Seuraava koulutusepisodi on lokakuussa, kun Rouvali mentoroi Tampereelle tulevan Sibelius-Akatemian kapellimestariluokan vierailun. Projektin sinfoniaorkesterit tulevat silloin Tampereen konservatoriolta ja Pirkanmaan musiikkiopistolta.<\/p>\n<p class=\"article-body mb-nof-24 px-nof-16\">Jos homma toimii kaikkia tyydytt\u00e4v\u00e4sti ja kiireisen Rouvalin aikataulut sallivat, yhteisty\u00f6 voi jatkua pitk\u00e4lle tulevaisuuteen. \u201dAjatuksena on tehd\u00e4 t\u00e4st\u00e4 pitemm\u00e4n ajan juttu. Ja ainakin kerran pari vuodessa voisi tehd\u00e4 jotakin\u201d, Auramo kaavailee.<\/p>\n<p class=\"article-body mb-nof-24 px-nof-16\">Rouvali on selv\u00e4sti innostunut ajatuksesta py\u00f6ri\u00e4 nuorten oppilaiden parissa, jakaa kokemuksiaan ja kannustaa muusikon uralle. \u201dNoistahan se on itsell\u00e4kin aikoinaan l\u00e4htenyt liikkeelle.\u201d<\/p>\n<p><img decoding=\"async\" src=\"https:\/\/www.europesays.com\/fi\/wp-content\/uploads\/2026\/01\/1768416188_8_468.jpg\" alt=\"Rouvali on elementiss\u00e4\u00e4n luonnon keskell\u00e4 kotimaisemissaan Yl\u00f6j\u00e4rvell\u00e4.\" class=\"_Img_1rerz_1\" style=\"aspect-ratio:0.75\" loading=\"eager\"\/><\/p>\n<p class=\"article-picture-caption\">Rouvali on elementiss\u00e4\u00e4n luonnon keskell\u00e4 kotimaisemissaan Yl\u00f6j\u00e4rvell\u00e4. Kuva:\u00a0Marco Borggreve<\/p>\n<p class=\"article-body mb-nof-24 px-nof-16\">Rouvali palaa t\u00e4ll\u00e4 viikolla ty\u00f6skentelem\u00e4\u00e4n Tampere Filharmonian kanssa ensi kerran sen j\u00e4lkeen, kun h\u00e4nen ylikapellimestarikautensa p\u00e4\u00e4ttyi kes\u00e4\u00e4n 2023. Kiinnostus Rouvalin paluuta kohtaan on ollut sen verran suurta, ett\u00e4 konsertteja on kaksi, torstaina ja perjantaina.<\/p>\n<p class=\"article-body mb-nof-24 px-nof-16\">Konsertin ohjelmassa ovat <a class=\"font-bold underline-offset-[0.12em] [text-decoration:var(--person-link-text-decoration)] ![text-decoration-color:var(--person-link-text-decoration-color)]\" href=\"https:\/\/www.aamulehti.fi\/haku\/?query=Fr%C3%A9d%C3%A9ric%20Chopinin\" rel=\"nofollow noopener\" target=\"_blank\">Fr\u00e9d\u00e9ric Chopinin<\/a> f-molli-pianokonsertto ja <a class=\"font-bold underline-offset-[0.12em] [text-decoration:var(--person-link-text-decoration)] ![text-decoration-color:var(--person-link-text-decoration-color)]\" href=\"https:\/\/www.aamulehti.fi\/haku\/?query=Franz%20Schubertin\" rel=\"nofollow noopener\" target=\"_blank\">Franz Schubertin <\/a>yhdeks\u00e4s sinfonia. Solistina on kanadalainen pianistit\u00e4hti <a class=\"font-bold underline-offset-[0.12em] [text-decoration:var(--person-link-text-decoration)] ![text-decoration-color:var(--person-link-text-decoration-color)]\" href=\"https:\/\/www.aamulehti.fi\/haku\/?query=Bruce%20Liu\" rel=\"nofollow noopener\" target=\"_blank\">Bruce Liu<\/a>, joka voitti vuonna 2021 maailman t\u00e4rkeimpiin pianokilpailuihin kuuluvan Varsovan Chopin-kilpailun.<\/p>\n","protected":false},"excerpt":{"rendered":"Rouvalin ja tamperelaisten musiikkioppilaitosten yhteisty\u00f6 k\u00e4ynnistyy t\u00e4n\u00e4 vuonna kahdella projektilla. Aamulehti Lue tiivistelm\u00e4 Kapellimestari Santtu-Matias Rouvali aloittaa yhteisty\u00f6n&hellip;\n","protected":false},"author":2,"featured_media":142311,"comment_status":"","ping_status":"","sticky":false,"template":"","format":"standard","meta":{"footnotes":""},"categories":[130],"tags":[157,137,33,31,30,32,109],"class_list":{"0":"post-142310","1":"post","2":"type-post","3":"status-publish","4":"format-standard","5":"has-post-thumbnail","7":"category-viihde","8":"tag-aamulehti","9":"tag-entertainment","10":"tag-fi","11":"tag-finland","12":"tag-finnish","13":"tag-suomi","14":"tag-viihde"},"share_on_mastodon":{"url":"https:\/\/pubeurope.com\/@fi\/115894930800437547","error":""},"_links":{"self":[{"href":"https:\/\/www.europesays.com\/fi\/wp-json\/wp\/v2\/posts\/142310","targetHints":{"allow":["GET"]}}],"collection":[{"href":"https:\/\/www.europesays.com\/fi\/wp-json\/wp\/v2\/posts"}],"about":[{"href":"https:\/\/www.europesays.com\/fi\/wp-json\/wp\/v2\/types\/post"}],"author":[{"embeddable":true,"href":"https:\/\/www.europesays.com\/fi\/wp-json\/wp\/v2\/users\/2"}],"replies":[{"embeddable":true,"href":"https:\/\/www.europesays.com\/fi\/wp-json\/wp\/v2\/comments?post=142310"}],"version-history":[{"count":0,"href":"https:\/\/www.europesays.com\/fi\/wp-json\/wp\/v2\/posts\/142310\/revisions"}],"wp:featuredmedia":[{"embeddable":true,"href":"https:\/\/www.europesays.com\/fi\/wp-json\/wp\/v2\/media\/142311"}],"wp:attachment":[{"href":"https:\/\/www.europesays.com\/fi\/wp-json\/wp\/v2\/media?parent=142310"}],"wp:term":[{"taxonomy":"category","embeddable":true,"href":"https:\/\/www.europesays.com\/fi\/wp-json\/wp\/v2\/categories?post=142310"},{"taxonomy":"post_tag","embeddable":true,"href":"https:\/\/www.europesays.com\/fi\/wp-json\/wp\/v2\/tags?post=142310"}],"curies":[{"name":"wp","href":"https:\/\/api.w.org\/{rel}","templated":true}]}}