{"id":142312,"date":"2026-01-14T18:46:09","date_gmt":"2026-01-14T18:46:09","guid":{"rendered":"https:\/\/www.europesays.com\/fi\/142312\/"},"modified":"2026-01-14T18:46:09","modified_gmt":"2026-01-14T18:46:09","slug":"yle-kahvilajatti-sulkee-liikkeen-helsingissa","status":"publish","type":"post","link":"https:\/\/www.europesays.com\/fi\/142312\/","title":{"rendered":"Yle: Kahvilaj\u00e4tti sulkee liikkeen Helsingiss\u00e4"},"content":{"rendered":"<p><img decoding=\"async\" class=\"image image-show image-preview\" src=\"https:\/\/www.europesays.com\/fi\/wp-content\/uploads\/2026\/01\/f458659e60bdd226f930b764fdf0ed3aaefbf821a45912b509717be2fb931f8f.jpg\" alt=\"\"\/><img decoding=\"async\" class=\"image image-show\" src=\"https:\/\/www.europesays.com\/fi\/wp-content\/uploads\/2026\/01\/1768416369_224_f458659e60bdd226f930b764fdf0ed3aaefbf821a45912b509717be2fb931f8f.jpg\" alt=\"\"\/><\/p>\n<p>Starbucks on amerikkalainen kahvilaj\u00e4tti, jolla on kahviloita ymp\u00e4ri maailman.  MAURITZ ANTIN<\/p>\n<p class=\"paragraph\">Helsingin ydinkeskustassa Akateemisen kirjakaupan yhteydess\u00e4 vuodesta 2013 sijainnut kahvila Starbucks sulkee ovensa.<\/p>\n<p class=\"paragraph\">Amerikkalaisen kahvilaj\u00e4tin toimintaa Suomessa operoiva SSP Finland kertoo Ylen mukaan, ett\u00e4 vuokrasopimus Kirjatalossa sijaitsevassa liiketilassa p\u00e4\u00e4ttyy maaliskuun aikana.<\/p>\n<p class=\"paragraph\">Pohjoisesplanadilla sijaitsevan kahvilan lis\u00e4ksi Suomessa on kolme muuta Starbucks-kahvilaa: Helsingin p\u00e4\u00e4rautatieaseman kioskihallissa ja kaksi Helsinki-Vantaan lentoasemalla. N\u00e4iss\u00e4 toimipisteiss\u00e4 toiminta jatkuu normaalisti.<\/p>\n<p class=\"paragraph\">\u2013SSP toimii Suomessa Starbucksin franchising-yritt\u00e4j\u00e4n\u00e4.<\/p>\n<p class=\"paragraph\">Starbucks aloitti toimintansa Suomessa vuonna 2012.<\/p>\n<p>Matcha chai latte eli vihre\u00e4\u00e4n teehen valmistettu teelatte Akateemisen kirjakaupan Starbucksissa.  Helj\u00e4 Salonen<\/p>\n<p class=\"paragraph\">Asiasta uutisoi ensimm\u00e4isen\u00e4 <a href=\"https:\/\/yle.fi\/a\/74-20204193\" target=\"_blank\" rel=\"noopener nofollow\">Yle<\/a>.<\/p>\n","protected":false},"excerpt":{"rendered":"Starbucks on amerikkalainen kahvilaj\u00e4tti, jolla on kahviloita ymp\u00e4ri maailman. MAURITZ ANTIN Helsingin ydinkeskustassa Akateemisen kirjakaupan yhteydess\u00e4 vuodesta 2013&hellip;\n","protected":false},"author":2,"featured_media":142313,"comment_status":"","ping_status":"","sticky":false,"template":"","format":"standard","meta":{"footnotes":""},"categories":[76],"tags":[79,77,33,31,30,898,3187,1390,3723,32,78,3144,2200],"class_list":{"0":"post-142312","1":"post","2":"type-post","3":"status-publish","4":"format-standard","5":"has-post-thumbnail","7":"category-talous","8":"tag-business","9":"tag-economy","10":"tag-fi","11":"tag-finland","12":"tag-finnish","13":"tag-kulutustavarat","14":"tag-kulutustavarat-ja-palvelut-sektori","15":"tag-kuukausi","16":"tag-ravintolat","17":"tag-suomi","18":"tag-talous","19":"tag-tavaratalot-ostoskeskukset","20":"tag-vahittaiskauppa-pl-moottoriajoneuvot-kotitaloustavaroiden-korjaus"},"share_on_mastodon":{"url":"https:\/\/pubeurope.com\/@fi\/115894942723513263","error":""},"_links":{"self":[{"href":"https:\/\/www.europesays.com\/fi\/wp-json\/wp\/v2\/posts\/142312","targetHints":{"allow":["GET"]}}],"collection":[{"href":"https:\/\/www.europesays.com\/fi\/wp-json\/wp\/v2\/posts"}],"about":[{"href":"https:\/\/www.europesays.com\/fi\/wp-json\/wp\/v2\/types\/post"}],"author":[{"embeddable":true,"href":"https:\/\/www.europesays.com\/fi\/wp-json\/wp\/v2\/users\/2"}],"replies":[{"embeddable":true,"href":"https:\/\/www.europesays.com\/fi\/wp-json\/wp\/v2\/comments?post=142312"}],"version-history":[{"count":0,"href":"https:\/\/www.europesays.com\/fi\/wp-json\/wp\/v2\/posts\/142312\/revisions"}],"wp:featuredmedia":[{"embeddable":true,"href":"https:\/\/www.europesays.com\/fi\/wp-json\/wp\/v2\/media\/142313"}],"wp:attachment":[{"href":"https:\/\/www.europesays.com\/fi\/wp-json\/wp\/v2\/media?parent=142312"}],"wp:term":[{"taxonomy":"category","embeddable":true,"href":"https:\/\/www.europesays.com\/fi\/wp-json\/wp\/v2\/categories?post=142312"},{"taxonomy":"post_tag","embeddable":true,"href":"https:\/\/www.europesays.com\/fi\/wp-json\/wp\/v2\/tags?post=142312"}],"curies":[{"name":"wp","href":"https:\/\/api.w.org\/{rel}","templated":true}]}}