{"id":142314,"date":"2026-01-14T18:47:13","date_gmt":"2026-01-14T18:47:13","guid":{"rendered":"https:\/\/www.europesays.com\/fi\/142314\/"},"modified":"2026-01-14T18:47:13","modified_gmt":"2026-01-14T18:47:13","slug":"gronlantilainen-kansanedustaja-tyrmistyi-kuin-kusisi-housuun-talvella","status":"publish","type":"post","link":"https:\/\/www.europesays.com\/fi\/142314\/","title":{"rendered":"Gr\u00f6nlantilainen kansanedustaja tyrmistyi: \u201dKuin kusisi housuun talvella!\u201d"},"content":{"rendered":"<p>Gr\u00f6nlannin parlamentissa my\u00f6nnet\u00e4\u00e4n, ett\u00e4 Gr\u00f6nlannissa tarvitaan Natoa.<\/p>\n<p class=\"article-body mb-nof-24 px-nof-16\">Nuuk, Gr\u00f6nlanti<\/p>\n<p class=\"article-body mb-nof-24 px-nof-16\">\u201dGreenland is not for sale!\u201d -teksti t-paidassa tai hupparissa on nyt kuuminta muotia Gr\u00f6nlannin p\u00e4\u00e4kaupungissa Nuukissa.<\/p>\n<p class=\"article-body mb-nof-24 px-nof-16\">\u2013 T\u00e4ytyi ostaa paita heti kun saavuin takaisin Gr\u00f6nlantiin, esitteli paitaansa Gr\u00f6nlannin itsehallintoalueen parlamentin kansanedustaja <a class=\"font-bold underline-offset-[0.12em] [text-decoration:var(--person-link-text-decoration)] ![text-decoration-color:var(--person-link-text-decoration-color)]\" href=\"https:\/\/www.is.fi\/haku\/?query=Aqqalu%20Jerimiassen\" rel=\"nofollow noopener\" target=\"_blank\">Aqqalu Jerimiassen<\/a>.<\/p>\n<p class=\"article-body mb-nof-24 px-nof-16\">Paitaidean \u00e4iti on Gr\u00f6nlannin kansainv\u00e4lisesti tunnetuin muotisuunnittelija<a class=\"font-bold underline-offset-[0.12em] [text-decoration:var(--person-link-text-decoration)] ![text-decoration-color:var(--person-link-text-decoration-color)]\" href=\"https:\/\/www.is.fi\/haku\/?query=%20Bibi%20Chemnitz\" rel=\"nofollow noopener\" target=\"_blank\"> Bibi Chemnitz<\/a>, joka \u00e4lysi reagoida nopeasti Gr\u00f6nlanti-kohuun.<\/p>\n<p class=\"article-body mb-nof-24 px-nof-16\">\u2013 Liike on ollut t\u00e4ynn\u00e4 asiakkaita viime ajat, kertoi suunnittelija nimikkomyym\u00e4l\u00e4ss\u00e4\u00e4n tiistaina IS:lle.<\/p>\n<p class=\"article-body mb-nof-24 px-nof-16\">Vaikka Gr\u00f6nlanti-kohu viime tammikuussa johtui nimenomaan Yhdysvalloista, niin kes\u00e4ll\u00e4 etenkin amerikkalaisturistit l\u00f6ysiv\u00e4t Chemnitzin muodin ja ovi k\u00e4vi tiuhaan, suunnittelija kertoo, mutta kielt\u00e4ytyy nyt kommentoimasta enemm\u00e4n tuoreinta k\u00e4\u00e4nnett\u00e4.<\/p>\n<p class=\"article-body mb-nof-24 px-nof-16\">Nuukin keskustassa paikallisten n\u00e4ytt\u00e4\u00e4 olevan v\u00e4lill\u00e4 vaikea edes v\u00e4ltty\u00e4 lukuisten ulkomaisten toimittajien haastatteluyrityksilt\u00e4. Monet kuitenkin haluavat ottaa kantaa kohuun, mutta suurimmalla osalla gr\u00f6nlantilaisista poliitikoista suut pysyv\u00e4t supussa.<\/p>\n<p class=\"article-body mb-nof-24 px-nof-16\">Perusteluksi kerrotaan, etteiv\u00e4t he halua antaa lausuntoja, jotka voisivat mahdollisesti vaikuttaa herkk\u00e4\u00e4n neuvottelutilanteeseen Gr\u00f6nlannin, Tanskan ja Yhdysvaltain kesken. Tiistain puheenaihe kaupungilla olikin maiden edustajien tapaaminen Valkoisessa talossa keskiviikkona.<\/p>\n<p class=\"article-body mb-nof-24 px-nof-16\">Gr\u00f6nlannin hallituskoalitioon kuuluvan Atassut-puolueen puheenjohtaja, kansanedustaja Aqqalu Jerimiassen suostui IS:lle haastatteluun Inatsiartutissa, Gr\u00f6nlannin parlamentissa Nuukin keskustassa.<\/p>\n<p class=\"article-body mb-nof-24 px-nof-16\">\u2013 Toivottavasti Tanskan ja meid\u00e4n oma ministerimme saavat aikaan dialogia amerikkalaisten kanssa. Sormet ristiss\u00e4 t\u00e4ytyy olla, Jerimiassen kertoi ennakko-odotuksistaan keskiviikon tapaamisesta.<\/p>\n<p><img decoding=\"async\" src=\"https:\/\/www.europesays.com\/fi\/wp-content\/uploads\/2026\/01\/1768416433_311_978.jpg\" alt=\"Gr\u00f6nlannin parlamenttitalon sis\u00e4\u00e4nk\u00e4ynti Nuukissa.\" class=\"_Img_1rerz_1\" style=\"aspect-ratio:0.615625\" loading=\"eager\"\/><\/p>\n<p class=\"article-picture-caption\">Gr\u00f6nlannin parlamenttitalon sis\u00e4\u00e4nk\u00e4ynti Nuukissa. Kuva:\u00a0Timo Myllyniemi \/ IS<\/p>\n<p class=\"article-body mb-nof-24 px-nof-16\">P\u00e4\u00e4tyminen nykyiseen tilanteeseen vuoden takaiseen verrattuna ei kansanedustajan mukaan ole yll\u00e4tys.<\/p>\n<p class=\"article-body mb-nof-24 px-nof-16\">\u2013 Mutta nyt kaikki vaikuttaa olevan paljon organisoidummalta. Se on suuri ongelma. Retoriikka, jota <a class=\"font-bold underline-offset-[0.12em] [text-decoration:var(--person-link-text-decoration)] ![text-decoration-color:var(--person-link-text-decoration-color)]\" href=\"https:\/\/www.is.fi\/haku\/?query=Donald%20Trump\" rel=\"nofollow noopener\" target=\"_blank\">Donald Trump<\/a> k\u00e4ytt\u00e4\u00e4. H\u00e4n vaikuttaa jo p\u00e4\u00e4tt\u00e4neen, miten t\u00e4ss\u00e4 tulee k\u00e4ym\u00e4\u00e4n.<\/p>\n<p class=\"article-body mb-nof-24 px-nof-16\">\u2013 T\u00e4t\u00e4 tunnelmaa on vaikea edes kuvailla, mit\u00e4 sanaa k\u00e4ytt\u00e4isin? Kaikki on jotenkin k\u00e4sitt\u00e4m\u00e4t\u00f6nt\u00e4. En tunne ollenkaan, ett\u00e4 olemme turvassa juuri nyt. Sellainen sattuu! Todellakin tuntuu pahalta.<\/p>\n<p class=\"article-body mb-nof-24 px-nof-16\">Jerimiassenin mielest\u00e4 viel\u00e4 kaikki Gr\u00f6nlannissa, eik\u00e4 edes osa poliitikoista, suostu tajuamaan, millainen tilanne on.<\/p>\n<p class=\"article-body mb-nof-24 px-nof-16\">\u2013 Olemme hyvin l\u00e4hell\u00e4 menett\u00e4\u00e4 jotain. Emmek\u00e4 tied\u00e4, millaisia keinoja amerikkalaiset aikovat k\u00e4ytt\u00e4\u00e4. Vai yritt\u00e4v\u00e4tk\u00f6 he hy\u00f6dynt\u00e4\u00e4 tilannetta, jos vaikka pikaisesti p\u00e4\u00e4tt\u00e4isimme itsen\u00e4isty\u00e4, sanoo Jerimiassen p\u00e4\u00e4sten puolueensa poliittiseen teemaan.<\/p>\n<p class=\"article-body mb-nof-24 px-nof-16\">Suurin osa gr\u00f6nlantilaista kannattaa itsen\u00e4istymist\u00e4 Tanskan alaisuudesta, mutta Atassut on pitk\u00e4\u00e4n ainoana puolueena edustanut kuulumista Tanskaan. Jerimiassen muistuttaa seikasta, joka n\u00e4ytt\u00e4\u00e4 unohtuneen Gr\u00f6nlantikeskustelussa:<\/p>\n<p class=\"article-body mb-nof-24 px-nof-16\">\u2013 Jos itsen\u00e4istyisimme huomenna, niin emme olisi en\u00e4\u00e4 Naton j\u00e4sen. Se on ainoa seikka, jossa Trump on oikeassa ja h\u00e4nen kantansa voi ymm\u00e4rt\u00e4\u00e4. Amerikkalaiset eiv\u00e4t halua, ett\u00e4 p\u00e4\u00e4dymme Ven\u00e4j\u00e4n tai Kiinan syliin.<\/p>\n<p class=\"article-body mb-nof-24 px-nof-16\">\u2013 Niin kauan kun olemme osa Tanskan kuningaskuntaa olemme my\u00f6s Natossa.<\/p>\n<p class=\"article-body mb-nof-24 px-nof-16\">Jerimiassen ihmettelee Yhdysvaltain laajentumishaluja Gr\u00f6nlantiin, sill\u00e4 he ovat jo siell\u00e4. Yhdysvalloilla on toisesta maailmansodasta l\u00e4htien ollut sotilastukikohtia kautta Gr\u00f6nlannin. Nykyisin on vain yksi, Pituffikin avaruustukikohta Gr\u00f6nlannin pohjoisk\u00e4rjess\u00e4.<\/p>\n<p class=\"article-body mb-nof-24 px-nof-16\">Tanskan ja Yhdysvaltain jo pitk\u00e4\u00e4n voimassa olleen sopimuksen mukaan Yhdysvallat voi halutessaan milloin vain perustaa uusia sotilastukikohtia ja tuoda sotilaitaan saarelle.<\/p>\n<p class=\"article-body mb-nof-24 px-nof-16\">\u2013 Ei kukaan ole yritt\u00e4nyt ty\u00f6nt\u00e4\u00e4 heit\u00e4 pois. He ovat aina olleet l\u00e4himpi\u00e4 liittolaisiamme. Nato on tervetullut t\u00e4nne. Me tarvitsemme heit\u00e4. Heill\u00e4 itseasiassa pit\u00e4isi olla edustusto t\u00e4\u00e4ll\u00e4, ehdottaa Jerimiassen.<\/p>\n<p class=\"article-body mb-nof-24 px-nof-16\">\u2013 Se osoittaisi \u201doranssitukkaiselle\u201d miehelle, ett\u00e4 haloo, \u201dolemme yst\u00e4vi\u00e4si!\u201d.<\/p>\n<p class=\"article-body mb-nof-24 px-nof-16\">Jerimiassen palaa puolueensa teemaan ja kuuluttaa enemm\u00e4n yhteisty\u00f6t\u00e4 Tanskan kanssa.<\/p>\n<p class=\"article-body mb-nof-24 px-nof-16\">\u2013 Tanska on meille juuri nyt t\u00e4rke\u00e4. Itsen\u00e4isyys, kyll\u00e4, se on hyv\u00e4 unelma, mutta my\u00f6s kaikista vaarallisin vaihtoehto.<\/p>\n<p class=\"article-body mb-nof-24 px-nof-16\">\u2013 Jopa jotkut poliitikot ovat t\u00e4\u00e4ll\u00e4 ehdottaneet liit\u00e4nn\u00e4isvaltiosopimuksen solmimista Yhdysvaltain kanssa. Ett\u00e4 se olisi hyv\u00e4 diili. Mist\u00e4 helvetist\u00e4 he sen tiet\u00e4v\u00e4t? Onko t\u00e4nne ujutettu jotain vakoojia? sanoo Jerimiassen viitaten Tanskan aiempiin v\u00e4itteisiin, ett\u00e4 Yhdysvallat tukee Gr\u00f6nlannin separatismia.<\/p>\n<p class=\"article-body mb-nof-24 px-nof-16\">\u2013 Sellainen olisi maanpetos!<\/p>\n<p class=\"article-body mb-nof-24 px-nof-16\">H\u00e4n tosin my\u00f6nt\u00e4\u00e4, ett\u00e4 Tanska on ollut liian varovainen, yritt\u00e4nyt v\u00e4ltt\u00e4\u00e4 konfliktia Yhdysvaltain kanssa.<\/p>\n<p><img decoding=\"async\" src=\"https:\/\/www.europesays.com\/fi\/wp-content\/uploads\/2026\/01\/1768416433_231_978.jpg\" alt=\"Gr\u00f6nlannin p\u00e4\u00e4kaupungin Nuukin keskustassa oli harmaan talvista tiistaina.\" class=\"_Img_1rerz_1\" style=\"aspect-ratio:2.1645997745208567\" loading=\"eager\"\/><\/p>\n<p class=\"article-picture-caption\">Gr\u00f6nlannin p\u00e4\u00e4kaupungin Nuukin keskustassa oli harmaan talvista tiistaina. Kuva:\u00a0Timo Myllyniemi \/ IS<\/p>\n<p class=\"article-body mb-nof-24 px-nof-16\">Uutistoimisto Reuters kertoi viime viikolla Trumpin hallinnon jopa harkinneen maksaa 100\u202f000 dollaria jokaiselle gr\u00f6nlantilaiselle.<\/p>\n<p class=\"article-body mb-nof-24 px-nof-16\">\u2013 Ei, en usko ihmisten myyv\u00e4n sieluaan 100\u202f000 dollarista. Se olisi kuin \u201djoo, ostan sinulta vapautesi, maasi, mineraalisi\u201d. Sadalla tonnilla? Eih\u00e4n se olisi mit\u00e4\u00e4n siihen verrattuna. On kuin kusisi housuihin talvella! vertaa gr\u00f6nlantilaispoliitikko.<\/p>\n<p class=\"article-body mb-nof-24 px-nof-16\">\u2013 Vaikka minulle tarjottaisiin miljardi, niin vastaus on Ei.<\/p>\n<p class=\"article-body mb-nof-24 px-nof-16\">Jerimieassen n\u00e4kee t\u00e4ss\u00e4 hetkess\u00e4 vain yhden vaihtoehdon.<\/p>\n<p class=\"article-body mb-nof-24 px-nof-16\">\u2013 Enemm\u00e4n kuin koskaan meid\u00e4n t\u00e4ytyy nyt pysy\u00e4 osana Tanskan kuningaskuntaa. Vaikka ajatus on tuskallinen monille gr\u00f6nlantilaisille, on se ainoa mahdollinen ratkaisu. Meill\u00e4 on en\u00e4\u00e4 vain yksi kortti j\u00e4ljell\u00e4!<\/p>\n","protected":false},"excerpt":{"rendered":"Gr\u00f6nlannin parlamentissa my\u00f6nnet\u00e4\u00e4n, ett\u00e4 Gr\u00f6nlannissa tarvitaan Natoa. Nuuk, Gr\u00f6nlanti \u201dGreenland is not for sale!\u201d -teksti t-paidassa tai hupparissa&hellip;\n","protected":false},"author":2,"featured_media":142315,"comment_status":"","ping_status":"","sticky":false,"template":"","format":"standard","meta":{"footnotes":""},"categories":[14],"tags":[22,23,26,27,33,31,30,17,34,24,25,28,29,15,18,21,32,19,20,56,16,59,60,61],"class_list":{"0":"post-142314","1":"post","2":"type-post","3":"status-publish","4":"format-standard","5":"has-post-thumbnail","7":"category-ulkomaat","8":"tag-breaking-news","9":"tag-breakingnews","10":"tag-featured-news","11":"tag-featurednews","12":"tag-fi","13":"tag-finland","14":"tag-finnish","15":"tag-headlines","16":"tag-ilta-sanomat","17":"tag-latest-news","18":"tag-latestnews","19":"tag-main-news","20":"tag-mainnews","21":"tag-news","22":"tag-otsikot","23":"tag-paauutiset","24":"tag-suomi","25":"tag-top-stories","26":"tag-topstories","27":"tag-ulkomaat","28":"tag-uutiset","29":"tag-world","30":"tag-world-news","31":"tag-worldnews"},"share_on_mastodon":{"url":"https:\/\/pubeurope.com\/@fi\/115894946727680989","error":""},"_links":{"self":[{"href":"https:\/\/www.europesays.com\/fi\/wp-json\/wp\/v2\/posts\/142314","targetHints":{"allow":["GET"]}}],"collection":[{"href":"https:\/\/www.europesays.com\/fi\/wp-json\/wp\/v2\/posts"}],"about":[{"href":"https:\/\/www.europesays.com\/fi\/wp-json\/wp\/v2\/types\/post"}],"author":[{"embeddable":true,"href":"https:\/\/www.europesays.com\/fi\/wp-json\/wp\/v2\/users\/2"}],"replies":[{"embeddable":true,"href":"https:\/\/www.europesays.com\/fi\/wp-json\/wp\/v2\/comments?post=142314"}],"version-history":[{"count":0,"href":"https:\/\/www.europesays.com\/fi\/wp-json\/wp\/v2\/posts\/142314\/revisions"}],"wp:featuredmedia":[{"embeddable":true,"href":"https:\/\/www.europesays.com\/fi\/wp-json\/wp\/v2\/media\/142315"}],"wp:attachment":[{"href":"https:\/\/www.europesays.com\/fi\/wp-json\/wp\/v2\/media?parent=142314"}],"wp:term":[{"taxonomy":"category","embeddable":true,"href":"https:\/\/www.europesays.com\/fi\/wp-json\/wp\/v2\/categories?post=142314"},{"taxonomy":"post_tag","embeddable":true,"href":"https:\/\/www.europesays.com\/fi\/wp-json\/wp\/v2\/tags?post=142314"}],"curies":[{"name":"wp","href":"https:\/\/api.w.org\/{rel}","templated":true}]}}