{"id":142316,"date":"2026-01-14T18:48:07","date_gmt":"2026-01-14T18:48:07","guid":{"rendered":"https:\/\/www.europesays.com\/fi\/142316\/"},"modified":"2026-01-14T18:48:07","modified_gmt":"2026-01-14T18:48:07","slug":"elaimet-tanssivat-ylojarven-yossa-loiste-festivaali-tuo-jalleen-valotaidetta-ihasteltavaksi","status":"publish","type":"post","link":"https:\/\/www.europesays.com\/fi\/142316\/","title":{"rendered":"El\u00e4imet tanssivat Yl\u00f6j\u00e4rven y\u00f6ss\u00e4 \u2013 Loiste-festivaali tuo j\u00e4lleen valotaidetta ihasteltavaksi"},"content":{"rendered":"<p>Valotaidefestivaali valaisee Yl\u00f6j\u00e4rven kolmena iltana. Mukana on teoksia, jotka yhdist\u00e4v\u00e4t huumoria, v\u00e4rien taikaa ja ilman n\u00e4kym\u00e4tt\u00f6m\u00e4n merkityksen.<\/p>\n<p class=\"article-body mb-nof-24 px-nof-16\">Aamulehti<\/p>\n<p class=\"article-body mb-nof-24 px-nof-16\">Suosittu Loiste Yl\u00f6j\u00e4rvi -valotaidefestivaali valaisee j\u00e4lleen viikonlopun ajan 23.\u201325. tammikuuta.<\/p>\n<p class=\"article-body mb-nof-24 px-nof-16\">Ilmainen festivaali levitt\u00e4ytyy kaupungintalon aukiolta Kirkkopuistoon, Kirkkotanhuantien leikkipuistoon, p\u00e4\u00e4kirjasto Leijaan ja Krankkulaan. My\u00f6s Kurun ja Viljakkalan kirjastot valaistaan osana tapahtumaa.<\/p>\n<p class=\"article-body mb-nof-24 px-nof-16\">Tapahtuma juhlistaa samalla Yl\u00f6j\u00e4rven 157-vuotissyntym\u00e4p\u00e4iv\u00e4\u00e4 lauantaina 24. tammikuuta.<\/p>\n<p class=\"article-body mb-nof-24 px-nof-16\">T\u00e4n\u00e4 vuonna Loisteessa n\u00e4hd\u00e4\u00e4n muun muassa <a class=\"font-bold underline-offset-[0.12em] [text-decoration:var(--person-link-text-decoration)] ![text-decoration-color:var(--person-link-text-decoration-color)]\" href=\"https:\/\/www.aamulehti.fi\/haku\/?query=Anni%20Arffmanin\" rel=\"nofollow noopener\" target=\"_blank\">Anni Arffmanin<\/a> teos The Last Disco Animals (2023). Se esitt\u00e4\u00e4 sukupuuttoon kuolleita el\u00e4imi\u00e4 syk\u00e4htelevin led-valoin ja yhdist\u00e4\u00e4 huumorin apokalyptiseen tunnelmaan.<\/p>\n<p class=\"article-body mb-nof-24 px-nof-16\"><a class=\"font-bold underline-offset-[0.12em] [text-decoration:var(--person-link-text-decoration)] ![text-decoration-color:var(--person-link-text-decoration-color)]\" href=\"https:\/\/www.aamulehti.fi\/haku\/?query=Alexander%20Salvesenin\" rel=\"nofollow noopener\" target=\"_blank\">Alexander Salvesenin<\/a> Relations of Colour (2018) tutkii v\u00e4rien suhteita valon avulla ja <a class=\"font-bold underline-offset-[0.12em] [text-decoration:var(--person-link-text-decoration)] ![text-decoration-color:var(--person-link-text-decoration-color)]\" href=\"https:\/\/www.aamulehti.fi\/haku\/?query=Ilkka%20Paloniemen\" rel=\"nofollow noopener\" target=\"_blank\">Ilkka Paloniemen<\/a> Harmaa Kohina (2025) tekee ilman n\u00e4kym\u00e4tt\u00f6m\u00e4n merkityksen n\u00e4kyv\u00e4ksi valon ja \u00e4\u00e4nen keinoin.<\/p>\n<p class=\"article-body mb-nof-24 px-nof-16\">Kirkkopuistossa n\u00e4hd\u00e4\u00e4n <a class=\"font-bold underline-offset-[0.12em] [text-decoration:var(--person-link-text-decoration)] ![text-decoration-color:var(--person-link-text-decoration-color)]\" href=\"https:\/\/www.aamulehti.fi\/haku\/?query=Marko%20Vierimaan\" rel=\"nofollow noopener\" target=\"_blank\">Marko Vierimaan<\/a> projisointi. Kaupungintalon aukio saa festivaalin ajaksi my\u00f6s uuden valoilmeen.<\/p>\n<p class=\"article-body mb-nof-24 px-nof-16\">Krankkulassa esitell\u00e4\u00e4n lasten tekem\u00e4 varjo- ja mediataideteos Katso, kansantarinoita!, joka kertoo Yl\u00f6j\u00e4rven kylien kansantarinoista.<\/p>\n<p>Opastettu kierros<\/p>\n<p class=\"article-body mb-nof-24 px-nof-16\">Loisteen maksuton opastettu kierros j\u00e4rjestet\u00e4\u00e4n lauantaina kello 17. Oppaana on viime vuoden tapaan valotaiteilija <a class=\"font-bold underline-offset-[0.12em] [text-decoration:var(--person-link-text-decoration)] ![text-decoration-color:var(--person-link-text-decoration-color)]\" href=\"https:\/\/www.aamulehti.fi\/haku\/?query=Jussi%20Kamunen\" rel=\"nofollow noopener\" target=\"_blank\">Jussi Kamunen<\/a>, jonka omia teoksia on my\u00f6s n\u00e4ht\u00e4vill\u00e4 festivaalilla. Kierros l\u00e4htee kaupungintalon aukiolta osoitteesta Kuruntie 12.<\/p>\n<p class=\"article-body mb-nof-24 px-nof-16\">Valtaosa teoksista sijaitsee ulkona, ja reitti kuljetaan k\u00e4vellen.<\/p>\n<p class=\"article-body mb-nof-24 px-nof-16\">Yl\u00f6j\u00e4rven kirkkoon p\u00e4\u00e4see v\u00e4lill\u00e4 l\u00e4mmittelem\u00e4\u00e4n, sill\u00e4 se on avoinna jokaisena festivaalip\u00e4iv\u00e4n\u00e4 kello 18\u201321. Kirkossa j\u00e4rjestet\u00e4\u00e4n puolen tunnin v\u00e4lein musiikkihetki\u00e4, ja lauantaina seurakuntatalolla on vohvelikahvila. Sunnuntaina kello 18 vietet\u00e4\u00e4n iltamessu.<\/p>\n<p class=\"article-body mb-nof-24 px-nof-16\">Hautausmaan takaosassa olevassa lahopuutarhassa on lis\u00e4ksi valotaideteos.<\/p>\n<p class=\"article-body mb-nof-24 px-nof-16\">Loisteen reittikartta julkaistaan verkkosivuilla osoitteessa <a class=\"underline underline-offset-[0.12em] [text-decoration-thickness:var(--generic-link-underline-thickness)] [text-decoration-color:var(--generic-link-underline-color)] [text-decoration-skip-ink:var(--generic-link-underline-skip-ink)] break-words\" href=\"https:\/\/www.ylojarvi.fi\/tapahtuma\/loiste-2026\/\" rel=\"nofollow noopener\" target=\"_blank\">ylojarvi.fi\/loiste<\/a>.<\/p>\n<p class=\"article-body mb-nof-24 px-nof-16\">Tapahtuman j\u00e4rjest\u00e4v\u00e4t kaupungin kulttuuripalvelut yhdess\u00e4 kaupungin muiden yksik\u00f6iden ja seurakunnan sek\u00e4 Stereo:ID Ltd Oy:n kanssa.<\/p>\n<p class=\"article-body nof-ui-body-medium mb-nof-24 px-nof-16\">Loiste Yl\u00f6j\u00e4rvi -valotaidefestivaali 23.\u201325. tammikuuta kello 17\u201321.<\/p>\n","protected":false},"excerpt":{"rendered":"Valotaidefestivaali valaisee Yl\u00f6j\u00e4rven kolmena iltana. Mukana on teoksia, jotka yhdist\u00e4v\u00e4t huumoria, v\u00e4rien taikaa ja ilman n\u00e4kym\u00e4tt\u00f6m\u00e4n merkityksen. Aamulehti&hellip;\n","protected":false},"author":2,"featured_media":142317,"comment_status":"","ping_status":"","sticky":false,"template":"","format":"standard","meta":{"footnotes":""},"categories":[12],"tags":[157,22,23,26,27,33,31,30,17,24,25,28,29,15,18,21,32,19,20,16],"class_list":{"0":"post-142316","1":"post","2":"type-post","3":"status-publish","4":"format-standard","5":"has-post-thumbnail","7":"category-suomi","8":"tag-aamulehti","9":"tag-breaking-news","10":"tag-breakingnews","11":"tag-featured-news","12":"tag-featurednews","13":"tag-fi","14":"tag-finland","15":"tag-finnish","16":"tag-headlines","17":"tag-latest-news","18":"tag-latestnews","19":"tag-main-news","20":"tag-mainnews","21":"tag-news","22":"tag-otsikot","23":"tag-paauutiset","24":"tag-suomi","25":"tag-top-stories","26":"tag-topstories","27":"tag-uutiset"},"share_on_mastodon":{"url":"https:\/\/pubeurope.com\/@fi\/115894950586661531","error":""},"_links":{"self":[{"href":"https:\/\/www.europesays.com\/fi\/wp-json\/wp\/v2\/posts\/142316","targetHints":{"allow":["GET"]}}],"collection":[{"href":"https:\/\/www.europesays.com\/fi\/wp-json\/wp\/v2\/posts"}],"about":[{"href":"https:\/\/www.europesays.com\/fi\/wp-json\/wp\/v2\/types\/post"}],"author":[{"embeddable":true,"href":"https:\/\/www.europesays.com\/fi\/wp-json\/wp\/v2\/users\/2"}],"replies":[{"embeddable":true,"href":"https:\/\/www.europesays.com\/fi\/wp-json\/wp\/v2\/comments?post=142316"}],"version-history":[{"count":0,"href":"https:\/\/www.europesays.com\/fi\/wp-json\/wp\/v2\/posts\/142316\/revisions"}],"wp:featuredmedia":[{"embeddable":true,"href":"https:\/\/www.europesays.com\/fi\/wp-json\/wp\/v2\/media\/142317"}],"wp:attachment":[{"href":"https:\/\/www.europesays.com\/fi\/wp-json\/wp\/v2\/media?parent=142316"}],"wp:term":[{"taxonomy":"category","embeddable":true,"href":"https:\/\/www.europesays.com\/fi\/wp-json\/wp\/v2\/categories?post=142316"},{"taxonomy":"post_tag","embeddable":true,"href":"https:\/\/www.europesays.com\/fi\/wp-json\/wp\/v2\/tags?post=142316"}],"curies":[{"name":"wp","href":"https:\/\/api.w.org\/{rel}","templated":true}]}}