{"id":142318,"date":"2026-01-14T18:49:07","date_gmt":"2026-01-14T18:49:07","guid":{"rendered":"https:\/\/www.europesays.com\/fi\/142318\/"},"modified":"2026-01-14T18:49:07","modified_gmt":"2026-01-14T18:49:07","slug":"kansanedustaja-alviina-alametsa-avautuu-hairinnasta-eduskunnassa","status":"publish","type":"post","link":"https:\/\/www.europesays.com\/fi\/142318\/","title":{"rendered":"Kansanedustaja Alviina Alamets\u00e4 avautuu h\u00e4irinn\u00e4st\u00e4 eduskunnassa"},"content":{"rendered":"<p>Alviina Alamets\u00e4n mukaan seksuaalinen h\u00e4irint\u00e4 on vain osa asiatonta k\u00e4yt\u00f6st\u00e4, jota politiikassa tapahtuu.<\/p>\n<p class=\"article-body mb-nof-24 px-nof-16\">Vihreiden kansanedustaja <a class=\"font-bold underline-offset-[0.12em] [text-decoration:var(--person-link-text-decoration)] ![text-decoration-color:var(--person-link-text-decoration-color)]\" href=\"https:\/\/www.is.fi\/haku\/?query=Alviina%20Alamets%C3%A4\" rel=\"nofollow noopener\" target=\"_blank\">Alviina Alamets\u00e4<\/a> kertoo kokeneensa eduskunta-avustajana h\u00e4irint\u00e4\u00e4.<\/p>\n<p class=\"article-body mb-nof-24 px-nof-16\">\u2013 Olen my\u00f6s itse kokenut h\u00e4irint\u00e4\u00e4 nuorena ja eduskunta-avustajana politiikassa. Esimerkiksi fyysisen k\u00e4siksi k\u00e4ymisen i\u00e4kk\u00e4\u00e4lt\u00e4 silloiselta mieskansanedustajalta, sek\u00e4 er\u00e4\u00e4n edustajan puolisolta, Alamets\u00e4 kirjoittaa Facebookissa.<\/p>\n<p class=\"article-body mb-nof-24 px-nof-16\">H\u00e4n ei t\u00e4smenn\u00e4 p\u00e4ivityksess\u00e4\u00e4n, kenest\u00e4 kansanedustajasta on kyse tai milloin tapaus on sattunut.<\/p>\n<p class=\"article-body mb-nof-24 px-nof-16\">Alamets\u00e4 kertoo toimineensa avustajana ty\u00f6skentelyn j\u00e4lkeen pitk\u00e4\u00e4n politiikassa esihenkil\u00f6rooleissa.<\/p>\n<p class=\"article-body mb-nof-24 px-nof-16\">\u2013 Valitettavasti seksuaalinen h\u00e4irint\u00e4 on vain osa sit\u00e4 asiatonta k\u00e4yt\u00f6st\u00e4, jota politiikassa tapahtuu.<\/p>\n<p class=\"article-body mb-nof-24 px-nof-16\">Alamets\u00e4 on <a class=\"underline underline-offset-[0.12em] [text-decoration-thickness:var(--generic-link-underline-thickness)] [text-decoration-color:var(--generic-link-underline-color)] [text-decoration-skip-ink:var(--generic-link-underline-skip-ink)] break-words\" href=\"https:\/\/www.is.fi\/politiikka\/art-2000007788486.html\" rel=\"nofollow noopener\" target=\"_blank\">aiemmin<\/a> kertonut seksuaalisen h\u00e4irinn\u00e4n olevan Euroopan parlamentin vaiettu ongelma. H\u00e4n kertoi saaneensa seksuaalisia ehdotuksia puhelimitse jopa meppikollegalta kesken palaverin. Alamets\u00e4 toimi europarlamentaarikkona ennen nousemistaan eduskuntaan.<\/p>\n<p class=\"article-body mb-nof-24 px-nof-16\">H\u00e4nen mukaansa my\u00f6s niin sanotut hyv\u00e4t tyypit tai sellaisilta vaikuttavat saattavat kohdella ty\u00f6ntekij\u00f6it\u00e4 t\u00f6rke\u00e4sti kunnioittamatta lainkaan ty\u00f6hyvinvointia.<\/p>\n<p class=\"article-body mb-nof-24 px-nof-16\">\u2013 Esimerkiksi huutaminen, nimittely tai ty\u00f6aikojen kunnioittamatta j\u00e4tt\u00e4minen ei kuulu ty\u00f6paikalle.<\/p>\n<p class=\"article-body mb-nof-24 px-nof-16\">\u2013 Jokaisen ty\u00f6paikan \u2013 my\u00f6s eduskunnan \u2013 tulee taata, ettei yht\u00e4k\u00e4\u00e4n h\u00e4irint\u00e4tapausta katsota l\u00e4pi sormien, ja ett\u00e4 asiattomasta kohtelusta on turvallista kertoa, Alamets\u00e4 linjaa.<\/p>\n<p class=\"article-body mb-nof-24 px-nof-16\">Alamets\u00e4n mielest\u00e4 on t\u00e4rke\u00e4\u00e4, ett\u00e4 asiasta puhutaan, jotta siihen voitaisiin puuttua.<\/p>\n<p class=\"article-body mb-nof-24 px-nof-16\">\u2013 Nyky\u00e4\u00e4n lains\u00e4\u00e4d\u00e4nt\u00f6 mahdollistaa my\u00f6s rikosilmoituksen tekemisen kaltoinkohtelusta. Lains\u00e4\u00e4d\u00e4nt\u00f6\u00e4 pit\u00e4\u00e4 edelleen parantaa, jotta esimerkiksi nuorten naisten oikeudet ja turvallisuus paranisivat.<\/p>\n<p class=\"article-body mb-nof-24 px-nof-16\">H\u00e4nen mielest\u00e4\u00e4n eduskunnan osalta puuttumiseen pit\u00e4\u00e4 olla selke\u00e4t k\u00e4yt\u00e4nn\u00f6t eduskuntaryhmiss\u00e4 ja hallinnossa.<\/p>\n<p class=\"article-body mb-nof-24 px-nof-16\">\u2013 On yh\u00e4 vaihtelevaa, puututaanko tapauksiin vai ei, tai kokeeko avustaja ett\u00e4 h\u00e4n voi ylip\u00e4\u00e4ns\u00e4 puhua saamatta potkuja.<\/p>\n<p class=\"article-body mb-nof-24 px-nof-16\">Kansanedustajien avustajien kokema h\u00e4irint\u00e4 ja ep\u00e4asiallinen k\u00e4yt\u00f6s nousivat puheenaiheeksi, kun Sdp:n kansanedustaja <a class=\"font-bold underline-offset-[0.12em] [text-decoration:var(--person-link-text-decoration)] ![text-decoration-color:var(--person-link-text-decoration-color)]\" href=\"https:\/\/www.is.fi\/haku\/?query=Ville%20Merinen\" rel=\"nofollow noopener\" target=\"_blank\">Ville Merinen<\/a> sanoi Ylen Vallan algoritmi -sarjassa kuulleensa \u201dhirveit\u00e4 juttuja\u201d siit\u00e4, miten avustajia kohdellaan.<\/p>\n<p class=\"article-body mb-nof-24 px-nof-16\">H\u00e4n antoi ymm\u00e4rt\u00e4\u00e4, ett\u00e4 eduskunnassa esiintyy fyysist\u00e4, seksuaalista, henkist\u00e4 v\u00e4kivaltaa, kiusaamista, ahdistelua ja h\u00e4irint\u00e4\u00e4.<\/p>\n<p class=\"article-body mb-nof-24 px-nof-16\">Sdp:n eduskuntaryhm\u00e4n puheenjohtaja <a class=\"font-bold underline-offset-[0.12em] [text-decoration:var(--person-link-text-decoration)] ![text-decoration-color:var(--person-link-text-decoration-color)]\" href=\"https:\/\/www.is.fi\/haku\/?query=Tytti%20Tuppurainen\" rel=\"nofollow noopener\" target=\"_blank\">Tytti Tuppurainen<\/a> my\u00f6nsi IS:lle, ett\u00e4 heid\u00e4n eduskuntaryhm\u00e4ss\u00e4\u00e4n on ollut h\u00e4irint\u00e4tapauksia.<\/p>\n<p class=\"article-body mb-nof-24 px-nof-16\">Tuppuraisen k\u00e4sityksen mukaan h\u00e4irint\u00e4ongelma ei rajoitu vain Sdp:n eduskuntaryhm\u00e4\u00e4n, vaan kyse on laajemmasta ilmi\u00f6st\u00e4.<\/p>\n<p class=\"article-body mb-nof-24 px-nof-16\">Merisen kanssa k\u00e4ym\u00e4ns\u00e4 keskustelun j\u00e4lkeen Tuppurainen arvioi tapauksia olevan paljon ja osan niist\u00e4 olevan hyvin vakavia.<\/p>\n<p class=\"article-body mb-nof-24 px-nof-16\">\u2013 Pid\u00e4n hyvin j\u00e4rkytt\u00e4v\u00e4n\u00e4, ett\u00e4 t\u00e4llaista on. N\u00e4ihin on oltava nollatoleranssi. Yksikin tapaus on liikaa, Tuppurainen sanoi.<\/p>\n","protected":false},"excerpt":{"rendered":"Alviina Alamets\u00e4n mukaan seksuaalinen h\u00e4irint\u00e4 on vain osa asiatonta k\u00e4yt\u00f6st\u00e4, jota politiikassa tapahtuu. Vihreiden kansanedustaja Alviina Alamets\u00e4 kertoo&hellip;\n","protected":false},"author":2,"featured_media":142319,"comment_status":"","ping_status":"","sticky":false,"template":"","format":"standard","meta":{"footnotes":""},"categories":[5],"tags":[22,23,26,27,33,31,30,17,34,24,25,28,29,15,18,21,32,19,20,16],"class_list":{"0":"post-142318","1":"post","2":"type-post","3":"status-publish","4":"format-standard","5":"has-post-thumbnail","7":"category-otsikot","8":"tag-breaking-news","9":"tag-breakingnews","10":"tag-featured-news","11":"tag-featurednews","12":"tag-fi","13":"tag-finland","14":"tag-finnish","15":"tag-headlines","16":"tag-ilta-sanomat","17":"tag-latest-news","18":"tag-latestnews","19":"tag-main-news","20":"tag-mainnews","21":"tag-news","22":"tag-otsikot","23":"tag-paauutiset","24":"tag-suomi","25":"tag-top-stories","26":"tag-topstories","27":"tag-uutiset"},"share_on_mastodon":{"url":"https:\/\/pubeurope.com\/@fi\/115894954620289948","error":""},"_links":{"self":[{"href":"https:\/\/www.europesays.com\/fi\/wp-json\/wp\/v2\/posts\/142318","targetHints":{"allow":["GET"]}}],"collection":[{"href":"https:\/\/www.europesays.com\/fi\/wp-json\/wp\/v2\/posts"}],"about":[{"href":"https:\/\/www.europesays.com\/fi\/wp-json\/wp\/v2\/types\/post"}],"author":[{"embeddable":true,"href":"https:\/\/www.europesays.com\/fi\/wp-json\/wp\/v2\/users\/2"}],"replies":[{"embeddable":true,"href":"https:\/\/www.europesays.com\/fi\/wp-json\/wp\/v2\/comments?post=142318"}],"version-history":[{"count":0,"href":"https:\/\/www.europesays.com\/fi\/wp-json\/wp\/v2\/posts\/142318\/revisions"}],"wp:featuredmedia":[{"embeddable":true,"href":"https:\/\/www.europesays.com\/fi\/wp-json\/wp\/v2\/media\/142319"}],"wp:attachment":[{"href":"https:\/\/www.europesays.com\/fi\/wp-json\/wp\/v2\/media?parent=142318"}],"wp:term":[{"taxonomy":"category","embeddable":true,"href":"https:\/\/www.europesays.com\/fi\/wp-json\/wp\/v2\/categories?post=142318"},{"taxonomy":"post_tag","embeddable":true,"href":"https:\/\/www.europesays.com\/fi\/wp-json\/wp\/v2\/tags?post=142318"}],"curies":[{"name":"wp","href":"https:\/\/api.w.org\/{rel}","templated":true}]}}