{"id":142320,"date":"2026-01-14T18:50:08","date_gmt":"2026-01-14T18:50:08","guid":{"rendered":"https:\/\/www.europesays.com\/fi\/142320\/"},"modified":"2026-01-14T18:50:08","modified_gmt":"2026-01-14T18:50:08","slug":"valtaosa-sadan-suden-kiintiosta-kaadettu","status":"publish","type":"post","link":"https:\/\/www.europesays.com\/fi\/142320\/","title":{"rendered":"Valtaosa sadan suden kiinti\u00f6st\u00e4 kaadettu"},"content":{"rendered":"<p><strong class=\"typography-bold\">Valtaosa t\u00e4m\u00e4n vuoden sallitusta sadan <\/strong><strong class=\"typography-bold\">suden<\/strong><strong class=\"typography-bold\"> kiinti\u00f6st\u00e4 on kaadettu, ilmenee Suomen riistakeskuksen <\/strong><a class=\"underline\" data-testid=\"external-link\" href=\"https:\/\/kiintio.riista.fi\/\" rel=\"noopener noreferrer nofollow\" data-sentry-component=\"ExternalLink\" data-sentry-source-file=\"ExternalLink.tsx\" target=\"_blank\"><strong class=\"typography-bold\">tiedoista<\/strong><\/a><strong class=\"typography-bold\">.\u00a0<\/strong><\/p>\n<p>Vuoden alusta alkaen Suomessa on mets\u00e4stetty kaikkiaan yli 80 sutta.<\/p>\n<p>Tiistai-iltaan menness\u00e4 sudenmets\u00e4stys oli p\u00e4\u00e4ttynyt kymmenell\u00e4 kiinti\u00f6alueella, kun kiinti\u00f6 tuli t\u00e4yteen my\u00f6s Lauhanvuoren alueella Satakunnan ja Etel\u00e4-Pohjanmaan rajamailla.<\/p>\n<p>Kiinti\u00f6iden perusteella mets\u00e4stett\u00e4vi\u00e4 susia on en\u00e4\u00e4 vajaat parikymment\u00e4 yhteens\u00e4 kuudella alueella Kaakkois-Suomessa, Pohjois-Karjalassa, Uudellamaalla sek\u00e4 Pohjanmaan maakunnissa.<\/p>\n<p>Suden mets\u00e4stysaika jatkuu 10. helmikuuta asti. Suden ymp\u00e4rivuotisesta rauhoituksesta <a class=\"underline\" data-testid=\"external-link\" href=\"https:\/\/mmm.fi\/-\/asetukset-hyvaksytty-suden-metsastys-alkaa-1.tammikuuta\" rel=\"noopener noreferrer nofollow\" data-sentry-component=\"ExternalLink\" data-sentry-source-file=\"ExternalLink.tsx\" target=\"_blank\">luovuttiin<\/a> vuodenvaihteessa.<\/p>\n<p>Riistakeskuksen <a class=\"underline\" data-testid=\"external-link\" href=\"https:\/\/riista.fi\/suden-kiintiometsastys-edennyt-vauhdikkaasti-saalista-saatu-kaikilta-kiintioalueilta\/\" rel=\"noopener noreferrer nofollow\" data-sentry-component=\"ExternalLink\" data-sentry-source-file=\"ExternalLink.tsx\" target=\"_blank\">mukaan<\/a> suden mets\u00e4styksell\u00e4 vastataan kasvaneen susikannan vuoksi lis\u00e4\u00e4ntyneisiin turvallisuushuoliin, kotiel\u00e4invahinkoihin sek\u00e4 poliisin suurpetoteht\u00e4viin.<\/p>\n<p><strong class=\"typography-bold\">Lue my\u00f6s: <\/strong><a class=\"cursor-pointer underline\" data-testid=\"internal-link\" role=\"link\" data-sentry-element=\"Link\" data-sentry-component=\"InternalLink\" data-sentry-source-file=\"InternalLink.tsx\" href=\"https:\/\/www.mtvuutiset.fi\/artikkeli\/uusia-kiintioita-kammoksuva-susitutkija-pelkaa-kannan-romahtavan-metsastys-on-enemman-tappamista\/9280508\" rel=\"nofollow noopener\" target=\"_blank\"><\/a><\/p>\n","protected":false},"excerpt":{"rendered":"Valtaosa t\u00e4m\u00e4n vuoden sallitusta sadan suden kiinti\u00f6st\u00e4 on kaadettu, ilmenee Suomen riistakeskuksen tiedoista.\u00a0 Vuoden alusta alkaen Suomessa on&hellip;\n","protected":false},"author":2,"featured_media":130955,"comment_status":"","ping_status":"","sticky":false,"template":"","format":"standard","meta":{"footnotes":""},"categories":[117],"tags":[33,31,30,72,476,118,32,119,477],"class_list":{"0":"post-142320","1":"post","2":"type-post","3":"status-publish","4":"format-standard","5":"has-post-thumbnail","7":"category-luonto","8":"tag-fi","9":"tag-finland","10":"tag-finnish","11":"tag-luonto","12":"tag-nature","13":"tag-science","14":"tag-suomi","15":"tag-tiede","16":"tag-wildlife"},"share_on_mastodon":{"url":"https:\/\/pubeurope.com\/@fi\/115894958297580825","error":""},"_links":{"self":[{"href":"https:\/\/www.europesays.com\/fi\/wp-json\/wp\/v2\/posts\/142320","targetHints":{"allow":["GET"]}}],"collection":[{"href":"https:\/\/www.europesays.com\/fi\/wp-json\/wp\/v2\/posts"}],"about":[{"href":"https:\/\/www.europesays.com\/fi\/wp-json\/wp\/v2\/types\/post"}],"author":[{"embeddable":true,"href":"https:\/\/www.europesays.com\/fi\/wp-json\/wp\/v2\/users\/2"}],"replies":[{"embeddable":true,"href":"https:\/\/www.europesays.com\/fi\/wp-json\/wp\/v2\/comments?post=142320"}],"version-history":[{"count":0,"href":"https:\/\/www.europesays.com\/fi\/wp-json\/wp\/v2\/posts\/142320\/revisions"}],"wp:featuredmedia":[{"embeddable":true,"href":"https:\/\/www.europesays.com\/fi\/wp-json\/wp\/v2\/media\/130955"}],"wp:attachment":[{"href":"https:\/\/www.europesays.com\/fi\/wp-json\/wp\/v2\/media?parent=142320"}],"wp:term":[{"taxonomy":"category","embeddable":true,"href":"https:\/\/www.europesays.com\/fi\/wp-json\/wp\/v2\/categories?post=142320"},{"taxonomy":"post_tag","embeddable":true,"href":"https:\/\/www.europesays.com\/fi\/wp-json\/wp\/v2\/tags?post=142320"}],"curies":[{"name":"wp","href":"https:\/\/api.w.org\/{rel}","templated":true}]}}