{"id":142321,"date":"2026-01-14T19:01:07","date_gmt":"2026-01-14T19:01:07","guid":{"rendered":"https:\/\/www.europesays.com\/fi\/142321\/"},"modified":"2026-01-14T19:01:07","modified_gmt":"2026-01-14T19:01:07","slug":"etta-teki-ison-mokan","status":"publish","type":"post","link":"https:\/\/www.europesays.com\/fi\/142321\/","title":{"rendered":"Etta teki ison mokan"},"content":{"rendered":"<p>Rap-artisti pyysi anteeksi virhett\u00e4\u00e4n muilta kilpailijoilta.<\/p>\n<p class=\"paragraph\">Laulaja <a href=\"https:\/\/www.iltalehti.fi\/henkilot\/Etta\" class=\"article-link-person-page\" rel=\"nofollow noopener\" target=\"_blank\">Etta<\/a> paljasti vahingossa kaikki Uuden musiikin kilpailun artistit sosiaalisessa mediassa jo p\u00e4iv\u00e4\u00e4 ennen keskiviikon julkistusl\u00e4hetyst\u00e4.<\/p>\n<p class=\"paragraph\">Muusikon Instagramissa n\u00e4kyi tiistai-iltana julkaisu UMK:n ryhm\u00e4kuvasta. Julkaisu poistui nopeasti, mutta kuvakaappaus l\u00e4hti levi\u00e4m\u00e4\u00e4n sosiaalisessa mediassa.<\/p>\n<p class=\"paragraph\">\u2013 Se oli inhimillinen virhe. Olin ajastamassa julkaisuani ja pahin pelkoni k\u00e4vi toteen, Etta kertoo.<\/p>\n<p class=\"paragraph\">\u2013 Pyysin heti kaikilta anteeksi. Nyt olen yritt\u00e4nyt keskitty\u00e4 t\u00e4h\u00e4n p\u00e4iv\u00e4\u00e4n, vaikka herkk\u00e4n\u00e4 ihmisen\u00e4 se oli hirve\u00e4 tunne.<\/p>\n<p class=\"paragraph\">Viel\u00e4 ei ole tietoa, tuleeko artistille seurauksia asiasta. Etta ei halunnut kommentoida mahdollisia seurauksia.<\/p>\n<p><img decoding=\"async\" class=\"image image-show image-preview\" src=\"https:\/\/www.europesays.com\/fi\/wp-content\/uploads\/2026\/01\/4ab5c8b78fcea726b5ce9bd3696384cd691698b6be5fdd97bb2dbff64d944016.jpg\" alt=\"\"\/><img decoding=\"async\" class=\"image image-show\" src=\"https:\/\/www.europesays.com\/fi\/wp-content\/uploads\/2026\/01\/1768417267_702_4ab5c8b78fcea726b5ce9bd3696384cd691698b6be5fdd97bb2dbff64d944016.jpg\" alt=\"\"\/><\/p>\n<p>Etta paljasti kaikki UMK-artistit vahingossa. Elle Laitila<\/p>\n<p>Ensimm\u00e4inen kerta<\/p>\n<p class=\"paragraph\">Etan kilpailukappale julkaistaan torstaina 15. tammikuuta. UMK-kappaleen nimi on Million Dollar Smile, jota Etta kuvailee voimabiisiksi. Kyseess\u00e4 on ensimm\u00e4inen kerta, kun Etta haki mukaan laulukilpailuun.<\/p>\n<p class=\"paragraph\">\u2013 Oikea biisi syntyi viime toukokuussa ja t\u00e4ss\u00e4 sit\u00e4 nyt ollaan.<\/p>\n<p class=\"paragraph\">\u2013 Biisini on rehellisesti paras kappaleeni, jonka olen urallani tehnyt, Etta kuvailee.<\/p>\n<p class=\"paragraph\">Muusikko kertoo, ett\u00e4 h\u00e4nell\u00e4 on suuri halu n\u00e4ytt\u00e4\u00e4 suomalaisille, kuka h\u00e4n on artistina. H\u00e4n haluaa olla paras versio itsest\u00e4\u00e4n laulukilpailun finaalissa.<\/p>\n<p class=\"paragraph\">\u2013 Jos voitto tulee UMK:ssa, niin sitten mietit\u00e4\u00e4n Euroviisuja.<\/p>\n","protected":false},"excerpt":{"rendered":"Rap-artisti pyysi anteeksi virhett\u00e4\u00e4n muilta kilpailijoilta. Laulaja Etta paljasti vahingossa kaikki Uuden musiikin kilpailun artistit sosiaalisessa mediassa jo&hellip;\n","protected":false},"author":2,"featured_media":142322,"comment_status":"","ping_status":"","sticky":false,"template":"","format":"standard","meta":{"footnotes":""},"categories":[136],"tags":[35,138,407,137,33,31,30,408,763,47,141,32,397,484,109],"class_list":{"0":"post-142321","1":"post","2":"type-post","3":"status-publish","4":"format-standard","5":"has-post-thumbnail","7":"category-julkkikset","8":"tag-24h","9":"tag-audio","10":"tag-celebrities","11":"tag-entertainment","12":"tag-fi","13":"tag-finland","14":"tag-finnish","15":"tag-julkkikset","16":"tag-kulttuuri-ja-viihde","17":"tag-musiikki","18":"tag-muusikot-bandit","19":"tag-suomi","20":"tag-taide","21":"tag-taiteellinen-ilmaisu-ja-mediat","22":"tag-viihde"},"share_on_mastodon":{"url":"https:\/\/pubeurope.com\/@fi\/115895001689222748","error":""},"_links":{"self":[{"href":"https:\/\/www.europesays.com\/fi\/wp-json\/wp\/v2\/posts\/142321","targetHints":{"allow":["GET"]}}],"collection":[{"href":"https:\/\/www.europesays.com\/fi\/wp-json\/wp\/v2\/posts"}],"about":[{"href":"https:\/\/www.europesays.com\/fi\/wp-json\/wp\/v2\/types\/post"}],"author":[{"embeddable":true,"href":"https:\/\/www.europesays.com\/fi\/wp-json\/wp\/v2\/users\/2"}],"replies":[{"embeddable":true,"href":"https:\/\/www.europesays.com\/fi\/wp-json\/wp\/v2\/comments?post=142321"}],"version-history":[{"count":0,"href":"https:\/\/www.europesays.com\/fi\/wp-json\/wp\/v2\/posts\/142321\/revisions"}],"wp:featuredmedia":[{"embeddable":true,"href":"https:\/\/www.europesays.com\/fi\/wp-json\/wp\/v2\/media\/142322"}],"wp:attachment":[{"href":"https:\/\/www.europesays.com\/fi\/wp-json\/wp\/v2\/media?parent=142321"}],"wp:term":[{"taxonomy":"category","embeddable":true,"href":"https:\/\/www.europesays.com\/fi\/wp-json\/wp\/v2\/categories?post=142321"},{"taxonomy":"post_tag","embeddable":true,"href":"https:\/\/www.europesays.com\/fi\/wp-json\/wp\/v2\/tags?post=142321"}],"curies":[{"name":"wp","href":"https:\/\/api.w.org\/{rel}","templated":true}]}}