{"id":142325,"date":"2026-01-14T19:04:06","date_gmt":"2026-01-14T19:04:06","guid":{"rendered":"https:\/\/www.europesays.com\/fi\/142325\/"},"modified":"2026-01-14T19:04:06","modified_gmt":"2026-01-14T19:04:06","slug":"duo-mita-ette-odottaneet-pete-parkkonen-ja-linda-lampenius-umk26","status":"publish","type":"post","link":"https:\/\/www.europesays.com\/fi\/142325\/","title":{"rendered":"Duo, mit\u00e4 ette odottaneet: Pete Parkkonen ja Linda Lampenius! | UMK26"},"content":{"rendered":"<p>      <a aria-disabled=\"false\" aria-busy=\"false\" href=\"#yle__contentAnchor\" class=\"ydscr__sc-17sr1bx-0 ydscr__sc-17sr1bx-2 kBPfWh gbyyfi\">Hypp\u00e4\u00e4 sis\u00e4lt\u00f6\u00f6n<\/a><a aria-disabled=\"false\" aria-busy=\"false\" href=\"#yle__contentAnchor\" class=\"ydscr__sc-17sr1bx-0 ydscr__sc-17sr1bx-2 nWLCX gbyyfi\">Hypp\u00e4\u00e4 sis\u00e4lt\u00f6\u00f6n<\/a><a href=\"https:\/\/yle.fi\/\" class=\"_1pvcnaa0 _15d48jz0 _15d48jz1 fck75q3\" data-testid=\"header-frontpage-link\" aria-label=\"Yle.fi etusivu\" lang=\"fi\" rel=\"nofollow noopener\" target=\"_blank\"><\/p>\n<p>Etusivu<\/p>\n<p><\/a><a class=\"_1ffsr5h1 eopu3j0\" href=\"https:\/\/yle.fi\/t\/18-334977\/fi\" lang=\"fi\" data-testid=\"header-bar-current-topic-link\" rel=\"nofollow noopener\" target=\"_blank\">Ven\u00e4j\u00e4n hy\u00f6kk\u00e4ys<\/a><a class=\"_1ffsr5h1 eopu3j0\" href=\"https:\/\/yle.fi\/t\/18-200201\/fi\" lang=\"fi\" data-testid=\"header-bar-current-topic-link\" rel=\"nofollow noopener\" target=\"_blank\">UMK26<\/a><a class=\"_1ffsr5h1 eopu3j0\" href=\"https:\/\/yle.fi\/a\/74-20131998\" lang=\"fi\" data-testid=\"header-bar-current-topic-link\" rel=\"nofollow noopener\" target=\"_blank\">Sanapyramidi<\/a><a href=\"https:\/\/haku.yle.fi\" data-testid=\"header-bar-search-link\" class=\"c63d5h1 fck75q3 eopu3j0\" aria-labelledby=\"header-2023-id-\u00abRii\u00bb-bar-item\" rel=\"nofollow noopener\" target=\"_blank\"><\/p>\n<p>Hae<\/p>\n<p><\/a><\/p>\n<p>Valikko<\/p>\n<ul class=\"bqq79o8 bqq79o0 bqq79o3\">\n<li>\n<p>Haemme s\u00e4\u00e4tietoja&#8230;<\/p>\n<\/li>\n<li><a class=\"_1bvm4mm2 eopu3j0\" href=\"https:\/\/haku.yle.fi\" rel=\"nofollow noopener\" target=\"_blank\">Hae Ylen sis\u00e4lt\u00f6j\u00e4<\/a><\/li>\n<li><a class=\"_1bvm4mm2 eopu3j0\" href=\"https:\/\/yle.fi\/a\/74-20031519\" data-testid=\"header-drawer-sendmedia-link\" rel=\"nofollow noopener\" target=\"_blank\">L\u00e4het\u00e4 uutiskuva tai \u2011video<\/a><\/li>\n<\/ul>\n<p id=\"header-2023-id-\u00abRnmi\u00bb-drawer-current-topics-title\" class=\"fck75q2\">Pinnalla nyt<\/p>\n<ul class=\"_1d856qp0\" id=\"header-2023-drawer-current-topics\" aria-labelledby=\"header-2023-id-\u00abRnmi\u00bb-drawer-current-topics-title\">\n<li class=\"_1d856qp1\"><a href=\"https:\/\/yle.fi\/t\/18-334977\/fi\" class=\"_1d856qp2 fck75q5 _15d48jz0\" data-testid=\"header-drawer-current-topic-link\" rel=\"nofollow noopener\" target=\"_blank\">Ven\u00e4j\u00e4n hy\u00f6kk\u00e4ys<\/a><\/li>\n<li class=\"_1d856qp1\"><a href=\"https:\/\/yle.fi\/t\/18-200201\/fi\" class=\"_1d856qp2 fck75q5 _15d48jz0\" data-testid=\"header-drawer-current-topic-link\" rel=\"nofollow noopener\" target=\"_blank\">UMK26<\/a><\/li>\n<li class=\"_1d856qp1\"><a href=\"https:\/\/yle.fi\/a\/74-20131998\" class=\"_1d856qp2 fck75q5 _15d48jz0\" data-testid=\"header-drawer-current-topic-link\" rel=\"nofollow noopener\" target=\"_blank\">Sanapyramidi<\/a><\/li>\n<li class=\"_1d856qp1\"><a href=\"https:\/\/yle.fi\/t\/18-287461\/fi\" class=\"_1d856qp2 fck75q5 _15d48jz0\" data-testid=\"header-drawer-current-topic-link\" rel=\"nofollow noopener\" target=\"_blank\">Talviolympialaiset<\/a><\/li>\n<\/ul>\n<ul class=\"bqq79o7 bqq79o0 bqq79o1\" id=\"header-2023-drawer-submenu\" style=\"--bqq79o6:6\">\n<li class=\"bqq79o3\"><a class=\"_1bvm4mm2 eopu3j0\" href=\"https:\/\/yle.fi\/\" data-testid=\"header-drawer-submenu-link\" rel=\"nofollow noopener\" target=\"_blank\">Etusivu<\/a><\/li>\n<li class=\"\"><a class=\"_1bvm4mm2 eopu3j0\" href=\"https:\/\/yle.fi\/uutiset\" lang=\"fi\" data-testid=\"header-drawer-submenu-link\" rel=\"nofollow noopener\" target=\"_blank\">Uutisia lyhyesti<\/a><\/li>\n<li class=\"\"><a class=\"_1bvm4mm2 eopu3j0\" href=\"https:\/\/yle.fi\/tuoreimmat\" lang=\"fi\" data-testid=\"header-drawer-submenu-link\" rel=\"nofollow noopener\" target=\"_blank\">Tuoreimmat<\/a><\/li>\n<li class=\"\"><a class=\"_1bvm4mm2 eopu3j0\" href=\"https:\/\/yle.fi\/urheilu\" lang=\"fi\" data-testid=\"header-drawer-submenu-link\" rel=\"nofollow noopener\" target=\"_blank\">Urheilu<\/a><\/li>\n<li class=\"\"><a class=\"_1bvm4mm2 eopu3j0\" href=\"https:\/\/yle.fi\/saa\" lang=\"fi\" data-testid=\"header-drawer-submenu-link\" rel=\"nofollow noopener\" target=\"_blank\">S\u00e4\u00e4<\/a><\/li>\n<li class=\"\"><a class=\"_1bvm4mm2 eopu3j0\" href=\"https:\/\/yle.fi\/uutiset\/paikallisuutiset\" lang=\"fi\" data-testid=\"header-drawer-submenu-link\" rel=\"nofollow noopener\" target=\"_blank\">Paikallisuutiset<\/a><\/li>\n<li class=\"\"><a class=\"_1bvm4mm2 eopu3j0\" href=\"https:\/\/yle.fi\/t\/18-34837\/fi\" lang=\"fi\" data-testid=\"header-drawer-submenu-link\" rel=\"nofollow noopener\" target=\"_blank\">Kotimaa<\/a><\/li>\n<li class=\"\"><a class=\"_1bvm4mm2 eopu3j0\" href=\"https:\/\/yle.fi\/t\/18-34953\/fi\" lang=\"fi\" data-testid=\"header-drawer-submenu-link\" rel=\"nofollow noopener\" target=\"_blank\">Ulkomaat<\/a><\/li>\n<li class=\"\"><a class=\"_1bvm4mm2 eopu3j0\" href=\"https:\/\/yle.fi\/t\/18-220306\/fi\" lang=\"fi\" data-testid=\"header-drawer-submenu-link\" rel=\"nofollow noopener\" target=\"_blank\">Politiikka<\/a><\/li>\n<li class=\"\"><a class=\"_1bvm4mm2 eopu3j0\" href=\"https:\/\/yle.fi\/t\/18-204933\/fi\" lang=\"fi\" data-testid=\"header-drawer-submenu-link\" rel=\"nofollow noopener\" target=\"_blank\">Talous<\/a><\/li>\n<li class=\"\"><a class=\"_1bvm4mm2 eopu3j0\" href=\"https:\/\/yle.fi\/kulttuuri\" lang=\"fi\" data-testid=\"header-drawer-submenu-link\" rel=\"nofollow noopener\" target=\"_blank\">Kulttuuri<\/a><\/li>\n<li class=\"\"><a class=\"_1bvm4mm2 eopu3j0\" href=\"https:\/\/yle.fi\/tiede\" lang=\"fi\" data-testid=\"header-drawer-submenu-link\" rel=\"nofollow noopener\" target=\"_blank\">Tiede<\/a><\/li>\n<li class=\"\"><a class=\"_1bvm4mm2 eopu3j0\" href=\"https:\/\/yle.fi\/luonto\" lang=\"fi\" data-testid=\"header-drawer-submenu-link\" rel=\"nofollow noopener\" target=\"_blank\">Luonto<\/a><\/li>\n<li class=\"\"><a class=\"_1bvm4mm2 eopu3j0\" href=\"https:\/\/yle.fi\/oppiminen\" lang=\"fi\" data-testid=\"header-drawer-submenu-link\" rel=\"nofollow noopener\" target=\"_blank\">Oppiminen<\/a><\/li>\n<li class=\"\"><a class=\"_1bvm4mm2 eopu3j0\" href=\"https:\/\/yle.fi\/abitreenit\" lang=\"fi\" data-testid=\"header-drawer-submenu-link\" rel=\"nofollow noopener\" target=\"_blank\">Abitreenit<\/a><\/li>\n<li class=\"\"><a class=\"_1bvm4mm2 eopu3j0\" href=\"https:\/\/yle.fi\/t\/18-215844\/fi\" lang=\"fi\" data-testid=\"header-drawer-submenu-link\" rel=\"nofollow noopener\" target=\"_blank\">Kolumnit<\/a><\/li>\n<li class=\"bqq79o2\"><a class=\"_1bvm4mm2 eopu3j0\" href=\"https:\/\/areena.yle.fi\/1-3253227\" lang=\"fi\" data-testid=\"header-drawer-submenu-link\" rel=\"nofollow noopener\" target=\"_blank\">Uutiset viittomakielell\u00e4<\/a><\/li>\n<li class=\"\"><a class=\"_1bvm4mm2 eopu3j0\" href=\"https:\/\/yle.fi\/selkouutiset\" lang=\"fi\" data-testid=\"header-drawer-submenu-link\" rel=\"nofollow noopener\" target=\"_blank\">Selkouutiset<\/a><\/li>\n<li class=\"\"><a class=\"_1bvm4mm2 eopu3j0\" href=\"https:\/\/yle.fi\/uutisluokka\" lang=\"fi\" data-testid=\"header-drawer-submenu-link\" rel=\"nofollow noopener\" target=\"_blank\">Uutisluokka<\/a><\/li>\n<li class=\"\"><a class=\"_1bvm4mm2 eopu3j0\" href=\"https:\/\/yle.fi\/elavaarkisto\" lang=\"fi\" data-testid=\"header-drawer-submenu-link\" rel=\"nofollow noopener\" target=\"_blank\">El\u00e4v\u00e4 arkisto<\/a><\/li>\n<li class=\"\"><a class=\"_1bvm4mm2 eopu3j0\" href=\"https:\/\/yle.fi\/aihe\/tekstitv\" lang=\"fi\" data-testid=\"header-drawer-submenu-link\" rel=\"nofollow noopener\" target=\"_blank\">Teksti-TV<\/a><\/li>\n<li class=\"\"><a class=\"_1bvm4mm2 eopu3j0\" href=\"https:\/\/tunnus.yle.fi\/viestiasetukset\" lang=\"fi\" data-testid=\"header-drawer-submenu-link\" rel=\"nofollow noopener\" target=\"_blank\">Uutiskirjeet<\/a><\/li>\n<li class=\"\"><a class=\"_1bvm4mm2 eopu3j0\" href=\"https:\/\/areena.yle.fi\/tv\/opas\" lang=\"fi\" data-testid=\"header-drawer-submenu-link\" rel=\"nofollow noopener\" target=\"_blank\">TV-opas<\/a><\/li>\n<li class=\"\"><a class=\"_1bvm4mm2 eopu3j0\" href=\"https:\/\/areena.yle.fi\/podcastit\/opas\" lang=\"fi\" data-testid=\"header-drawer-submenu-link\" rel=\"nofollow noopener\" target=\"_blank\">Radio-opas<\/a><\/li>\n<li class=\"\"><a class=\"_1bvm4mm2 eopu3j0\" href=\"https:\/\/yle.fi\/rss\" lang=\"fi\" data-testid=\"header-drawer-submenu-link\" rel=\"nofollow noopener\" target=\"_blank\">RSS-sy\u00f6tteet<\/a><\/li>\n<\/ul>\n<p><a href=\"https:\/\/areena.yle.fi\" class=\"_1m3quf81 eopu3j0\" data-testid=\"header-areena-promo\" rel=\"nofollow noopener\" target=\"_blank\">Yle Areena.Sarjat. Podcastit. Suorat.<\/a><\/p>\n<ul class=\"bqq79o8 bqq79o0\" id=\"header-2023-drawer-sitemenu\">\n<li><a class=\"_1bvm4mm2 eopu3j0\" href=\"https:\/\/svenska.yle.fi\" lang=\"sv\" data-testid=\"header-drawer-sitemenu-link\" rel=\"nofollow noopener\" target=\"_blank\">Svenska<\/a><\/li>\n<li><a class=\"_1bvm4mm2 eopu3j0\" href=\"https:\/\/yle.fi\/sapmi\" lang=\"se\" data-testid=\"header-drawer-sitemenu-link\" rel=\"nofollow noopener\" target=\"_blank\">S\u00e1pmi<\/a><\/li>\n<li><a class=\"_1bvm4mm2 eopu3j0\" href=\"https:\/\/yle.fi\/news\" lang=\"en\" data-testid=\"header-drawer-sitemenu-link\" rel=\"nofollow noopener\" target=\"_blank\">News<\/a><\/li>\n<li><a class=\"_1bvm4mm2 eopu3j0\" href=\"https:\/\/yle.fi\/novosti\" lang=\"ru\" data-testid=\"header-drawer-sitemenu-link\" rel=\"nofollow noopener\" target=\"_blank\">\u041d\u043e\u0432\u043e\u0441\u0442\u0438<\/a><\/li>\n<li><a class=\"_1bvm4mm2 eopu3j0\" href=\"https:\/\/yle.fi\/novyny\" lang=\"uk\" data-testid=\"header-drawer-sitemenu-link\" rel=\"nofollow noopener\" target=\"_blank\">\u041d\u043e\u0432\u0438\u043d\u0438<\/a><\/li>\n<li><a class=\"_1bvm4mm2 eopu3j0\" href=\"https:\/\/yle.fi\/t\/18-44136\/fi\" lang=\"krl\" data-testid=\"header-drawer-sitemenu-link\" rel=\"nofollow noopener\" target=\"_blank\">Uudizet karjalakse<\/a><\/li>\n<\/ul>\n<ul class=\"bqq79o8 bqq79o0\" id=\"header-2023-drawer-links\">\n<li class=\"bqq79o4\"><a class=\"_1bvm4mm2 eopu3j0\" href=\"https:\/\/yle.fi\/a\/74-20031519\" lang=\"fi\" data-testid=\"header-drawer-links-link\" rel=\"nofollow noopener\" target=\"_blank\">L\u00e4het\u00e4 uutiskuva tai \u2011video<\/a><\/li>\n<li><a class=\"_1bvm4mm2 eopu3j0\" href=\"https:\/\/asiakaspalvelu.yle.fi\" data-testid=\"header-drawer-links-link\" rel=\"nofollow noopener\" target=\"_blank\">Asiakas\u00adpalvelu<\/a><\/li>\n<li><a class=\"_1bvm4mm2 eopu3j0\" href=\"https:\/\/yle.fi\/aihe\/yleisradio\/ylen-yhteystiedot\" data-testid=\"header-drawer-links-link\" rel=\"nofollow noopener\" target=\"_blank\">Ylen yhteystiedot<\/a><\/li>\n<li><a class=\"_1bvm4mm2 eopu3j0\" href=\"https:\/\/yle.fi\/uutiset\/yhteystiedot\" data-testid=\"header-drawer-links-link\" rel=\"nofollow noopener\" target=\"_blank\">Uutisten yhteystiedot<\/a><\/li>\n<li>Ev\u00e4ste\u00adasetukset<\/li>\n<\/ul>\n<p>Sulje valikko<a aria-disabled=\"false\" aria-busy=\"false\" href=\"https:\/\/yle.fi\/\" tabindex=\"-1\" data-testid=\"sticky-header-home-button\" class=\"ydscr__sc-17sr1bx-0 ydscr__sc-17sr1bx-3 fscjGJ gDUbgb\" rel=\"nofollow noopener\" target=\"_blank\">Etusivulle<\/a>JaaTuoreimmat<\/p>\n<ol aria-labelledby=\"sb-most-recent\">\n<li class=\"MinimalHeadlines__TriggeredItem-sc-f2811a1-0 bOTOdX\">21:00<a href=\"https:\/\/yle.fi\/t\/18-213332\/fi\" data-testid=\"minimal-headline-tag\" aria-label=\"Kansainv\u00e4linen politiikka \u2013 Lis\u00e4\u00e4 aiheesta\" class=\"ydscr__sc-w5hh4y-0 eOGiSH MinimalHeadlines__Concept-sc-f2811a1-9 ezVWSa\" rel=\"nofollow noopener\" target=\"_blank\">Kansainv\u00e4linen politiikka<\/a><a href=\"https:\/\/yle.fi\/a\/74-20204312\" class=\"MinimalHeadlines__Title-sc-f2811a1-6 eUXYcX visitable-link\" rel=\"nofollow noopener\" target=\"_blank\">L\u00e4nsiliittouma on murentunut \u2013 arvostetun Chatham Housen johtaja maalaa hyyt\u00e4v\u00e4n kuvan maailman tilanteesta<\/a><\/li>\n<li class=\"MinimalHeadlines__TriggeredItem-sc-f2811a1-0 bOTOdX\">20:36<a href=\"https:\/\/yle.fi\/t\/18-213332\/fi\" data-testid=\"minimal-headline-tag\" aria-label=\"Kansainv\u00e4linen politiikka \u2013 Lis\u00e4\u00e4 aiheesta\" class=\"ydscr__sc-w5hh4y-0 eOGiSH MinimalHeadlines__Concept-sc-f2811a1-9 ezVWSa\" rel=\"nofollow noopener\" target=\"_blank\">Kansainv\u00e4linen politiikka<\/a><a href=\"https:\/\/yle.fi\/a\/74-20204294\" class=\"MinimalHeadlines__Title-sc-f2811a1-6 eUXYcX visitable-link\" rel=\"nofollow noopener\" target=\"_blank\">Katso suorana kello 21.05: miten ulkoministeri Elina Valtonen kommentoi Gr\u00f6nlannin ja Iranin tilannetta?<\/a><\/li>\n<li class=\"MinimalHeadlines__TriggeredItem-sc-f2811a1-0 bOTOdX\">20:31<a href=\"https:\/\/yle.fi\/t\/18-205614\/fi\" data-testid=\"minimal-headline-tag\" aria-label=\"Viihde \u2013 Lis\u00e4\u00e4 aiheesta\" class=\"ydscr__sc-w5hh4y-0 eOGiSH MinimalHeadlines__Concept-sc-f2811a1-9 ezVWSa\" rel=\"nofollow noopener\" target=\"_blank\">Viihde<\/a><a href=\"https:\/\/yle.fi\/a\/74-20204329\" class=\"MinimalHeadlines__Title-sc-f2811a1-6 eUXYcX visitable-link\" rel=\"nofollow noopener\" target=\"_blank\">Artisti Etta lipsautti tiedon UMK-kisaamisesta someseuraajilleen jo tiistaina<\/a><\/li>\n<li class=\"MinimalHeadlines__TriggeredItem-sc-f2811a1-0 bOTOdX\">20:30<a href=\"https:\/\/yle.fi\/t\/18-204465\/fi\" data-testid=\"minimal-headline-tag\" aria-label=\"Musiikki \u2013 Lis\u00e4\u00e4 aiheesta\" class=\"ydscr__sc-w5hh4y-0 eOGiSH MinimalHeadlines__Concept-sc-f2811a1-9 ezVWSa\" rel=\"nofollow noopener\" target=\"_blank\">Musiikki<\/a><a href=\"https:\/\/yle.fi\/a\/74-20197802\" class=\"MinimalHeadlines__Title-sc-f2811a1-6 eUXYcX visitable-link\" rel=\"nofollow noopener\" target=\"_blank\">Analyysi: UMK-artistit v\u00e4lttelev\u00e4t Israel-kantoja \u2013 vain yksi varmisti haluavansa Euroviisuihin<\/a><\/li>\n<li class=\"MinimalHeadlines__TriggeredItem-sc-f2811a1-0 bOTOdX\">20:24<a href=\"https:\/\/yle.fi\/t\/18-218480\/fi\" data-testid=\"minimal-headline-tag\" aria-label=\"Onnettomuudet \u2013 Lis\u00e4\u00e4 aiheesta\" class=\"ydscr__sc-w5hh4y-0 eOGiSH MinimalHeadlines__Concept-sc-f2811a1-9 ezVWSa\" rel=\"nofollow noopener\" target=\"_blank\">Onnettomuudet<\/a><a href=\"https:\/\/yle.fi\/a\/74-20204349\" class=\"MinimalHeadlines__Title-sc-f2811a1-6 eUXYcX visitable-link\" rel=\"nofollow noopener\" target=\"_blank\">Kaksikerroksisessa omakotitalossa tulipalo Ylistarossa<\/a><\/li>\n<li class=\"MinimalHeadlines__TriggeredItem-sc-f2811a1-0 bOTOdX\">20:24<a href=\"https:\/\/yle.fi\/t\/18-213332\/fi\" data-testid=\"minimal-headline-tag\" aria-label=\"Kansainv\u00e4linen politiikka \u2013 Lis\u00e4\u00e4 aiheesta\" class=\"ydscr__sc-w5hh4y-0 eOGiSH MinimalHeadlines__Concept-sc-f2811a1-9 ezVWSa\" rel=\"nofollow noopener\" target=\"_blank\">Kansainv\u00e4linen politiikka<\/a><a href=\"https:\/\/yle.fi\/a\/74-20204348\" class=\"MinimalHeadlines__Title-sc-f2811a1-6 eUXYcX visitable-link\" rel=\"nofollow noopener\" target=\"_blank\">IL: Niinist\u00f6 johtaa Euroopan puolustuksesta laadittavaa raporttia \u2013 ilman Yhdysvaltoja<\/a><\/li>\n<li class=\"MinimalHeadlines__TriggeredItem-sc-f2811a1-0 bOTOdX\">20:21<a href=\"https:\/\/yle.fi\/t\/18-327171\/fi\" data-testid=\"minimal-headline-tag\" aria-label=\"Hyvinvointialueet \u2013 Lis\u00e4\u00e4 aiheesta\" class=\"ydscr__sc-w5hh4y-0 eOGiSH MinimalHeadlines__Concept-sc-f2811a1-9 ezVWSa\" rel=\"nofollow noopener\" target=\"_blank\">Hyvinvointialueet<\/a><a href=\"https:\/\/yle.fi\/a\/74-20204252\" class=\"MinimalHeadlines__Title-sc-f2811a1-6 eUXYcX visitable-link\" rel=\"nofollow noopener\" target=\"_blank\">Satakunnan hyvinvointi\u00adalueen ty\u00f6ntekij\u00f6iden arvio ty\u00f6hyvin\u00advoinnista: Paljon my\u00f6nteist\u00e4, joitain taka-askelia<\/a><\/li>\n<li class=\"MinimalHeadlines__TriggeredItem-sc-f2811a1-0 bOTOdX\">20:20<a href=\"https:\/\/yle.fi\/t\/18-219088\/fi\" data-testid=\"minimal-headline-tag\" aria-label=\"Lentopallo \u2013 Lis\u00e4\u00e4 aiheesta\" class=\"ydscr__sc-w5hh4y-0 eOGiSH MinimalHeadlines__Concept-sc-f2811a1-9 ezVWSa\" rel=\"nofollow noopener\" target=\"_blank\">Lentopallo<\/a><a href=\"https:\/\/yle.fi\/a\/74-20204344\" class=\"MinimalHeadlines__Title-sc-f2811a1-6 eUXYcX visitable-link\" rel=\"nofollow noopener\" target=\"_blank\">Lentopallomiesten entinen valmentaja Joel Banks sai j\u00e4lleen potkut \u2013 joukkue liigassa kakkospaikalla<\/a><\/li>\n<li class=\"MinimalHeadlines__TriggeredItem-sc-f2811a1-0 bOTOdX\">20:18<a href=\"https:\/\/yle.fi\/t\/18-205614\/fi\" data-testid=\"minimal-headline-tag\" aria-label=\"Viihde \u2013 Lis\u00e4\u00e4 aiheesta\" class=\"ydscr__sc-w5hh4y-0 eOGiSH MinimalHeadlines__Concept-sc-f2811a1-9 ezVWSa\" rel=\"nofollow noopener\" target=\"_blank\">Viihde<\/a><a href=\"https:\/\/yle.fi\/a\/74-20204261\" class=\"MinimalHeadlines__Title-sc-f2811a1-6 eUXYcX visitable-link\" rel=\"nofollow noopener\" target=\"_blank\">T\u00e4ss\u00e4 he ovat: vuoden 2026 UMK-kilpailijat<\/a><\/li>\n<li class=\"MinimalHeadlines__TriggeredItem-sc-f2811a1-0 bOTOdX\">20:12<a href=\"https:\/\/yle.fi\/t\/18-215452\/fi\" data-testid=\"minimal-headline-tag\" aria-label=\"Luonto \u2013 Lis\u00e4\u00e4 aiheesta\" class=\"ydscr__sc-w5hh4y-0 eOGiSH MinimalHeadlines__Concept-sc-f2811a1-9 ezVWSa\" rel=\"nofollow noopener\" target=\"_blank\">Luonto<\/a><a href=\"https:\/\/yle.fi\/a\/74-20204284\" class=\"MinimalHeadlines__Title-sc-f2811a1-6 eUXYcX visitable-link\" rel=\"nofollow noopener\" target=\"_blank\">Kiistaan karhun mets\u00e4styksest\u00e4 toivotaan ratkaisua korkeimmasta hallinto-oikeudesta<\/a><\/li>\n<li class=\"MinimalHeadlines__TriggeredItem-sc-f2811a1-0 bOTOdX\">20:11<a href=\"https:\/\/yle.fi\/a\/74-20204345\" class=\"MinimalHeadlines__Title-sc-f2811a1-6 eUXYcX visitable-link\" rel=\"nofollow noopener\" target=\"_blank\">Yhdysvallat keskeytt\u00e4\u00e4 maahanmuuttoviisumien my\u00f6nt\u00e4misen 75 maan kansalaisille<\/a><\/li>\n<li class=\"MinimalHeadlines__TriggeredItem-sc-f2811a1-0 bOTOdX\">20:09<a href=\"https:\/\/yle.fi\/t\/18-208149\/fi\" data-testid=\"minimal-headline-tag\" aria-label=\"Kulttuuri \u2013 Lis\u00e4\u00e4 aiheesta\" class=\"ydscr__sc-w5hh4y-0 eOGiSH MinimalHeadlines__Concept-sc-f2811a1-9 ezVWSa\" rel=\"nofollow noopener\" target=\"_blank\">Kulttuuri<\/a><a href=\"https:\/\/yle.fi\/a\/74-20204343\" class=\"MinimalHeadlines__Title-sc-f2811a1-6 eUXYcX visitable-link\" rel=\"nofollow noopener\" target=\"_blank\">Minna Tuunainen on Kajaanin ensimm\u00e4inen kulttuurijohtaja<\/a><\/li>\n<li class=\"MinimalHeadlines__TriggeredItem-sc-f2811a1-0 bOTOdX\">20:08<a href=\"https:\/\/yle.fi\/t\/18-218480\/fi\" data-testid=\"minimal-headline-tag\" aria-label=\"Onnettomuudet \u2013 Lis\u00e4\u00e4 aiheesta\" class=\"ydscr__sc-w5hh4y-0 eOGiSH MinimalHeadlines__Concept-sc-f2811a1-9 ezVWSa\" rel=\"nofollow noopener\" target=\"_blank\">Onnettomuudet<\/a><a href=\"https:\/\/yle.fi\/a\/74-20204342\" class=\"MinimalHeadlines__Title-sc-f2811a1-6 eUXYcX visitable-link\" rel=\"nofollow noopener\" target=\"_blank\">Vioittunut lattial\u00e4mmityksen s\u00e4\u00e4t\u00f6kytkin oli sytytt\u00e4\u00e4 talon tuleen Vaasassa<\/a><\/li>\n<li class=\"MinimalHeadlines__TriggeredItem-sc-f2811a1-0 bOTOdX\">20:04<a href=\"https:\/\/yle.fi\/t\/18-215833\/fi\" data-testid=\"minimal-headline-tag\" aria-label=\"S\u00e4\u00e4 \u2013 Lis\u00e4\u00e4 aiheesta\" class=\"ydscr__sc-w5hh4y-0 eOGiSH MinimalHeadlines__Concept-sc-f2811a1-9 ezVWSa\" rel=\"nofollow noopener\" target=\"_blank\">S\u00e4\u00e4<\/a><a href=\"https:\/\/yle.fi\/a\/74-20204207\" class=\"MinimalHeadlines__Title-sc-f2811a1-6 eUXYcX visitable-link\" rel=\"nofollow noopener\" target=\"_blank\">Sampo Kaulasen luksusvillassa Yll\u00e4ksell\u00e4 selvitet\u00e4\u00e4n kymmenien tuhansien vesivahinkoa, syyn\u00e4 on pakkanen<\/a><\/li>\n<li class=\"MinimalHeadlines__TriggeredItem-sc-f2811a1-0 bOTOdX\">19:57<a href=\"https:\/\/yle.fi\/t\/18-220306\/fi\" data-testid=\"minimal-headline-tag\" aria-label=\"Politiikka \u2013 Lis\u00e4\u00e4 aiheesta\" class=\"ydscr__sc-w5hh4y-0 eOGiSH MinimalHeadlines__Concept-sc-f2811a1-9 ezVWSa\" rel=\"nofollow noopener\" target=\"_blank\">Politiikka<\/a><a href=\"https:\/\/yle.fi\/a\/74-20204304\" class=\"MinimalHeadlines__Title-sc-f2811a1-6 eUXYcX visitable-link\" rel=\"nofollow noopener\" target=\"_blank\">Kymmenen avustajaa kertoo Ylelle kohdanneensa ep\u00e4asiallista kohtelua eduskunnassa<\/a><\/li>\n<li class=\"MinimalHeadlines__TriggeredItem-sc-f2811a1-0 bOTOdX\">19:50<a href=\"https:\/\/yle.fi\/t\/18-218480\/fi\" data-testid=\"minimal-headline-tag\" aria-label=\"Onnettomuudet \u2013 Lis\u00e4\u00e4 aiheesta\" class=\"ydscr__sc-w5hh4y-0 eOGiSH MinimalHeadlines__Concept-sc-f2811a1-9 ezVWSa\" rel=\"nofollow noopener\" target=\"_blank\">Onnettomuudet<\/a><a href=\"https:\/\/yle.fi\/a\/74-20204336\" class=\"MinimalHeadlines__Title-sc-f2811a1-6 eUXYcX visitable-link\" rel=\"nofollow noopener\" target=\"_blank\">Risteyskolarista sairaalaan Kurikassa<\/a><\/li>\n<li class=\"MinimalHeadlines__TriggeredItem-sc-f2811a1-0 bOTOdX\">19:45<a href=\"https:\/\/yle.fi\/t\/18-16104\/fi\" data-testid=\"minimal-headline-tag\" aria-label=\"Nuoret \u2013 Lis\u00e4\u00e4 aiheesta\" class=\"ydscr__sc-w5hh4y-0 eOGiSH MinimalHeadlines__Concept-sc-f2811a1-9 ezVWSa\" rel=\"nofollow noopener\" target=\"_blank\">Nuoret<\/a><a href=\"https:\/\/yle.fi\/a\/74-20204259\" class=\"MinimalHeadlines__Title-sc-f2811a1-6 eUXYcX visitable-link\" rel=\"nofollow noopener\" target=\"_blank\">Orpo harkitsee muiden maiden tavoin sosiaalisen median kieltoa alle 15-vuotiaille, asiantuntijalta karu arvio somesta<\/a><\/li>\n<li class=\"MinimalHeadlines__TriggeredItem-sc-f2811a1-0 bOTOdX\">19:28<a href=\"https:\/\/yle.fi\/t\/18-218480\/fi\" data-testid=\"minimal-headline-tag\" aria-label=\"Onnettomuudet \u2013 Lis\u00e4\u00e4 aiheesta\" class=\"ydscr__sc-w5hh4y-0 eOGiSH MinimalHeadlines__Concept-sc-f2811a1-9 ezVWSa\" rel=\"nofollow noopener\" target=\"_blank\">Onnettomuudet<\/a><a href=\"https:\/\/yle.fi\/a\/74-20204334\" class=\"MinimalHeadlines__Title-sc-f2811a1-6 eUXYcX visitable-link\" rel=\"nofollow noopener\" target=\"_blank\">El\u00e4intenkuljetusauto syttyi liekkeihin Sein\u00e4joella \u2013 menehtyneiden sikojen m\u00e4\u00e4r\u00e4st\u00e4 ei viel\u00e4 tarkkaa tietoa<\/a><\/li>\n<li class=\"MinimalHeadlines__TriggeredItem-sc-f2811a1-0 bOTOdX\">19:24<a href=\"https:\/\/yle.fi\/t\/18-215893\/fi\" data-testid=\"minimal-headline-tag\" aria-label=\"Konfliktit \u2013 Lis\u00e4\u00e4 aiheesta\" class=\"ydscr__sc-w5hh4y-0 eOGiSH MinimalHeadlines__Concept-sc-f2811a1-9 ezVWSa\" rel=\"nofollow noopener\" target=\"_blank\">Konfliktit<\/a><a href=\"https:\/\/yle.fi\/a\/74-20204335\" class=\"MinimalHeadlines__Title-sc-f2811a1-6 eUXYcX visitable-link\" rel=\"nofollow noopener\" target=\"_blank\">J\u00e4rjest\u00f6: Iranissa kuollut yli 3 400 mielenosoittajaa \u2013 kurditaistelijoita tullut maahan<\/a><\/li>\n<li class=\"MinimalHeadlines__TriggeredItem-sc-f2811a1-0 bOTOdX\">\n<p>19:22<\/p>\n<p><a href=\"https:\/\/yle.fi\/t\/18-174627\/fi\" data-testid=\"minimal-headline-tag\" aria-label=\"Pohjanmaa \u2013 Lis\u00e4\u00e4 aiheesta\" class=\"ydscr__sc-w5hh4y-0 eOGiSH MinimalHeadlines__Concept-sc-f2811a1-9 ezVWSa\" rel=\"nofollow noopener\" target=\"_blank\">Pohjanmaa<\/a><a href=\"https:\/\/yle.fi\/a\/74-20203167\" class=\"MinimalHeadlines__Title-sc-f2811a1-6 eUXYcX visitable-link\" rel=\"nofollow noopener\" target=\"_blank\">Ikonisen \u201dkossun\u201d valmistus saattaa loppua, sill\u00e4 v\u00e4kev\u00e4 viina ei en\u00e4\u00e4 maistu<\/a><\/li>\n<\/ol>\n<p>Takaisin sivun alkuun<\/p>\n<ul class=\"GridSystem__GridCell-sc-886966b2-0 Footer__List-sc-fb857fe3-4 juZbVM gANPZE\">\n<li><a href=\"https:\/\/yle.fi\/aihe\/yleisradio\" class=\"Typography-sc-8becf565-0 coXzWz link-accent\" rel=\"nofollow noopener\" target=\"_blank\">Yle yhti\u00f6n\u00e4<\/a><\/li>\n<li><a href=\"https:\/\/yle.fi\/aihe\/yleisradio\/tietosuoja\" class=\"Typography-sc-8becf565-0 coXzWz link-accent\" rel=\"nofollow noopener\" target=\"_blank\">Tietosuojalauseke<\/a><\/li>\n<li><a href=\"https:\/\/yle.fi\/aihe\/a\/20-10008759\" class=\"Typography-sc-8becf565-0 coXzWz link-accent\" rel=\"nofollow noopener\" target=\"_blank\">Saavutettavuusseloste<\/a><\/li>\n<li><a href=\"https:\/\/yle.fi\/aihe\/s\/yleisradio\/evastekaytannot\" class=\"Typography-sc-8becf565-0 coXzWz link-accent\" rel=\"nofollow noopener\" target=\"_blank\">Ev\u00e4stek\u00e4yt\u00e4nn\u00f6t<\/a><\/li>\n<li><a href=\"https:\/\/asiakaspalvelu.yle.fi\" class=\"Typography-sc-8becf565-0 coXzWz link-accent\" rel=\"nofollow noopener\" target=\"_blank\">Asiakaspalvelu<\/a><\/li>\n<li><a href=\"https:\/\/yle.fi\/aihe\/yleisradio\/toihin-ylelle\" class=\"Typography-sc-8becf565-0 coXzWz link-accent\" rel=\"nofollow noopener\" target=\"_blank\">Avoimet ty\u00f6paikat<\/a><\/li>\n<li><a href=\"https:\/\/yle.fi\/aihe\/yleisradio\/ylen-yhteystiedot\" class=\"Typography-sc-8becf565-0 coXzWz link-accent\" rel=\"nofollow noopener\" target=\"_blank\">Ylen perus- ja yhteystiedot<\/a><\/li>\n<\/ul>\n<p><img decoding=\"async\" loading=\"lazy\" src=\"https:\/\/yle.fi\/ukko\/assets\/img\/vastuullista-journalismia.svg\" alt=\"Vastuullista journalismia\" class=\"Footer__JSNBadge-sc-fb857fe3-5 hMDLjs\"\/><a href=\"https:\/\/yle.fi\" rel=\"nofollow noopener\" target=\"_blank\"><\/a><\/p>\n","protected":false},"excerpt":{"rendered":"Hypp\u00e4\u00e4 sis\u00e4lt\u00f6\u00f6nHypp\u00e4\u00e4 sis\u00e4lt\u00f6\u00f6n Etusivu Ven\u00e4j\u00e4n hy\u00f6kk\u00e4ysUMK26Sanapyramidi Hae Valikko Haemme s\u00e4\u00e4tietoja&#8230; Hae Ylen sis\u00e4lt\u00f6j\u00e4 L\u00e4het\u00e4 uutiskuva tai \u2011video Pinnalla&hellip;\n","protected":false},"author":2,"featured_media":74,"comment_status":"","ping_status":"","sticky":false,"template":"","format":"standard","meta":{"footnotes":""},"categories":[133],"tags":[137,33,31,30,8561,32,206,156,906,12646,109],"class_list":{"0":"post-142325","1":"post","2":"type-post","3":"status-publish","4":"format-standard","5":"has-post-thumbnail","7":"category-televisiot","8":"tag-entertainment","9":"tag-fi","10":"tag-finland","11":"tag-finnish","12":"tag-julkistus","13":"tag-suomi","14":"tag-televisiot","15":"tag-tv","16":"tag-umk","17":"tag-umk26","18":"tag-viihde"},"share_on_mastodon":{"url":"https:\/\/pubeurope.com\/@fi\/115895013507077531","error":""},"_links":{"self":[{"href":"https:\/\/www.europesays.com\/fi\/wp-json\/wp\/v2\/posts\/142325","targetHints":{"allow":["GET"]}}],"collection":[{"href":"https:\/\/www.europesays.com\/fi\/wp-json\/wp\/v2\/posts"}],"about":[{"href":"https:\/\/www.europesays.com\/fi\/wp-json\/wp\/v2\/types\/post"}],"author":[{"embeddable":true,"href":"https:\/\/www.europesays.com\/fi\/wp-json\/wp\/v2\/users\/2"}],"replies":[{"embeddable":true,"href":"https:\/\/www.europesays.com\/fi\/wp-json\/wp\/v2\/comments?post=142325"}],"version-history":[{"count":0,"href":"https:\/\/www.europesays.com\/fi\/wp-json\/wp\/v2\/posts\/142325\/revisions"}],"wp:featuredmedia":[{"embeddable":true,"href":"https:\/\/www.europesays.com\/fi\/wp-json\/wp\/v2\/media\/74"}],"wp:attachment":[{"href":"https:\/\/www.europesays.com\/fi\/wp-json\/wp\/v2\/media?parent=142325"}],"wp:term":[{"taxonomy":"category","embeddable":true,"href":"https:\/\/www.europesays.com\/fi\/wp-json\/wp\/v2\/categories?post=142325"},{"taxonomy":"post_tag","embeddable":true,"href":"https:\/\/www.europesays.com\/fi\/wp-json\/wp\/v2\/tags?post=142325"}],"curies":[{"name":"wp","href":"https:\/\/api.w.org\/{rel}","templated":true}]}}