{"id":142326,"date":"2026-01-14T19:05:06","date_gmt":"2026-01-14T19:05:06","guid":{"rendered":"https:\/\/www.europesays.com\/fi\/142326\/"},"modified":"2026-01-14T19:05:06","modified_gmt":"2026-01-14T19:05:06","slug":"tarotin-kiertueeseen-mutkia-matkaan-kuluvan-viikon-keikat-siirtyvat","status":"publish","type":"post","link":"https:\/\/www.europesays.com\/fi\/142326\/","title":{"rendered":"Tarotin kiertueeseen mutkia matkaan: kuluvan viikon keikat siirtyv\u00e4t"},"content":{"rendered":"<p>Legendaarinen <strong>Tarot <\/strong>aloitti <a href=\"https:\/\/www.inferno.fi\/live\/legendaarista-tarot-tampereella-raportti-ja-kuvat\/\" target=\"_blank\" rel=\"noreferrer noopener nofollow\">2. tammikuuta Tampereelta<\/a> 40-vuotisjuhlakiertueen, joka p\u00e4\u00e4ttyy 24.1. Helsingin Kultsalle. Nyt kiertueeseen on kuitenkin tullut muutos ja yhtye joutuu perumaan huomisen (15.1.) keikkansa Jyv\u00e4skyl\u00e4ss\u00e4, perjantaisen (16.1.) esiintymisens\u00e4 Joensuussa sek\u00e4 lauantaille (17.1.) kaavaillun keikan Savonlinnassa sairastapauksen vuoksi.<\/p>\n<p>Nyt peruuntuneille kolmelle keikalle etsit\u00e4\u00e4n kuitenkin yhtyeen mukaan \u201dkuumeisesti\u201d uusia p\u00e4iv\u00e4m\u00e4\u00e4ri\u00e4 ja ne julkistetaan heti niiden varmistuttua. Jo ostetut liput k\u00e4yv\u00e4t uusille p\u00e4iv\u00e4m\u00e4\u00e4rille sellaisenaan. Lippujen palautuksesta voi kysell\u00e4 tarkemmin keikkapaikoista ja\/tai keikkapaikkojen lipunmyyntikanavista.<\/p>\n<p>Lue my\u00f6s: <a href=\"https:\/\/www.inferno.fi\/live\/legendaarista-tarot-tampereella-raportti-ja-kuvat\/\" title=\"Legendaarista \u2013 Tarot Tampereella, raportti ja kuvat\" class=\"underline-custom !font-montserrat !font-bold !underline-offset-4 !decoration-4 !decoration-red-600 !text-md\" rel=\"nofollow noopener\" target=\"_blank\">Legendaarista \u2013 Tarot Tampereella, raportti ja kuvat<\/a><\/p>\n<p>Lue my\u00f6s: <a href=\"https:\/\/www.inferno.fi\/uutiskirje\/\" title=\"Tilaa Infernon uutiskirje\" class=\"underline-custom !font-montserrat !font-bold !underline-offset-4 !decoration-4 !decoration-red-600 !text-md\" rel=\"nofollow noopener\" target=\"_blank\">Tilaa Infernon uutiskirje ja tied\u00e4t mist\u00e4 kahvitauolla puhutaan! Nappaa raskaan musiikin uutiset ja puheenaiheet suoraan s\u00e4hk\u00f6postiin t\u00e4st\u00e4.<\/a><\/p>\n","protected":false},"excerpt":{"rendered":"Legendaarinen Tarot aloitti 2. tammikuuta Tampereelta 40-vuotisjuhlakiertueen, joka p\u00e4\u00e4ttyy 24.1. Helsingin Kultsalle. Nyt kiertueeseen on kuitenkin tullut muutos&hellip;\n","protected":false},"author":2,"featured_media":133170,"comment_status":"","ping_status":"","sticky":false,"template":"","format":"standard","meta":{"footnotes":""},"categories":[132],"tags":[137,33,31,30,195,47,19443,32,109],"class_list":{"0":"post-142326","1":"post","2":"type-post","3":"status-publish","4":"format-standard","5":"has-post-thumbnail","7":"category-musiikki","8":"tag-entertainment","9":"tag-fi","10":"tag-finland","11":"tag-finnish","12":"tag-music","13":"tag-musiikki","14":"tag-sairastapaus","15":"tag-suomi","16":"tag-viihde"},"share_on_mastodon":{"url":"https:\/\/pubeurope.com\/@fi\/115895017316402320","error":""},"_links":{"self":[{"href":"https:\/\/www.europesays.com\/fi\/wp-json\/wp\/v2\/posts\/142326","targetHints":{"allow":["GET"]}}],"collection":[{"href":"https:\/\/www.europesays.com\/fi\/wp-json\/wp\/v2\/posts"}],"about":[{"href":"https:\/\/www.europesays.com\/fi\/wp-json\/wp\/v2\/types\/post"}],"author":[{"embeddable":true,"href":"https:\/\/www.europesays.com\/fi\/wp-json\/wp\/v2\/users\/2"}],"replies":[{"embeddable":true,"href":"https:\/\/www.europesays.com\/fi\/wp-json\/wp\/v2\/comments?post=142326"}],"version-history":[{"count":0,"href":"https:\/\/www.europesays.com\/fi\/wp-json\/wp\/v2\/posts\/142326\/revisions"}],"wp:featuredmedia":[{"embeddable":true,"href":"https:\/\/www.europesays.com\/fi\/wp-json\/wp\/v2\/media\/133170"}],"wp:attachment":[{"href":"https:\/\/www.europesays.com\/fi\/wp-json\/wp\/v2\/media?parent=142326"}],"wp:term":[{"taxonomy":"category","embeddable":true,"href":"https:\/\/www.europesays.com\/fi\/wp-json\/wp\/v2\/categories?post=142326"},{"taxonomy":"post_tag","embeddable":true,"href":"https:\/\/www.europesays.com\/fi\/wp-json\/wp\/v2\/tags?post=142326"}],"curies":[{"name":"wp","href":"https:\/\/api.w.org\/{rel}","templated":true}]}}