{"id":142329,"date":"2026-01-14T19:09:10","date_gmt":"2026-01-14T19:09:10","guid":{"rendered":"https:\/\/www.europesays.com\/fi\/142329\/"},"modified":"2026-01-14T19:09:10","modified_gmt":"2026-01-14T19:09:10","slug":"tassa-he-ovat-vuoden-2026-umk-kilpailijat-umk","status":"publish","type":"post","link":"https:\/\/www.europesays.com\/fi\/142329\/","title":{"rendered":"T\u00e4ss\u00e4 he ovat: vuoden 2026 UMK-kilpailijat | UMK"},"content":{"rendered":"<p class=\"aw-1gybjub aw-1p7kakr kEtdKx cEmitX yle__article__paragraph\">Vuoden 2026 artistit ovat nyt julki. Artistit julkistettiin suorassa TV-l\u00e4hetyksess\u00e4 keskiviikkoiltana. Voit katsoa ohjelman my\u00f6s j\u00e4lkik\u00e4teen suomeksi <a class=\"aw-iao6s4 iHOxEa yle__article__link\" href=\"https:\/\/areena.yle.fi\/1-73880444\" role=\"link\" rel=\"nofollow noopener\" target=\"_blank\">t\u00e4st\u00e4<\/a> ja englanniksi <a class=\"aw-iao6s4 iHOxEa yle__article__link\" href=\"https:\/\/areena.yle.fi\/1-76770659\" role=\"link\" rel=\"nofollow noopener\" target=\"_blank\">t\u00e4st\u00e4<\/a>.<\/p>\n<p class=\"aw-1gybjub aw-1p7kakr kEtdKx cEmitX yle__article__paragraph\">Kaikki UMK-kappaleet ja niiden musiikkivideot julkaistaan arkisin 15.-23.1.2026 keskiy\u00f6ll\u00e4. Biisit ovat kuunneltavissa artistien omina biisip\u00e4ivin\u00e4 keskiy\u00f6st\u00e4 l\u00e4htien Yle Areenassa, YouTubessa, Spotifyssa sek\u00e4 muissa musiikin suoratoistopalveluissa.<\/p>\n<p class=\"aw-1gybjub aw-1p7kakr kEtdKx cEmitX yle__article__paragraph\">Julkaisemme my\u00f6s tausta-artikkelin jokaisesta kilpailijasta heid\u00e4n omana julkaisup\u00e4iv\u00e4n\u00e4\u00e4n.<\/p>\n<p class=\"aw-1gybjub aw-1p7kakr kEtdKx cEmitX yle__article__paragraph\">Esittelemme artistit kappaleiden julkaisuj\u00e4rjestyksess\u00e4.<\/p>\n<p>UMK26-biisien julkaisup\u00e4iv\u00e4t:<\/p>\n<ul class=\"aw-1jjocuh iJTSwP yle__article__list yle__article__list--ul\">\n<li class=\"aw-1j7gwms gNYKfi\">to 15.1: <strong class=\"aw-ak79eh KyCXm yle__article__strong\">Etta<\/strong> <strong class=\"aw-ak79eh KyCXm yle__article__strong\">\u2013<\/strong> Million Dollar Smile<\/li>\n<li class=\"aw-1j7gwms gNYKfi\">pe 16.1: <strong class=\"aw-ak79eh KyCXm yle__article__strong\">Linda Lampenius x Pete Parkkonen<\/strong> <strong class=\"aw-ak79eh KyCXm yle__article__strong\">\u2013 Liekinheitin<\/strong><\/li>\n<li class=\"aw-1j7gwms gNYKfi\">ma 19.1: <strong class=\"aw-ak79eh KyCXm yle__article__strong\">Komiat<\/strong> \u2013 Lululai<\/li>\n<li class=\"aw-1j7gwms gNYKfi\">ti 20.1: <strong class=\"aw-ak79eh KyCXm yle__article__strong\">Sinikka Monte<\/strong> \u2013 Ready To Leave<\/li>\n<li class=\"aw-1j7gwms gNYKfi\">ke 21.1: <strong class=\"aw-ak79eh KyCXm yle__article__strong\">Antti Paalanen<\/strong> \u2013 Takatukka<\/li>\n<li class=\"aw-1j7gwms gNYKfi\">to 22.1: <strong class=\"aw-ak79eh KyCXm yle__article__strong\">CHACHI<\/strong> \u2013 Cherry Cake<\/li>\n<li class=\"aw-1j7gwms gNYKfi\">pe 23.1: <strong class=\"aw-ak79eh KyCXm yle__article__strong\">KIKI<\/strong> \u2013 Rakkaudenkipee<\/li>\n<\/ul>\n<p>Etta \u2013 Million Dollar Smile<img decoding=\"async\" alt=\"Artisti Etta poseeraa UMK-artistikuvassa.\" src=\"https:\/\/www.europesays.com\/fi\/wp-content\/uploads\/2026\/01\/39-158133969679ac0257ba.png\" loading=\"lazy\" class=\"aw-1l9m598 hKVVvP\"\/><\/p>\n<p>Avaa kuvien katselu<\/p>\n<p>Etta kilpailee UMK:ssa kappaleellaan \u201dMillion Dollar Smile\u201d. Kuva: Miska Voinoff \/ Yle<\/p>\n<p class=\"aw-1gybjub aw-1p7kakr kEtdKx cEmitX yle__article__paragraph\"><strong class=\"aw-ak79eh KyCXm yle__article__strong\">Etta<\/strong>, oikealta nimelt\u00e4\u00e4n <strong class=\"aw-ak79eh KyCXm yle__article__strong\">Emmalotta Kanth<\/strong>, kuvailee itse\u00e4\u00e4n laulajaksi, r\u00e4pp\u00e4riksi ja suorapuheiseksi tunteiden k\u00e4sittelij\u00e4ksi, jonka tarina on kulkenut Vantaan l\u00e4hi\u00f6ist\u00e4 Suomen isoimmille lavoille. H\u00e4n varttui yksinhuoltaja\u00e4idin kasvattamana yhdess\u00e4 nelj\u00e4n vanhemman sisaruksensa kanssa.<\/p>\n<p class=\"aw-1gybjub aw-1p7kakr kEtdKx cEmitX yle__article__paragraph\">Lapsuus oli t\u00e4ynn\u00e4 musiikkia: kotona soi aina musa, vanhemmat veljet olivat todella musikaalisia ja suvun juhlissa pienin sisarus laitettiin aina laulamaan. Koulussa h\u00e4n vietti p\u00e4iv\u00e4ns\u00e4 musaluokassa laulaen ja poikkihuilua soittaen.<\/p>\n<p class=\"aw-1gybjub aw-1p7kakr kEtdKx cEmitX yle__article__paragraph\">\u2013 M\u00e4 en valinnut musaa, musa valitsi mut, Etta kuvailee.<\/p>\n<p class=\"aw-1gybjub aw-1p7kakr kEtdKx cEmitX yle__article__paragraph\">Debyyttisingle Ballerina (2018) teki Etasta nopeasti yhden Suomen kiinnostavimmista uusista artisteista. H\u00e4n sanoo joutuneensa tekem\u00e4\u00e4n kolminkertaisen m\u00e4\u00e4r\u00e4n t\u00f6it\u00e4 saadakseen saman arvostuksen kuin miespuoliset kollegat.<\/p>\n<p class=\"aw-1gybjub aw-1p7kakr kEtdKx cEmitX yle__article__paragraph\">\u2013 Mut on lokeroitu v\u00e4lill\u00e4 naisr\u00e4pp\u00e4riksi, v\u00e4lill\u00e4 poppariksi. Mutta oikeesti m\u00e4 oon artisti. Se ett\u00e4 pystyn sek\u00e4 r\u00e4pp\u00e4\u00e4m\u00e4\u00e4n ett\u00e4 laulamaan, on mun supervoima, Etta sanoo.<\/p>\n<p class=\"aw-1gybjub aw-1p7kakr kEtdKx cEmitX yle__article__paragraph\">Isoimmat haavat Etta purki vasta vuonna 2023 julkaistussa Demoneista yst\u00e4vii -kappaleessa ja seuraavana vuonna T\u00e4htisumua-albumillaan.<\/p>\n<p class=\"aw-1gybjub aw-1p7kakr kEtdKx cEmitX yle__article__paragraph\">\u2013 Demoneista yst\u00e4vii oli eka biisi, jossa uskalsin olla ihan paljaana. Sen j\u00e4lkeen tajusin, ett\u00e4 mit\u00e4 henkil\u00f6kohtaisemman kappaleen kirjoitan, sit\u00e4 universaalimpi siit\u00e4 tulee, Etta kommentoi.<\/p>\n<p class=\"aw-1gybjub aw-1p7kakr kEtdKx cEmitX yle__article__paragraph\">Vuonna 2024 Etta p\u00e4\u00e4tyi l\u00e4mmittelij\u00e4ksi PMMP:n areenakiertueelle \u2013 b\u00e4ndin kanssa, jota h\u00e4n oli kuunnellut jo lapsena.<\/p>\n<p class=\"aw-1gybjub aw-1p7kakr kEtdKx cEmitX yle__article__paragraph\"><strong class=\"aw-ak79eh KyCXm yle__article__strong\">UMK26-raadin perustelut:<\/strong><\/p>\n<p class=\"aw-1gybjub aw-1p7kakr kEtdKx cEmitX yle__article__paragraph\">\u2013 Etta on Suomen kuunnelluimpia pop-t\u00e4hti\u00e4, joka hallitsee niin r\u00e4pp\u00e4\u00e4misen kuin kauniisti soivat kertsit. T\u00e4m\u00e4 biisi tarjoileekin molempia sek\u00e4 todella hitikk\u00e4\u00e4n kuuloisen kertos\u00e4keen, jossa on hyv\u00e4 annos euroviisumaisuutta. Hidastempoinen, mutta eritt\u00e4in tanssittava poljento tuo mieleen ruotsalaisten tuottamat 90-luvun isoimmat pop-biisit. Biisin voi hyvin kuvitella soivan t\u00e4n\u00e4 vuonna isosti niin radioissa kuin kes\u00e4n festareillakin.<\/p>\n<p class=\"aw-1gybjub aw-1p7kakr kEtdKx cEmitX yle__article__paragraph\">Million Dollar Smile julkaistaan torstaina 15.1. klo 00.00.<\/p>\n<p>Katso Ettan haastattelu artistijulkistustilaisuudestaLinda Lampenius &amp; Pete Parkkonen \u2013 Liekinheitin<img decoding=\"async\" alt=\"Pete Parkkonen ja Linda Lampenius UMK-artistikuvassa.\" src=\"https:\/\/www.europesays.com\/fi\/wp-content\/uploads\/2026\/01\/39-158134169679ac187a03.png\" loading=\"lazy\" class=\"aw-1l9m598 hKVVvP\"\/><\/p>\n<p>Avaa kuvien katselu<\/p>\n<p>Linda Lampenius &amp; Pete Parkkonen kilpailevat UMK:ssa kappaleellaan \u201dLiekinheitin\u201d. Kuva: Miska Voinoff \/ Yle<\/p>\n<p class=\"aw-1gybjub aw-1p7kakr kEtdKx cEmitX yle__article__paragraph\">Popt\u00e4hti <strong class=\"aw-ak79eh KyCXm yle__article__strong\">Pete Parkkonen<\/strong> ja kansainv\u00e4lisill\u00e4 areenoilla loistanut viulistilegenda <strong class=\"aw-ak79eh KyCXm yle__article__strong\">Linda Lampenius<\/strong> muodostavat yhdess\u00e4 n\u00e4ytt\u00e4v\u00e4n UMK-duon.<\/p>\n<p class=\"aw-1gybjub aw-1p7kakr kEtdKx cEmitX yle__article__paragraph\">Vasta hetki sitten yhteisty\u00f6n aloittaneiden artistien urapolut ovat olleet hyvin erilaiset, mutta molempia yhdist\u00e4\u00e4 syv\u00e4 rakkaus musiikkiin ja esiintymiseen.<\/p>\n<p class=\"aw-1gybjub aw-1p7kakr kEtdKx cEmitX yle__article__paragraph\">\u2013 Meill\u00e4 on molemmilla se fiilis, ett\u00e4 lava on meid\u00e4n koti. Kun astutaan sinne, me omistetaan se paikka, Parkkonen sanoo.<\/p>\n<p class=\"aw-1gybjub aw-1p7kakr kEtdKx cEmitX yle__article__paragraph\">Linda Lampenius tunnetaan maailmalla ennen kaikkea klassisena viulistina.<\/p>\n<p class=\"aw-1gybjub aw-1p7kakr kEtdKx cEmitX yle__article__paragraph\">Kahdeksanvuotiaana h\u00e4n p\u00e4\u00e4si The Helsinki Junior Strings -orkesteriin ja kiersi jo teini-ik\u00e4isen\u00e4 Pohjois-Amerikassa, Euroopassa sek\u00e4 Aasiassa. My\u00f6hemmin <strong class=\"aw-ak79eh KyCXm yle__article__strong\">Andrew Lloyd Webber<\/strong> pyysi h\u00e4net henkil\u00f6kohtaisesti solistiksi teokseensa Englannissa, ja EMI Classicsin julkaisema klassinen soololevy teki h\u00e4nest\u00e4 aikansa myydyimm\u00e4n suomalaisen klassisen artistin.<\/p>\n<p class=\"aw-1gybjub aw-1p7kakr kEtdKx cEmitX yle__article__paragraph\">Samalla vuosikymmenell\u00e4 kansainv\u00e4linen media nosti vahvasti esiin my\u00f6s Lampeniuksen pop- ja Baywatch-kuvaa. Klassisen musiikin levy-yhti\u00f6 vaati samaa seksikkyytt\u00e4 kuin viihdemaailma.<\/p>\n<p class=\"aw-1gybjub aw-1p7kakr kEtdKx cEmitX yle__article__paragraph\">2020-luvulla Lampenius teki n\u00e4ytt\u00e4v\u00e4n paluun Suomessa. Vuoden 2025 UMK:n Shanghain valot -v\u00e4liaikanumero ker\u00e4si valtavasti huomiota, ja erityisesti nuorempi yleis\u00f6 l\u00f6ysi h\u00e4net uudelleen.<\/p>\n<p class=\"aw-1gybjub aw-1p7kakr kEtdKx cEmitX yle__article__paragraph\">Monipuolista uraa uurtanut Pete Parkkonen on kasvanut artistiksi b\u00e4ndien ja keikkalavojen kautta. Parkkonen aloitti rumpalina jo lapsena ja p\u00e4\u00e4tyi teinivuosina laulajaksi, kun yst\u00e4vien b\u00e4ndin solisti ei yhten\u00e4 p\u00e4iv\u00e4n\u00e4 p\u00e4\u00e4ssyt treeneihin.<\/p>\n<p class=\"aw-1gybjub aw-1p7kakr kEtdKx cEmitX yle__article__paragraph\">Suurelle yleis\u00f6lle Parkkonen tuli tutuksi Idols-laulukilpailusta, jossa h\u00e4n sijoittui kolmanneksi vuonna 2008. Sen j\u00e4lkeen h\u00e4n on julkaissut useita albumeja, kiert\u00e4nyt l\u00e4hes kaikki Suomen klubit ja festarilavat, ja vakiinnuttanut asemansa suomalaisena pop- ja soul-artistina. Vuonna 2014 Parkkonen voitti Tanssii t\u00e4htien kanssa -ohjelman yhdess\u00e4 <strong class=\"aw-ak79eh KyCXm yle__article__strong\">Katri M\u00e4kisen<\/strong> kanssa.<\/p>\n<p class=\"aw-1gybjub aw-1p7kakr kEtdKx cEmitX yle__article__paragraph\">Vuonna 2018 ilmestynyt albumi PETE ylitti platinarajan, ja sen hitit kuten Mit\u00e4 m\u00e4 teen feat. <strong class=\"aw-ak79eh KyCXm yle__article__strong\">JVG<\/strong> sek\u00e4 Kohta sataa virittiv\u00e4t Parkkosen aseman suomalaisten pop- ja soul-artistien ter\u00e4vimp\u00e4\u00e4n k\u00e4rkeen. Vuonna 2020 ilmestyneet singlet Voimaa ja valoa ja Portaat toivat Parkkoselle lis\u00e4\u00e4 radiosoittoa, ja vuonna 2022 julkaistu Oon t\u00e4ss\u00e4 vahvisti h\u00e4nen asemaansa tunteikkaan ja suuresti yleis\u00f6\u00f6n vetoavan popin tulkitsijana.<\/p>\n<p class=\"aw-1gybjub aw-1p7kakr kEtdKx cEmitX yle__article__paragraph\"><strong class=\"aw-ak79eh KyCXm yle__article__strong\">UMK26-raadin perustelut:<\/strong><\/p>\n<p class=\"aw-1gybjub aw-1p7kakr kEtdKx cEmitX yle__article__paragraph\">\u2013 T\u00e4ss\u00e4 on kahden hyvin erilaisen artistin loistavasti toimiva duetto. Laulun ja viulun hieno vuoropuhelu sek\u00e4 sit\u00e4 ymp\u00e4r\u00f6iv\u00e4, sopivalla tavalla kreisi, tuotanto pit\u00e4v\u00e4t intensiivisesti hyppysiss\u00e4 koko kolme minuuttia huipentuen huimaan kliimaksiin. Pete ja Linda molemmat kuulostavat upeilta omilla instrumenteillaan. Liekinheitin on samaan aikaan rohkea ja yll\u00e4tt\u00e4v\u00e4, mutta suoraviivainen ja helposti mukaansa nappaava kappale.<\/p>\n<p class=\"aw-1gybjub aw-1p7kakr kEtdKx cEmitX yle__article__paragraph\">Liekinheitin julkaistaan perjantaina 16.1. klo 00.00.<\/p>\n<p>Katso Linda Lampeniuksen ja Pete Parkkosen haastattelu artistijulkistustilaisuudestaKomiat \u2013 Lululai<img decoding=\"async\" alt=\"Komiat-yhtye hymyilee UMK-artistikuvassa.\" src=\"https:\/\/www.europesays.com\/fi\/wp-content\/uploads\/2026\/01\/39-158134269679ac1f020e.png\" loading=\"lazy\" class=\"aw-1l9m598 hKVVvP\"\/><\/p>\n<p>Avaa kuvien katselu<\/p>\n<p>Komiat kilpailee UMK:ssa kappaleellaan \u201dLululai\u201d. Kuva: Miska Voinoff \/ Yle<\/p>\n<p class=\"aw-1gybjub aw-1p7kakr kEtdKx cEmitX yle__article__paragraph\">Komiat-yhtye koostuu laulaja <strong class=\"aw-ak79eh KyCXm yle__article__strong\">Aleksi Yli-Sissalasta<\/strong>, kitaristi-laulaja <strong class=\"aw-ak79eh KyCXm yle__article__strong\">Samuel J\u00e4rvisest\u00e4<\/strong>, harmonikansoittaja <strong class=\"aw-ak79eh KyCXm yle__article__strong\">Antero Lindenist\u00e4<\/strong>, rumpali <strong class=\"aw-ak79eh KyCXm yle__article__strong\">Eero Nummelasta<\/strong> ja basisti <strong class=\"aw-ak79eh KyCXm yle__article__strong\">Juho Eskolasta<\/strong>.<\/p>\n<p class=\"aw-1gybjub aw-1p7kakr kEtdKx cEmitX yle__article__paragraph\">Jokaisen j\u00e4senen tausta on erilainen, mutta yhdess\u00e4 he muodostavat yhtyeen, jonka musiikkia he itse kuvaavat \u201csuoraviivaiseksi haitarihumpaksi hyv\u00e4ll\u00e4 fiiliksell\u00e4\u201d.<\/p>\n<p class=\"aw-1gybjub aw-1p7kakr kEtdKx cEmitX yle__article__paragraph\">\u2013 Meid\u00e4n musiikki ja keikat ovat oiva tapa irtautua hetkeksi arjen py\u00f6rteest\u00e4. S\u00e4 voit vaan hengitt\u00e4\u00e4, olla l\u00e4sn\u00e4 ja nauttia hetkest\u00e4, Eskola kuvailee.<\/p>\n<p class=\"aw-1gybjub aw-1p7kakr kEtdKx cEmitX yle__article__paragraph\">Nyt b\u00e4ndi t\u00e4ht\u00e4\u00e4 tanssilavoilta kohti Suomen suurimman musiikkishow\u2019n voittoa.<\/p>\n<p class=\"aw-1gybjub aw-1p7kakr kEtdKx cEmitX yle__article__paragraph\">Komiat syntyi 2010-luvun keskitienoilla ideasta perustaa haitarivetoinen tanssimusiikkiyhtye, joka tekisi perinteist\u00e4 iskelm\u00e4\u00e4 ilman turhaa kikkailua. Vuonna 2016 sovittiin ensimm\u00e4iset soitettavat lainabiisit, ja hein\u00e4kuussa 2017 b\u00e4ndi soitti ensimm\u00e4isen keikkansa.<\/p>\n<p class=\"aw-1gybjub aw-1p7kakr kEtdKx cEmitX yle__article__paragraph\">Nopea nousu alkoi 2018, kun Komiat voitti tanssiorkestereiden SM-kilpailun Tangomarkkinoilla. Se toi n\u00e4kyvyytt\u00e4, lis\u00e4\u00e4 keikkoja ja yhteisty\u00f6n s\u00e4velt\u00e4j\u00e4 <strong class=\"aw-ak79eh KyCXm yle__article__strong\">Esa Niemisen<\/strong> kanssa.<\/p>\n<p class=\"aw-1gybjub aw-1p7kakr kEtdKx cEmitX yle__article__paragraph\">Vuosina 2022\u20132024 syntyiv\u00e4t hittikappaleet Pakka sekaisin, Soittajat soittaa ja Min\u00e4h\u00e4n vien. Vuonna 2025 julkaistun Kaihosielu-albumin isoin hitti oli albumin nime\u00e4 kantava kappale Kaihosielu, joka on striimannut platinaa, viihtynyt radioiden soittolistoilla yli puoli vuotta ja ollut parhaimmillaan Suomen nelj\u00e4nneksi eniten soitettu kappale.<\/p>\n<p class=\"aw-1gybjub aw-1p7kakr kEtdKx cEmitX yle__article__paragraph\">Viime vuosien suurin merkkipaalu oli esiintyminen <strong class=\"aw-ak79eh KyCXm yle__article__strong\">Katri Helena<\/strong>n stadionkonsertissa kes\u00e4ll\u00e4 2025.<\/p>\n<p class=\"aw-1gybjub aw-1p7kakr kEtdKx cEmitX yle__article__paragraph\">Vuonna 2025 Komiat noteerattiin my\u00f6s nelj\u00e4ll\u00e4 Emma-ehdokkuudella ja palkittiin Kullervo Linna -palkinnolla.<\/p>\n<p class=\"aw-1gybjub aw-1p7kakr kEtdKx cEmitX yle__article__paragraph\"><strong class=\"aw-ak79eh KyCXm yle__article__strong\">UMK26-raadin perustelut:<\/strong><\/p>\n<p class=\"aw-1gybjub aw-1p7kakr kEtdKx cEmitX yle__article__paragraph\">\u2013 Kovassa nousukiidossa oleva Komiat tuo UMK:hon oman positiivinen meininkins\u00e4. UMK:ssa ei ole ennen kuultu tanssilavojen iskelm\u00e4\u00e4, mutta nyt aika tuntuu olevan oikea niin trendien kuin b\u00e4ndin suosion puolesta. Biisist\u00e4 l\u00f6ytyy komea yhteislaulu-momentti ensi kes\u00e4n festareille, miss\u00e4 Komioiden voisi kuvitella esiintyv\u00e4n entist\u00e4 isommilla lavoilla. Kokonaisuuden viimeistelee sopivasti universaali kertos\u00e4e, joka sopii mit\u00e4 tahansa kielt\u00e4 puhuvan suuhun.<\/p>\n<p class=\"aw-1gybjub aw-1p7kakr kEtdKx cEmitX yle__article__paragraph\">Lululai julkaistaan maanantaina 19.1. klo 00.00.<\/p>\n<p>Katso Komiat-yhtyeen haastattelu artistijulkistustilaisuudestaSinikka Monte \u2013 Ready To Leave<img decoding=\"async\" alt=\"Artisti Sinikka Monte UMK-artistikuvassa.\" src=\"https:\/\/www.europesays.com\/fi\/wp-content\/uploads\/2026\/01\/39-158134069679ac038969.png\" loading=\"lazy\" class=\"aw-1l9m598 hKVVvP\"\/><\/p>\n<p>Avaa kuvien katselu<\/p>\n<p>Sinikka Monte kilpailee UMK:ssa kappaleellaan \u201dReady to Leave\u201d. Kuva: Miska Voinoff \/ Yle<\/p>\n<p class=\"aw-1gybjub aw-1p7kakr kEtdKx cEmitX yle__article__paragraph\">UMK-kilpailija <strong class=\"aw-ak79eh KyCXm yle__article__strong\">Sinikka Monte<\/strong> on 23-vuotias artisti, jonka juuret ulottuvat kolmeen maahan ja kulttuuriin. H\u00e4n syntyi Skotlannissa, kasvoi It\u00e4vallassa ja on puoliksi suomalainen, puoliksi etel\u00e4afrikkalainen.<\/p>\n<p class=\"aw-1gybjub aw-1p7kakr kEtdKx cEmitX yle__article__paragraph\">\u2013 Olen ihan \u00e4lytt\u00f6m\u00e4n ylpe\u00e4 siit\u00e4, ett\u00e4 osaan puhua suomea. Niin vaikean kielen osaaminen tuntuu supervoimalta, Monte nauraa.<\/p>\n<p class=\"aw-1gybjub aw-1p7kakr kEtdKx cEmitX yle__article__paragraph\">Monte sanoo tekev\u00e4ns\u00e4 musiikkia \u201cihmisille, jotka ovat surullisia ja tarvitsevat halauksen\u201d.<\/p>\n<p class=\"aw-1gybjub aw-1p7kakr kEtdKx cEmitX yle__article__paragraph\">H\u00e4nen UMK-kappaleensa Ready to leave on tumma, elokuvamainen balladi, jossa elet\u00e4\u00e4n kipe\u00e4\u00e4 hetke\u00e4: suhde on jatkunut liian pitk\u00e4\u00e4n, kunnes j\u00e4ljell\u00e4 on en\u00e4\u00e4 katkeruus ja irti p\u00e4\u00e4st\u00e4minen.<\/p>\n<p class=\"aw-1gybjub aw-1p7kakr kEtdKx cEmitX yle__article__paragraph\">Sinikan perheess\u00e4 ei ollut muusikoita, mutta esiintyminen kiinnosti jo lapsuudessa. H\u00e4n tanssi balettia 5-vuotiaasta teini-ik\u00e4\u00e4n, ja esiintyminen lavalla tuntui nopeasti oikealta paikalta.<\/p>\n<p class=\"aw-1gybjub aw-1p7kakr kEtdKx cEmitX yle__article__paragraph\">Baletin j\u00e4lkeen painopiste siirtyi lauluun. Varsinainen debyyttisingle It Ain\u2019t You ilmestyi vuonna 2019. Sen j\u00e4lkeen syntyi toinen single Play Pretend, ja rinnalle l\u00f6ytyi pitk\u00e4aikainen luottotuottaja, <strong class=\"aw-ak79eh KyCXm yle__article__strong\">Florian \u201cFlo\u201d Spies<\/strong>.<\/p>\n<p class=\"aw-1gybjub aw-1p7kakr kEtdKx cEmitX yle__article__paragraph\">Sinikka kuvailee itse\u00e4\u00e4n tunteelliseksi artistiksi, jolle musiikki toimii terapiana. Useimmat biisit syntyv\u00e4t niin, ett\u00e4 h\u00e4n kirjoittaa ensin itselleen ja vasta my\u00f6hemmin ajattelee kuulijaa.<\/p>\n<p class=\"aw-1gybjub aw-1p7kakr kEtdKx cEmitX yle__article__paragraph\">Uran vaikeimmat hetket ovat liittyneet ep\u00e4varmuuteen ja vertailuun, jotka ovat v\u00e4lill\u00e4 sy\u00f6neet kirjoitusiloa. Silti h\u00e4n tiet\u00e4\u00e4 tarkalleen, kenelle haluaa musiikkia tehd\u00e4.<\/p>\n<p class=\"aw-1gybjub aw-1p7kakr kEtdKx cEmitX yle__article__paragraph\">Monte kutsuu tyyli\u00e4\u00e4n \u201ccrying in the club\u201d -fiilikseksi: kappaleet voivat olla surullisia, mutta niit\u00e4 pit\u00e4\u00e4 voida tanssia kyynel silm\u00e4kulmassa.<\/p>\n<p class=\"aw-1gybjub aw-1p7kakr kEtdKx cEmitX yle__article__paragraph\">Monelle suomalaiselle Sinikka on ennen UMK:ta ollut tuntematon. Nyt asiaan on tulossa muutos.<\/p>\n<p class=\"aw-1gybjub aw-1p7kakr kEtdKx cEmitX yle__article__paragraph\"><strong class=\"aw-ak79eh KyCXm yle__article__strong\">UMK26-raadin perustelut:<\/strong><\/p>\n<p class=\"aw-1gybjub aw-1p7kakr kEtdKx cEmitX yle__article__paragraph\">\u2013 T\u00e4ss\u00e4 on todella kansainv\u00e4lisen kuuloinen kokonaisuus! Upea \u00e4\u00e4ni, eritt\u00e4in musikaalinen s\u00e4vellys, voimakas sanoitus ja komeasti kasvava omaleimainen tuotanto tekev\u00e4t biisist\u00e4 hyv\u00e4n lis\u00e4n UMK26:n musiikilliseen kattaukseen. Artisti on yhdess\u00e4 tuottajan kanssa luonut ihan oman \u00e4\u00e4nimaailmansa kappaleeseen, jossa kuuluvat isojen kansainv\u00e4listen artistien vaikutteet mutta ihan omalla soundilla. T\u00e4m\u00e4 voisi olla vaikkapa ison budjetin elokuvan teemabiisi.<\/p>\n<p class=\"aw-1gybjub aw-1p7kakr kEtdKx cEmitX yle__article__paragraph\">Ready To Leave julkaistaan tiistaina 20.1. klo 00.00.<\/p>\n<p>Katso Sinikka Monten haastattelu artistijulkistustilaisuudestaAntti Paalanen \u2013 Takatukka<img decoding=\"async\" alt=\"Artisti Antti Paalanen hymyilee UMK-artistikuvassa. K\u00e4dess\u00e4\u00e4n Antilla on haitari.\" src=\"https:\/\/www.europesays.com\/fi\/wp-content\/uploads\/2026\/01\/39-158133769679abed2282.png\" loading=\"lazy\" class=\"aw-1l9m598 hKVVvP\"\/><\/p>\n<p>Avaa kuvien katselu<\/p>\n<p>Antti Paalanen kilpailee UMK:ssa kappaleellaan \u201dTakatukka\u201d. Kuva: Miska Voinoff \/ Yle<\/p>\n<p class=\"aw-1gybjub aw-1p7kakr kEtdKx cEmitX yle__article__paragraph\">Kokkolassa asuva, Alavudelta kotoisin oleva <strong class=\"aw-ak79eh KyCXm yle__article__strong\">Antti Paalanen<\/strong> on pelimanni, haitaristi ja kurkkulaulaja.<\/p>\n<p class=\"aw-1gybjub aw-1p7kakr kEtdKx cEmitX yle__article__paragraph\">Paalasen luottosoitin on diatoninen kaksirivinen haitari, jonka h\u00e4n nosti kainaloonsa jo 8-vuotiaana: sama instrumentti soi aikanaan my\u00f6s h\u00e4nen molempien isoisiens\u00e4 k\u00e4siss\u00e4.<\/p>\n<p class=\"aw-1gybjub aw-1p7kakr kEtdKx cEmitX yle__article__paragraph\">Paalasta kiehtoo ajatus siit\u00e4, ett\u00e4 sek\u00e4 etel\u00e4pohjalainen pelimanniperinne ett\u00e4 Mongoliasta juontuva kurkkulaulun traditio voivat istua luontevasti pop- ja rockmusiikin viitekehykseen.<\/p>\n<p class=\"aw-1gybjub aw-1p7kakr kEtdKx cEmitX yle__article__paragraph\">Nyt h\u00e4n aikoo tuoda sen suuren yleis\u00f6n tietoisuuteen.<\/p>\n<p class=\"aw-1gybjub aw-1p7kakr kEtdKx cEmitX yle__article__paragraph\">Paalasen tie vei lapsuudessa kansalaisopiston haitaripiireist\u00e4 rockb\u00e4ndeihin. Armeijan j\u00e4lkeen Paalanen aloitti opinnot Sibelius-Akatemian kansanmusiikin osastolla ja uppoutui traditioihin runonlaulusta improvisaatioon. Tohtoriopinnoissaan h\u00e4n s\u00e4velsi uutta musiikkia diatoniselle haitarille ja rakensi soolotaiteilijuuttaan m\u00e4\u00e4r\u00e4tietoisesti.<\/p>\n<p class=\"aw-1gybjub aw-1p7kakr kEtdKx cEmitX yle__article__paragraph\">Kansainv\u00e4linen l\u00e4pimurto tapahtui vuonna 2011 WOMEX-showcase-konsertissa K\u00f6\u00f6penhaminassa. Rujo-albumin (2019) julkaisu nosti Antin kansainv\u00e4lisen tunnettuuden uudelle tasolle, ja keikkoja on ollut eri puolilla Eurooppaa, USA:ssa, Japanissa ja etenkin Ranskassa.<\/p>\n<p class=\"aw-1gybjub aw-1p7kakr kEtdKx cEmitX yle__article__paragraph\">Paalasen tunnusmerkki laulajana on \u00f6rin\u00e4, joka pohjautuu kurkkulaulutekniikkaan. Kyseess\u00e4 on laulutapa, jolle on ominaista erityinen \u00e4\u00e4nenmuodostus kurkussa. Paalasen k\u00e4ytt\u00e4m\u00e4ll\u00e4 kargyraa-tekniikalla kurkkulaulaja saa aikaan syv\u00e4n, m\u00f6risev\u00e4n \u00e4\u00e4nen.<\/p>\n<p class=\"aw-1gybjub aw-1p7kakr kEtdKx cEmitX yle__article__paragraph\">\u2013 Aina kun alan laulamaan, niin m\u00e4 itse my\u00f6s rentoudun. Se on tosi terapeuttinen tapa laulaa, siin\u00e4 on jotain todella puhdistavaa ja henkist\u00e4, Paalanen kuvailee.<\/p>\n<p class=\"aw-1gybjub aw-1p7kakr kEtdKx cEmitX yle__article__paragraph\"><strong class=\"aw-ak79eh KyCXm yle__article__strong\">UMK26-raadin perustelut:<\/strong><\/p>\n<p class=\"aw-1gybjub aw-1p7kakr kEtdKx cEmitX yle__article__paragraph\">\u2013 Antti Paalanen on Eurooppaa kiert\u00e4nyt palkittu oman genrens\u00e4 rohkea uudistaja. Biisiss\u00e4 on nerokas lyyrinen koukku, johon kuka vaan voi l\u00e4hte\u00e4 mukaan. Antti on oman soittimensa suvereeni taitaja, ja h\u00e4nell\u00e4 on uniikki laulu\u00e4\u00e4ni, joka nappaa kuulijan heti mukaansa. Ja jos ajattelit, ett\u00e4 biisiss\u00e4 on varmasti k\u00e4ytetty lauluefektej\u00e4, olet v\u00e4\u00e4r\u00e4ss\u00e4. Antista itsest\u00e4\u00e4n l\u00e4htee tuollainen soundi, jonka h\u00e4n saa aikaan ikivanhalla kurkkulaulutekniikalla. T\u00e4llaista ei UMK:ssa ole ennen kuultu.<\/p>\n<p class=\"aw-1gybjub aw-1p7kakr kEtdKx cEmitX yle__article__paragraph\">Takatukka julkaistaan keskiviikkona 21.1. klo 00.00.<\/p>\n<p>Katso Antti Paalasen haastattelu artistijulkistustilaisuudestaCHACHI \u2013 Cherry Cake<img decoding=\"async\" alt=\"Chachi Hilden poseeraa UMK-artistikuvassa.\" src=\"https:\/\/www.europesays.com\/fi\/wp-content\/uploads\/2026\/01\/39-158134369679ac28d46e.png\" loading=\"lazy\" class=\"aw-1l9m598 hKVVvP\"\/><\/p>\n<p>Avaa kuvien katselu<\/p>\n<p>CHACHI kilpailee UMK:ssa kappaleellaan \u201dCherry Cake\u201d. Kuva: Miska Voinoff \/ Yle<\/p>\n<p class=\"aw-1gybjub aw-1p7kakr kEtdKx cEmitX yle__article__paragraph\"><strong class=\"aw-ak79eh KyCXm yle__article__strong\">CHACHI<\/strong>, oikealta nimelt\u00e4\u00e4n <strong class=\"aw-ak79eh KyCXm yle__article__strong\">Chachi Hild\u00e9n<\/strong>, kuvailee itse\u00e4\u00e4n meksikolais-amerikkalaiseksi perheihmiseksi ja esiintyj\u00e4ksi, joka on el\u00e4nyt koko el\u00e4m\u00e4ns\u00e4 musiikin ja tanssin keskell\u00e4.<\/p>\n<p class=\"aw-1gybjub aw-1p7kakr kEtdKx cEmitX yle__article__paragraph\">Chachi syntyi Houstonissa, Teksasissa ja oli perheen viidest\u00e4 lapsesta nuorin. Vaikean lapsuuden pelasti 4-vuotiaana aloitettu tanssiharrastus.<\/p>\n<p class=\"aw-1gybjub aw-1p7kakr kEtdKx cEmitX yle__article__paragraph\">\u2013 Kasvoin lapsuuteni ja teinivuoteni sellaisessa paikassa, jossa olin suurimman osan ajasta peloissani ja hukassa. Mutta tanssi piti minut j\u00e4rjiss\u00e4ni. Sen kautta pystyin sanomaan kaiken ilman sanoja, Chachi kertoo.<\/p>\n<p class=\"aw-1gybjub aw-1p7kakr kEtdKx cEmitX yle__article__paragraph\">Yhdeks\u00e4nvuotiaana baletti vaihtui hiphoppiin. Musiikkikanava MTV:ll\u00e4 esiintynyt <strong class=\"aw-ak79eh KyCXm yle__article__strong\">Michael Jackson<\/strong> ja R&amp;B tekiv\u00e4t nuoreen Chachin vaikutuksen.<\/p>\n<p class=\"aw-1gybjub aw-1p7kakr kEtdKx cEmitX yle__article__paragraph\">Chachin ura r\u00e4j\u00e4hti k\u00e4yntiin teini-i\u00e4ss\u00e4. H\u00e4n oli 15-vuotias, kun p\u00e4\u00e4tyi mukaan tanssiohjelmaan America\u2019s Best Dance Crew. Kyseess\u00e4 oli ensimm\u00e4inen kausi, johon alaik\u00e4iset saivat osallistua. Tiimi voitti koko kilpailun, ja Chachista tuli kilpailun nuorin voittaja.<\/p>\n<p class=\"aw-1gybjub aw-1p7kakr kEtdKx cEmitX yle__article__paragraph\">2010-luvun puoliv\u00e4liss\u00e4 ura laajeni my\u00f6s TV:hen ja n\u00e4yttelemiseen. H\u00e4nell\u00e4 oli oma realitysarja Chachi\u2019s World ja rooleja eri tuotannoissa.<\/p>\n<p class=\"aw-1gybjub aw-1p7kakr kEtdKx cEmitX yle__article__paragraph\">Vuonna 2017 Chachin el\u00e4m\u00e4 muuttui \u00e4kisti. H\u00e4n oli Perussa kuvaamassa Ultimate Expedition -sarjaa ja kiipe\u00e4m\u00e4ss\u00e4 yli viiden kilometrin korkuiselle Ishinca-vuorelle.<\/p>\n<p class=\"aw-1gybjub aw-1p7kakr kEtdKx cEmitX yle__article__paragraph\">Vuoren p\u00e4\u00e4ll\u00e4 Chachi l\u00f6ysi my\u00f6s rakkauden. Mukana oli nimitt\u00e4in my\u00f6s Duudsoneista tunnettu <strong class=\"aw-ak79eh KyCXm yle__article__strong\">Jukka Hild\u00e9n<\/strong>. Chachi kertoo, ett\u00e4 Jukan poikkeuksellinen lempeys ja valoisa olemus vetiv\u00e4t h\u00e4nt\u00e4 puoleensa.<\/p>\n<p class=\"aw-1gybjub aw-1p7kakr kEtdKx cEmitX yle__article__paragraph\">Rakkaus johti muuttoon toiselle puolelle maailmaa. Ensi kertaa h\u00e4n tunsi l\u00f6yt\u00e4neens\u00e4 paikan, jota voi rehellisesti kutsua kodiksi. Chachi kertoo omaksuneensa suomalaisen arjen niin syv\u00e4sti, ett\u00e4 pit\u00e4\u00e4 itse\u00e4\u00e4n suomalaisena.<\/p>\n<p class=\"aw-1gybjub aw-1p7kakr kEtdKx cEmitX yle__article__paragraph\">CHACHI laittoi perheen ja \u00e4itiyden vuosiksi etusijalle. Vuonna 2020 Chachi p\u00e4\u00e4tti kuitenkin osallistua Masked Singer Suomi -ohjelmaan. Ohjelma johti vuonna 2023 solmittuun levytyssopimukseen.<\/p>\n<p class=\"aw-1gybjub aw-1p7kakr kEtdKx cEmitX yle__article__paragraph\"><strong class=\"aw-ak79eh KyCXm yle__article__strong\">UMK26-raadin perustelut:<\/strong><\/p>\n<p class=\"aw-1gybjub aw-1p7kakr kEtdKx cEmitX yle__article__paragraph\">\u2013 Cherry Cake on t\u00e4m\u00e4n karismaattisen artistin ensimm\u00e4inen julkaisu. Huikea tanssib\u00e4ngeri, joka varmasti villitsee klubien tanssilattioita ymp\u00e4ri maailmaa t\u00e4n\u00e4 vuonna. Napakan biitin keskell\u00e4 on kuitenkin tyylik\u00e4s ja eritt\u00e4in musikaalinen s\u00e4vellys, jossa laulajan \u00e4\u00e4ni p\u00e4\u00e4see hyvin oikeuksiinsa. Biisin keskell\u00e4 oleva dance-break tulee varmasti olemaan iso momentti UMK-show\u2019ssa ja odotamme innolla mink\u00e4lainen kokonaisuus kappaleen ymp\u00e4rille rakentuu.<\/p>\n<p class=\"aw-1gybjub aw-1p7kakr kEtdKx cEmitX yle__article__paragraph\">Cherry Cake julkaistaan torstaina 22.1. klo 00.00.<\/p>\n<p>Katso Chachin haastattelu artistijulkistustilaisuudestaKIKI \u2013 Rakkaudenkipee<img decoding=\"async\" alt=\"Artisti Kiki poseeraa vakavana UMK-artistikuvassa.\" src=\"https:\/\/www.europesays.com\/fi\/wp-content\/uploads\/2026\/01\/39-158133869679abedb092.png\" loading=\"lazy\" class=\"aw-1l9m598 hKVVvP\"\/><\/p>\n<p>Avaa kuvien katselu<\/p>\n<p>KIKI kilpailee UMK:ssa kappaleellaan \u201dRakkaudenkipee\u201d. Kuva: Miska Voinoff \/ Yle<\/p>\n<p class=\"aw-1gybjub aw-1p7kakr kEtdKx cEmitX yle__article__paragraph\">UMK-kilpailija <strong class=\"aw-ak79eh KyCXm yle__article__strong\">KIKI<\/strong>, oikealta nimelt\u00e4\u00e4n <strong class=\"aw-ak79eh KyCXm yle__article__strong\">Petra Gavalas<\/strong>, rakentaa uransa kahden kulttuurin, herkkyyden ja vahvan oman sis\u00e4isen maailman varaan. KIKIn \u00e4iti on suomalainen, is\u00e4 kreikkalainen.<\/p>\n<p class=\"aw-1gybjub aw-1p7kakr kEtdKx cEmitX yle__article__paragraph\">Vaikka KIKIn musiikki tunnetaan dramaattisuudesta, sen ytimess\u00e4 on empatia ja halu saada kuulija tuntemaan olonsa v\u00e4hemm\u00e4n yksin\u00e4iseksi.<\/p>\n<p class=\"aw-1gybjub aw-1p7kakr kEtdKx cEmitX yle__article__paragraph\">\u2013 M\u00e4 toivon, ett\u00e4 mun musiikki her\u00e4tt\u00e4isi tunteita ja toisi ihmisille turvaa, KIKI kuvailee.<\/p>\n<p class=\"aw-1gybjub aw-1p7kakr kEtdKx cEmitX yle__article__paragraph\">Lapsuudessa kodin seinien l\u00e4pi soi vierekk\u00e4in pop ja rap. Pikkuveljen, rap-artisti <strong class=\"aw-ak79eh KyCXm yle__article__strong\">Lukas Leonin<\/strong>, huoneesta kuului hiphopia, KIKIn huoneesta poppia. Musiikki ja laulu olivat KIKIlle kanava tunteisiin heti varhaisista vuosista.<\/p>\n<p class=\"aw-1gybjub aw-1p7kakr kEtdKx cEmitX yle__article__paragraph\">Artistin polku alkoi toden teolla parikymppisen\u00e4, kun h\u00e4n tapasi veljens\u00e4 kautta tuottaja <strong class=\"aw-ak79eh KyCXm yle__article__strong\">Jimi P\u00e4\u00e4kallon<\/strong>. Kikin ensimm\u00e4inen single 666 julkaistiin syksyll\u00e4 2021. Biisi nousi hitiksi seuraavana vuonna ja h\u00e4net valittiin YleX:n l\u00e4pimurtoartistiksi.<\/p>\n<p class=\"aw-1gybjub aw-1p7kakr kEtdKx cEmitX yle__article__paragraph\">KIKI kuvailee artistimin\u00e4\u00e4ns\u00e4 kolmella sanalla: aito, tunteellinen ja dramaattinen.<br \/>H\u00e4nen musiikissaan yhdistyv\u00e4t suomalainen melankolia ja kreikkalainen tummuus.<\/p>\n<p class=\"aw-1gybjub aw-1p7kakr kEtdKx cEmitX yle__article__paragraph\">KIKI kuvailee itse\u00e4\u00e4n henkiseksi ihmiseksi, joka uskoo johonkin suurempaan. Siihen, ett\u00e4 asioilla on tarkoitus.<\/p>\n<p class=\"aw-1gybjub aw-1p7kakr kEtdKx cEmitX yle__article__paragraph\">Omat kokemukset ovat my\u00f6s muuttaneet artistin suhtautumisen manifestointiin.<\/p>\n<p class=\"aw-1gybjub aw-1p7kakr kEtdKx cEmitX yle__article__paragraph\">\u2013 UMK on mun onnistunein manifestointi. Sanoin itselleni vuoden ajan, ett\u00e4 m\u00e4 p\u00e4\u00e4sen mukaan. Itkin onnesta, kun sain tiet\u00e4\u00e4, ett\u00e4 mut on valittu kilpailijaksi.<\/p>\n<p class=\"aw-1gybjub aw-1p7kakr kEtdKx cEmitX yle__article__paragraph\"><strong class=\"aw-ak79eh KyCXm yle__article__strong\">UMK26-raadin perustelut:<\/strong><\/p>\n<p class=\"aw-1gybjub aw-1p7kakr kEtdKx cEmitX yle__article__paragraph\">\u2013 Kiki on ollut hyv\u00e4n aikaa kotimaisen popin yksi lupaavimpia artisteja, ja Rakkaudenkipee on h\u00e4nen t\u00e4h\u00e4nastisen uransa paras biisi. Dramaattinen teos kasvaa pienest\u00e4 ja herk\u00e4st\u00e4 kohti huimaa kliimaksia. Kolmeen minuuttiin on saatu mahtumaan perinteisesti toimivan UMK-biisin osaset, mutta niin ett\u00e4 s\u00e4vellyksen yll\u00e4tt\u00e4v\u00e4t k\u00e4\u00e4nteet antavat kappaleelle vahvan oman muodon. Artistin ilmaisuvoimainen \u00e4\u00e4ni p\u00e4\u00e4see biisiss\u00e4 todella oikeuksiinsa ja lopun ad lib -osuudet nostavat tempon ohella tunteet tappiin.<\/p>\n<p class=\"aw-1gybjub aw-1p7kakr kEtdKx cEmitX yle__article__paragraph\">Rakkaudenkipee julkaistaan perjantaina 23.1. klo 00.00.<\/p>\n<p>Katso Kikin haastattelu artistijulkistustilaisuudestaAmmattilaisraati ja yleis\u00f6raadit tekiv\u00e4t esivalinnan<\/p>\n<p class=\"aw-1gybjub aw-1p7kakr kEtdKx cEmitX yle__article__paragraph\">Kauden 2026 biisihaussa elokuussa 2025 UMK:hon l\u00e4hetettiin yhteens\u00e4 491 kappaletta. UMK26:ssa kisaavien artistien ja biisien valintaan osallistui YleX:n musiikkip\u00e4\u00e4llikk\u00f6 <strong class=\"aw-ak79eh KyCXm yle__article__strong\">Tapio Hakasen<\/strong> vet\u00e4m\u00e4n musiikkialan ammattilaisraadin lis\u00e4ksi my\u00f6s viisi yleis\u00f6raatia, joihin kutsuttiin monipuolinen joukko eri alojen edustajia.<\/p>\n<p class=\"aw-1gybjub aw-1p7kakr kEtdKx cEmitX yle__article__paragraph\">\u2013 T\u00e4st\u00e4 UMK-kaudesta on tulossa monella tavalla ainutlaatuinen, sill\u00e4 hakijaenn\u00e4tyksest\u00e4 valikoitunut kattaus ulottuu popista kansanmusiikin kautta danceen ja tanssilavojen iskelm\u00e4\u00e4n\u201d, UMK:n ammattilaisraadin puheenjohtaja <strong class=\"aw-ak79eh KyCXm yle__article__strong\">Tapio Hakanen<\/strong> kommentoi.<\/p>\n<p class=\"aw-1gybjub aw-1p7kakr kEtdKx cEmitX yle__article__paragraph\">\u2013 UMK:ssa biisi todella ratkaisee eli kisaamaan voi p\u00e4\u00e4st\u00e4 niin omakustanneartisti kuin kokenut legendakin. Olen todella innoissani siit\u00e4, ett\u00e4 t\u00e4n\u00e4 vuonna mukana on my\u00f6s useimmille suomalaisille t\u00e4ysin uusia artisteja ja osansa instrumenttipalettiin tuovat viulu, haitari, vihellys, herkk\u00e4 laulu, klubibassorumpu ja r\u00e4pp\u00e4ys, Hakanen jatkaa.<\/p>\n<p class=\"aw-1gybjub aw-1p7kakr kEtdKx cEmitX yle__article__paragraph\">Ammattilaisraatiin kuuluivat t\u00e4n\u00e4 vuonna Hakasen lis\u00e4ksi <strong class=\"aw-ak79eh KyCXm yle__article__strong\">Johan Lindroos<\/strong> (Radio Suomen musiikkip\u00e4\u00e4llikk\u00f6), <strong class=\"aw-ak79eh KyCXm yle__article__strong\">Amie Borgar<\/strong> (Svenska Ylen Yle Svenskan musiikkip\u00e4\u00e4llikk\u00f6), <strong class=\"aw-ak79eh KyCXm yle__article__strong\">Katri Norrlin<\/strong> (YleX:n musiikkitoimittaja), <strong class=\"aw-ak79eh KyCXm yle__article__strong\">Samuli V\u00e4\u00e4n\u00e4nen<\/strong> (Musiikkialan ammattilainen), <strong class=\"aw-ak79eh KyCXm yle__article__strong\">Pietu Sepponen<\/strong> (Sunborn Liven promoottori), <strong class=\"aw-ak79eh KyCXm yle__article__strong\">Jussi M\u00e4ntysaari<\/strong> (Nelonen Median musiikkip\u00e4\u00e4llikk\u00f6), <strong class=\"aw-ak79eh KyCXm yle__article__strong\">Stella Kyl\u00e4-Liuhala<\/strong> (Project Director, Ohlogy), <strong class=\"aw-ak79eh KyCXm yle__article__strong\">Aija Puurtinen<\/strong> (Sibelius-Akatemian lehtori ja UMK:n vocal coach).<\/p>\n<p class=\"aw-1gybjub aw-1p7kakr kEtdKx cEmitX yle__article__paragraph\">Uuden Musiikin Kilpailun voittaja valitaan 28.2.2026 Tampereen Nokia Arenan UMK26-show\u2019ssa. Suora l\u00e4hetys UMK:sta n\u00e4hd\u00e4\u00e4n ja kuullaan suorana Yle TV1:ss\u00e4, Yle Areenassa sek\u00e4 Ylen radiokanavilla. Voittaja selvi\u00e4\u00e4 laskemalla yleis\u00f6\u00e4\u00e4net ja kansainv\u00e4lisen raadin antamat pisteet yhteen: katsojien \u00e4\u00e4nten painoarvo on 75 % ja kansainv\u00e4lisen raadin 25 %.<\/p>\n<p class=\"aw-1gybjub aw-1p7kakr kEtdKx cEmitX yle__article__paragraph\">Saat tuoreimmat UMK-uutiset osoitteesta <a class=\"aw-iao6s4 iHOxEa yle__article__link\" href=\"https:\/\/yle.fi\/a\/yle.fi\/umk\" role=\"link\" rel=\"nofollow noopener\" target=\"_blank\">yle.fi\/umk<\/a>.<\/p>\n","protected":false},"excerpt":{"rendered":"Vuoden 2026 artistit ovat nyt julki. Artistit julkistettiin suorassa TV-l\u00e4hetyksess\u00e4 keskiviikkoiltana. Voit katsoa ohjelman my\u00f6s j\u00e4lkik\u00e4teen suomeksi t\u00e4st\u00e4&hellip;\n","protected":false},"author":2,"featured_media":142330,"comment_status":"","ping_status":"","sticky":false,"template":"","format":"standard","meta":{"footnotes":""},"categories":[130],"tags":[137,33,31,30,32,906,12646,109],"class_list":{"0":"post-142329","1":"post","2":"type-post","3":"status-publish","4":"format-standard","5":"has-post-thumbnail","7":"category-viihde","8":"tag-entertainment","9":"tag-fi","10":"tag-finland","11":"tag-finnish","12":"tag-suomi","13":"tag-umk","14":"tag-umk26","15":"tag-viihde"},"share_on_mastodon":{"url":"https:\/\/pubeurope.com\/@fi\/115895033096049737","error":""},"_links":{"self":[{"href":"https:\/\/www.europesays.com\/fi\/wp-json\/wp\/v2\/posts\/142329","targetHints":{"allow":["GET"]}}],"collection":[{"href":"https:\/\/www.europesays.com\/fi\/wp-json\/wp\/v2\/posts"}],"about":[{"href":"https:\/\/www.europesays.com\/fi\/wp-json\/wp\/v2\/types\/post"}],"author":[{"embeddable":true,"href":"https:\/\/www.europesays.com\/fi\/wp-json\/wp\/v2\/users\/2"}],"replies":[{"embeddable":true,"href":"https:\/\/www.europesays.com\/fi\/wp-json\/wp\/v2\/comments?post=142329"}],"version-history":[{"count":0,"href":"https:\/\/www.europesays.com\/fi\/wp-json\/wp\/v2\/posts\/142329\/revisions"}],"wp:featuredmedia":[{"embeddable":true,"href":"https:\/\/www.europesays.com\/fi\/wp-json\/wp\/v2\/media\/142330"}],"wp:attachment":[{"href":"https:\/\/www.europesays.com\/fi\/wp-json\/wp\/v2\/media?parent=142329"}],"wp:term":[{"taxonomy":"category","embeddable":true,"href":"https:\/\/www.europesays.com\/fi\/wp-json\/wp\/v2\/categories?post=142329"},{"taxonomy":"post_tag","embeddable":true,"href":"https:\/\/www.europesays.com\/fi\/wp-json\/wp\/v2\/tags?post=142329"}],"curies":[{"name":"wp","href":"https:\/\/api.w.org\/{rel}","templated":true}]}}