{"id":14233,"date":"2025-08-23T16:37:07","date_gmt":"2025-08-23T16:37:07","guid":{"rendered":"https:\/\/www.europesays.com\/fi\/14233\/"},"modified":"2025-08-23T16:37:07","modified_gmt":"2025-08-23T16:37:07","slug":"leena-lehtolaisen-suhde-kustantaja-tammeen-tayttaa-pian-50-vuotta","status":"publish","type":"post","link":"https:\/\/www.europesays.com\/fi\/14233\/","title":{"rendered":"Leena Lehtolaisen suhde kustantaja Tammeen t\u00e4ytt\u00e4\u00e4 pian 50 vuotta"},"content":{"rendered":"<p>Kommentti|Leena Lehtolaisen suhde Tammeen t\u00e4ytt\u00e4\u00e4 pian 50 vuotta, mutta enn\u00e4tys se ei ole.<\/p>\n<p>Lue tiivistelm\u00e4<\/p>\n<p>Tiivistelm\u00e4 on teko\u00e4lyn tekem\u00e4 ja ihmisen tarkistama.<\/p>\n<p class=\"article-body margin-bottom-24 padding-x-16 sndp-summary-bullet-point-font\">Leena Lehtolaisen suhde kustantaja Tammeen t\u00e4ytt\u00e4\u00e4 pian 50 vuotta, kirjoittaa toimittaja Antti Majander.<\/p>\n<p class=\"article-body margin-bottom-24 padding-x-16 sndp-summary-bullet-point-font\">Pitk\u00e4aikaiset kustantamosuhteet ovat harvinaisia kirjailijoiden ja kustantajien kesken.<\/p>\n<p class=\"article-body margin-bottom-24 padding-x-16 sndp-summary-bullet-point-font\">Kustannusmaailmassa kirjailijat vaihtavat nyky\u00e4\u00e4n helposti kustantajaa.<\/p>\n<p class=\"article-body margin-bottom-24 padding-x-16 sndp-summary-bullet-point-font\">Pitk\u00e4 suhde her\u00e4tt\u00e4\u00e4 kunnioitusta, Majander kirjoittaa.<\/p>\n<p class=\"article-body margin-bottom-24 padding-x-16\">Kev\u00e4\u00e4ll\u00e4 1976 <a class=\"article-personlink\" href=\"https:\/\/www.hs.fi\/haku\/?query=Leena%20Vesanto\" rel=\"nofollow noopener\" target=\"_blank\">Leena Vesanto<\/a> julkaisi nuortenkirjan Ja \u00e4kki\u00e4 onkin toukokuu. H\u00e4n oli 12-vuotias.<\/p>\n<p class=\"article-body margin-bottom-24 padding-x-16\">Sittemmin Vesanto vaihtui <a class=\"article-personlink\" href=\"https:\/\/www.hs.fi\/haku\/?query=Lehtolaiseksi\" rel=\"nofollow noopener\" target=\"_blank\">Lehtolaiseksi<\/a>. Teoksia on tullut l\u00e4hemm\u00e4s 40 lis\u00e4\u00e4. Kustantaja on paria teosta lukuun ottamatta ollut koko ajan Tammi, mik\u00e4 tarkoittaa sit\u00e4, ett\u00e4 yhteisty\u00f6 t\u00e4ytt\u00e4\u00e4 pian 50 vuotta.<\/p>\n<p class=\"article-body margin-bottom-24 padding-x-16\">Se hipoo pituus\u00adenn\u00e4tyst\u00e4 kirja-alalla.<\/p>\n<p class=\"article-body margin-bottom-24 padding-x-16\">Kaikkiaan 32 teosta julkaissut <a class=\"article-personlink\" href=\"https:\/\/www.hs.fi\/haku\/?query=Heikki%20Turunen\" rel=\"nofollow noopener\" target=\"_blank\">Heikki Turunen<\/a> aloitti aikuisena vuonna 1973 romaanilla Simpauttaja ja on pysynyt koko ajan WSOY:n kirjailijana. Lokakuussa l\u00e4m\u00e4ht\u00e4\u00e4 yksi opus lis\u00e4\u00e4: Kuikan vuosi. No, yhdess\u00e4 valokuvaajan kanssa tehty Lieksa: Er\u00e4maakaupunki (1981) lipsahti Otavan puolelle.<\/p>\n<p class=\"article-body margin-bottom-24 padding-x-16\">Dekkaristeista ikuisesti otavalaiseksi mielletty <a class=\"article-personlink\" href=\"https:\/\/www.hs.fi\/haku\/?query=Outi%20Pakkanen\" rel=\"nofollow noopener\" target=\"_blank\">Outi Pakkanen<\/a> aloitti niin ik\u00e4\u00e4n 1973, mutta h\u00e4n aloitti Weilin+G\u00f6\u00f6sill\u00e4 ja on julkaissut my\u00f6s CrimeTimen listoilta.<\/p>\n<blockquote class=\"citation\">\n<p>\u201d<\/p>\n<p>On siin\u00e4 t\u00e4ytynyt puolin ja toisin kest\u00e4\u00e4&#8230; kaikenlaista.<\/p>\n<\/blockquote>\n<p class=\"article-body margin-bottom-24 padding-x-16\">Kaikkein pisimm\u00e4ksi kustantamosuhteeksi sihtailen kuitenkin <a class=\"article-personlink\" href=\"https:\/\/www.hs.fi\/haku\/?query=Antti%20Tuurin\" rel=\"nofollow noopener\" target=\"_blank\">Antti Tuurin<\/a> ja Otavan liiton. Se alkoi jo teekkari\u00adopiskelijan vuonna 1971, on tuottanut yli 50 teosta ja jatkuu yh\u00e4. Tilaust\u00f6it\u00e4 Tuurin tekstitykki on toki ampunut reippaasti muillekin tuotantolinjoille.<\/p>\n<p class=\"article-body margin-bottom-24 padding-x-16\">Per\u00e4ti 54 vuoden aikana v\u00e4ki on vaihtunut Uudenmaankadun konttorilla, moneenkin kertaan, mutta Tuuri pysyy julkaisu\u00adkatalogin kalustossa. Syyskuussa yhteens\u00e4 reilun 80 kirjan mies purjehtii Helsingist\u00e4 Reykjavikiin teoksessaan Haukka seitsem\u00e4ll\u00e4 merell\u00e4.<\/p>\n<p class=\"article-body margin-bottom-24 padding-x-16\">Pitk\u00e4 suhde her\u00e4tt\u00e4\u00e4 aina kunnioitusta. On siin\u00e4 t\u00e4ytynyt puolin ja toisin kest\u00e4\u00e4&#8230; kaikenlaista.<\/p>\n<p class=\"article-body margin-bottom-24 padding-x-16\">Kirjallisuusmaailmassa sellaisia tuskin en\u00e4\u00e4 edes yritet\u00e4\u00e4n. Kirjailijat vaihtavat sinne, miss\u00e4 heit\u00e4 ymm\u00e4rret\u00e4\u00e4n, sik\u00e4li kuin ymm\u00e4rt\u00e4j\u00e4 jostain l\u00f6ytyy.<\/p>\n<p class=\"article-body margin-bottom-24 padding-x-16\">Kustantajat puolestaan eiv\u00e4t en\u00e4\u00e4 katso velvollisuudekseen laittaa painokoneeseen ihan kaikkea, mit\u00e4 kirjailijan koneesta irtoaa. Ellei sitten tuotannon taso kest\u00e4 ja menekki pysy.<\/p>\n<p class=\"article-body margin-bottom-24 padding-x-16\">Lasten- ja nuortenkirjallisuuden puolella yhteist\u00e4, tuotteliasta ikik\u00f6ytt\u00e4 kustantajan (Otava) kanssa vet\u00e4v\u00e4t yh\u00e4 esimerkiksi <a class=\"article-personlink\" href=\"https:\/\/www.hs.fi\/haku\/?query=Mauri%20Kunnas\" rel=\"nofollow noopener\" target=\"_blank\">Mauri Kunnas<\/a> ja my\u00f6s aikuisille kirjoittava <a class=\"article-personlink\" href=\"https:\/\/www.hs.fi\/haku\/?query=Tuija%20Lehtinen\" rel=\"nofollow noopener\" target=\"_blank\">Tuija Lehtinen<\/a>. Kunnas aloitti vuonna 1979, Lehtinen 1984.<\/p>\n<p class=\"article-body margin-bottom-24 padding-x-16\">Tammen aarteena vuonna 1989 aloittaneen <a class=\"article-personlink\" href=\"https:\/\/www.hs.fi\/haku\/?query=Timo%20Parvelan\" rel=\"nofollow noopener\" target=\"_blank\">Timo Parvelan<\/a> luettelosta n\u00e4emm\u00e4 l\u00f6ytyy puolen tusinan teoksen mittainen syrj\u00e4hyppy toisaalle vuosituhannen vaihteen tienoilla.<\/p>\n<p class=\"article-body margin-bottom-24 padding-x-16\">On niit\u00e4kin, joiden mieless\u00e4 syksy kypsyy aina vasta <a class=\"article-personlink\" href=\"https:\/\/www.hs.fi\/haku\/?query=Ilkka%20Remeksen\" rel=\"nofollow noopener\" target=\"_blank\">Ilkka Remeksen<\/a> ja WSOY:n yhteisen hedelm\u00e4n my\u00f6t\u00e4.<\/p>\n<p class=\"article-body margin-bottom-24 padding-x-16\">Vaan kannattaako tuosta nyt rumpua ly\u00f6d\u00e4: suhdehan solmittiin niinkin my\u00f6h\u00e4\u00e4n kuin vuonna 1997.<\/p>\n","protected":false},"excerpt":{"rendered":"Kommentti|Leena Lehtolaisen suhde Tammeen t\u00e4ytt\u00e4\u00e4 pian 50 vuotta, mutta enn\u00e4tys se ei ole. Lue tiivistelm\u00e4 Tiivistelm\u00e4 on teko\u00e4lyn&hellip;\n","protected":false},"author":2,"featured_media":14234,"comment_status":"","ping_status":"","sticky":false,"template":"","format":"standard","meta":{"footnotes":""},"categories":[134],"tags":[377,137,33,31,30,46,378,32,109],"class_list":{"0":"post-14233","1":"post","2":"type-post","3":"status-publish","4":"format-standard","5":"has-post-thumbnail","7":"category-kirjat","8":"tag-books","9":"tag-entertainment","10":"tag-fi","11":"tag-finland","12":"tag-finnish","13":"tag-helsingin-sanomat","14":"tag-kirjat","15":"tag-suomi","16":"tag-viihde"},"share_on_mastodon":{"url":"","error":""},"_links":{"self":[{"href":"https:\/\/www.europesays.com\/fi\/wp-json\/wp\/v2\/posts\/14233","targetHints":{"allow":["GET"]}}],"collection":[{"href":"https:\/\/www.europesays.com\/fi\/wp-json\/wp\/v2\/posts"}],"about":[{"href":"https:\/\/www.europesays.com\/fi\/wp-json\/wp\/v2\/types\/post"}],"author":[{"embeddable":true,"href":"https:\/\/www.europesays.com\/fi\/wp-json\/wp\/v2\/users\/2"}],"replies":[{"embeddable":true,"href":"https:\/\/www.europesays.com\/fi\/wp-json\/wp\/v2\/comments?post=14233"}],"version-history":[{"count":0,"href":"https:\/\/www.europesays.com\/fi\/wp-json\/wp\/v2\/posts\/14233\/revisions"}],"wp:featuredmedia":[{"embeddable":true,"href":"https:\/\/www.europesays.com\/fi\/wp-json\/wp\/v2\/media\/14234"}],"wp:attachment":[{"href":"https:\/\/www.europesays.com\/fi\/wp-json\/wp\/v2\/media?parent=14233"}],"wp:term":[{"taxonomy":"category","embeddable":true,"href":"https:\/\/www.europesays.com\/fi\/wp-json\/wp\/v2\/categories?post=14233"},{"taxonomy":"post_tag","embeddable":true,"href":"https:\/\/www.europesays.com\/fi\/wp-json\/wp\/v2\/tags?post=14233"}],"curies":[{"name":"wp","href":"https:\/\/api.w.org\/{rel}","templated":true}]}}